{"id":126651,"date":"2025-07-01T12:00:00","date_gmt":"2025-07-01T15:00:00","guid":{"rendered":"https:\/\/www.fitnessbrasil.com.br\/?p=126651"},"modified":"2025-11-18T18:36:44","modified_gmt":"2025-11-18T21:36:44","slug":"voce-esta-resolvendo-o-problema-certo-ou-so-tapando-buracos-que-vao-abrir-de-novo-amanha","status":"publish","type":"post","link":"https:\/\/www.fitnessbrasil.com.br\/es\/newsfitbr\/voce-esta-resolvendo-o-problema-certo-ou-so-tapando-buracos-que-vao-abrir-de-novo-amanha\/","title":{"rendered":"Voc\u00ea est\u00e1 resolvendo o problema certo \u2014 ou s\u00f3 tapando buracos que v\u00e3o abrir de novo amanh\u00e3?"},"content":{"rendered":"<p>Antes de investir em solu\u00e7\u00f5es imediatistas, vale parar e refletir: a raiz dos seus problemas pode estar na falta de um posicionamento claro e estrat\u00e9gico de marca<\/p>\n<p><!--more--><\/p>\n<p>Por Jo\u00e3o Riva, colunista Fitness Brasil<br \/>1\/7\/2025<\/p>\n<p><strong>O mercado n\u00e3o est\u00e1 f\u00e1cil para ningu\u00e9m. Essa \u00e9 a mais pura verdade.<\/strong> E, se algu\u00e9m disser o contr\u00e1rio, que est\u00e1 tudo fluindo \u00e0s mil maravilhas, desconfie. Pode apostar: todo mundo est\u00e1 enfrentando algum desafio dentro do pr\u00f3prio neg\u00f3cio. Alguns maiores, outros menores. Mas <strong>todos, sem exce\u00e7\u00e3o, est\u00e3o tentando encontrar o caminho no meio aos seus problemas.<\/strong><\/p>\n<p><a href=\"https:\/\/www.fitnessbrasil.com.br\/es\/fitnessbrasilexpo2025-home\/\"><strong>+ Fitness Brasil Expo: fa\u00e7a parte do maior evento de fitness, sa\u00fade e bem-estar da Am\u00e9rica Latina<\/strong><\/a><br \/><a href=\"https:\/\/marketing.fitnessbrasil.com.br\/panorama-setorial-2024-pt\"><strong>+ Conhe\u00e7a e baixe gratuitamente o Panorama Setorial Fitness Brasil 2024<\/strong><\/a><br \/><a href=\"https:\/\/www.instagram.com\/fitnessbrasil_oficial\/\"><strong>+ Siga a Fitness Brasil no Instagram<\/strong><\/a><\/p>\n<p>Voc\u00ea pode estar sofrendo com um concorrente novo que acabou de abrir na rua de cima. Ou com a sua equipe, que n\u00e3o est\u00e1 entregando o n\u00edvel de atendimento que o seu p\u00fablico merece. <strong>Pode ser que seus alunos n\u00e3o estejam compreendendo a proposta do seu espa\u00e7o. <\/strong>Ou que a sua taxa de reten\u00e7\u00e3o esteja baixa, os leads n\u00e3o estejam qualificados ou, pior ainda, nem estejam chegando.<\/p>\n<figure class=\"wp-block-image size-large\"><a href=\"https:\/\/www.fitnessbrasil.com.br\/wp-content\/uploads\/2025\/06\/brand-AdobeStock_474544355.jpg\"><img decoding=\"async\" width=\"1206\" height=\"800\" data-src=\"https:\/\/www.fitnessbrasil.com.br\/wp-content\/uploads\/2025\/06\/brand-AdobeStock_474544355-1206x800.jpg\" alt=\"\" class=\"wp-image-126652 lazyload\" data-srcset=\"https:\/\/www.fitnessbrasil.com.br\/wp-content\/uploads\/2025\/06\/brand-AdobeStock_474544355-1206x800.jpg 1206w, https:\/\/www.fitnessbrasil.com.br\/wp-content\/uploads\/2025\/06\/brand-AdobeStock_474544355-603x400.jpg 603w, https:\/\/www.fitnessbrasil.com.br\/wp-content\/uploads\/2025\/06\/brand-AdobeStock_474544355-768x509.jpg 768w, https:\/\/www.fitnessbrasil.com.br\/wp-content\/uploads\/2025\/06\/brand-AdobeStock_474544355-18x12.jpg 18w, https:\/\/www.fitnessbrasil.com.br\/wp-content\/uploads\/2025\/06\/brand-AdobeStock_474544355-510x338.jpg 510w, https:\/\/www.fitnessbrasil.com.br\/wp-content\/uploads\/2025\/06\/brand-AdobeStock_474544355.jpg 1396w\" data-sizes=\"(max-width: 1206px) 100vw, 1206px\" src=\"data:image\/svg+xml;base64,PHN2ZyB3aWR0aD0iMSIgaGVpZ2h0PSIxIiB4bWxucz0iaHR0cDovL3d3dy53My5vcmcvMjAwMC9zdmciPjwvc3ZnPg==\" style=\"--smush-placeholder-width: 1206px; --smush-placeholder-aspect-ratio: 1206\/800;\" \/><\/a><\/figure>\n<p>O fato \u00e9 que nenhum desses problemas \u00e9 exclusivo seu. Seu concorrente tamb\u00e9m est\u00e1 lutando com algo<strong>.<\/strong> E, <strong>quase sempre, as solu\u00e7\u00f5es que buscamos s\u00e3o pontuais, emergenciais, quase sempre paliativas.<\/strong> A gente corre para treinar a equipe porque o atendimento piorou. Lan\u00e7a uma nova campanha porque precisa de mais leads. Entra em p\u00e2nico quando precisa contratar professores e n\u00e3o encontra ningu\u00e9m com o perfil ideal. E assim seguimos: apagando inc\u00eandios.<\/p>\n<p><strong>Mas, em algum momento, \u00e9 preciso parar. Respirar. E olhar para uma das raizes de todos os problemas: a for\u00e7a da sua marca.<\/strong><\/p>\n<p><strong>Esse \u00e9 o ponto central da minha estreia aqui nesta coluna. <\/strong>Um convite (ou melhor, um alerta) para que voc\u00ea tire os olhos, por um instante, das dores imediatas do dia a dia e <strong>volte para o essencial. Para a base de tudo: o branding.<\/strong><\/p>\n<p><strong>Branding n\u00e3o \u00e9 s\u00f3 ter um logo bonito. \u00c9 sobre estrat\u00e9gia. \u00c9 sobre definir a promessa que a sua marca faz ao mundo.<\/strong> A personalidade que ela tem. O tom de voz que ela usa para se comunicar. Os pilares que sustentam sua reputa\u00e7\u00e3o. Os territ\u00f3rios de conte\u00fado onde ela pode e deve atuar. \u00c9 sobre deixar claro por que o seu espa\u00e7o existe e o que ele entrega de valor.<\/p>\n<p><strong>Leia tamb\u00e9m<br \/><a href=\"https:\/\/www.fitnessbrasil.com.br\/es\/newsfitbr\/nike-studios-marca-lanca-rede-de-academias-premium-com-foco-em-experiencia-e-comunidade\/\">Nike Studios: marca lan\u00e7a rede de academias premium com foco em experi\u00eancia e comunidade<\/a><br \/><a href=\"https:\/\/www.fitnessbrasil.com.br\/es\/newsfitbr\/conexao-que-move-o-mercado-o-encontro-da-fitness-brasil-e-a-contagem-regressiva-para-a-maior-expo-fitness-da-america-latina\/\">Conex\u00e3o que move o mercado: o encontro da Fitness Brasil e a contagem regressiva para a expo <\/a><\/strong><\/p>\n<p><strong>Toda marca forte nasce de um posicionamento estrat\u00e9gico claro. <\/strong>N\u00e3o \u00e9 \u00e0 toa que os grandes grupos do setor, antes mesmo de abrirem suas portas, investem tempo e energia nisso. Definem sua identidade, estudam seu p\u00fablico, organizam seus discursos. S\u00f3 depois contratam consultores de vendas e professores. S\u00f3 depois abrem as portas.<\/p>\n<p><strong>E voc\u00ea, est\u00e1 fazendo isso?<\/strong><\/p>\n<p>Se ainda n\u00e3o, meu conselho \u00e9 direto: pare tudo. <strong>Tire um dia da semana, pode ser uma sexta-feira ou o momento mais calmo da sua agenda, e se dedique a pensar na sua marca. <\/strong>N\u00e3o precisa ser complexo. <strong>Comece com o b\u00e1sico. <\/strong>Existem cursos online, gratuitos e pagos, sobre branding. Existe conte\u00fado de sobra na internet. E, claro, voc\u00ea pode buscar uma ag\u00eancia ou um consultor especializado.<\/p>\n<p><strong>Mas o que voc\u00ea n\u00e3o pode \u00e9 ignorar o fato de que uma marca forte d\u00e1 dinheiro. <\/strong>Ela atrai mais p\u00fablico, fideliza mais alunos, motiva melhor a equipe e diferencia o seu neg\u00f3cio em qualquer cen\u00e1rio. <strong>Marca forte enfrenta menos crise. Menos rotatividade. Menos desconfian\u00e7a.<\/strong><\/p>\n<p>Quer menos problemas no seu neg\u00f3cio? <strong>Comece cuidando da sua marca.<\/strong><\/p>\n<p class=\"has-small-font-size\"><em>Jo\u00e3o Riva \u00e9 publicit\u00e1rio, mestre em Comunica\u00e7\u00e3o Contempor\u00e2nea (C\u00e1sper L\u00edbero) e p\u00f3s-graduado em Comunica\u00e7\u00e3o para o Mercado (ESPM), \u00e9 professor de MBA e p\u00f3s-gradua\u00e7\u00e3o em institui\u00e7\u00f5es de destaque no Brasil, como a FIA\/USP. Diretor-geral da Duovozz, ag\u00eancia de marketing, branding e vendas com atua\u00e7\u00e3o nacional e internacional, lidera projetos premiados para grandes marcas. Especialista em branding, pesquisa de mercado, estrat\u00e9gia comercial e conte\u00fado on e off-line, tamb\u00e9m \u00e9 host de podcasts de refer\u00eancia \u2014 incluindo o Commerce Connections On Air, do Google \u2014 e coautor de dois livros de marketing. Como palestrante, j\u00e1 impactou centenas de empresas e institui\u00e7\u00f5es em todo o pa\u00eds, trazendo uma abordagem pr\u00e1tica e estrat\u00e9gica para o crescimento e diferencia\u00e7\u00e3o de marcas e profissionais. Foi reconhecido como Melhor Profissional de Branding pelo Pr\u00eamio ABC da Comunica\u00e7\u00e3o e como Melhor Profissional de BI e Estrat\u00e9gia pelo Promoview.<\/em><em><\/em><\/p><\/p>","protected":false},"excerpt":{"rendered":"<p>Antes de investir em solu\u00e7\u00f5es imediatistas, vale parar e refletir: a raiz dos seus problemas pode estar na falta de um posicionamento claro e estrat\u00e9gico de marca<\/p>","protected":false},"author":1585,"featured_media":126652,"comment_status":"open","ping_status":"open","sticky":false,"template":"","format":"standard","meta":{"_acf_changed":false,"footnotes":""},"categories":[74,430,311,70],"tags":[],"post_folder":[],"class_list":["post-126651","post","type-post","status-publish","format-standard","has-post-thumbnail","hentry","category-colunistas","category-destaques","category-joaoriva","category-noticias"],"acf":[],"yoast_head":"<!-- This site is optimized with the Yoast SEO plugin v27.4 - https:\/\/yoast.com\/product\/yoast-seo-wordpress\/ -->\n<title>Voc\u00ea est\u00e1 resolvendo o problema certo \u2014 ou s\u00f3 tapando buracos que v\u00e3o abrir de novo amanh\u00e3? - Fitness Brasil<\/title>\n<meta name=\"description\" content=\"Antes de investir em solu\u00e7\u00f5es imediatistas, vale parar e refletir: a raiz dos seus problemas pode estar na falta de um posicionamento claro\" \/>\n<meta name=\"robots\" content=\"index, follow, max-snippet:-1, max-image-preview:large, max-video-preview:-1\" \/>\n<link rel=\"canonical\" href=\"https:\/\/www.fitnessbrasil.com.br\/es\/newsfitbr\/voce-esta-resolvendo-o-problema-certo-ou-so-tapando-buracos-que-vao-abrir-de-novo-amanha\/\" \/>\n<meta property=\"og:locale\" content=\"es_ES\" \/>\n<meta property=\"og:type\" content=\"article\" \/>\n<meta property=\"og:title\" content=\"Voc\u00ea est\u00e1 resolvendo o problema certo \u2014 ou s\u00f3 tapando buracos que v\u00e3o abrir de novo amanh\u00e3? - Fitness Brasil\" \/>\n<meta property=\"og:description\" content=\"Antes de investir em solu\u00e7\u00f5es imediatistas, vale parar e refletir: a raiz dos seus problemas pode estar na falta de um posicionamento claro\" \/>\n<meta property=\"og:url\" content=\"https:\/\/www.fitnessbrasil.com.br\/es\/newsfitbr\/voce-esta-resolvendo-o-problema-certo-ou-so-tapando-buracos-que-vao-abrir-de-novo-amanha\/\" \/>\n<meta property=\"og:site_name\" content=\"Fitness Brasil\" \/>\n<meta property=\"article:published_time\" content=\"2025-07-01T15:00:00+00:00\" \/>\n<meta property=\"article:modified_time\" content=\"2025-11-18T21:36:44+00:00\" \/>\n<meta property=\"og:image\" content=\"https:\/\/www.fitnessbrasil.com.br\/wp-content\/uploads\/2025\/06\/brand-AdobeStock_474544355.jpg\" \/>\n\t<meta property=\"og:image:width\" content=\"1396\" \/>\n\t<meta property=\"og:image:height\" content=\"926\" \/>\n\t<meta property=\"og:image:type\" content=\"image\/jpeg\" \/>\n<meta name=\"author\" content=\"Jo\u00e3o Riva\" \/>\n<meta name=\"twitter:card\" content=\"summary_large_image\" \/>\n<meta name=\"twitter:label1\" content=\"Escrito por\" \/>\n\t<meta name=\"twitter:data1\" content=\"Jo\u00e3o Riva\" \/>\n\t<meta name=\"twitter:label2\" content=\"Tiempo de lectura\" \/>\n\t<meta name=\"twitter:data2\" content=\"5 minutos\" \/>\n<script type=\"application\/ld+json\" class=\"yoast-schema-graph\">{\"@context\":\"https:\\\/\\\/schema.org\",\"@graph\":[{\"@type\":\"Article\",\"@id\":\"https:\\\/\\\/www.fitnessbrasil.com.br\\\/newsfitbr\\\/voce-esta-resolvendo-o-problema-certo-ou-so-tapando-buracos-que-vao-abrir-de-novo-amanha\\\/#article\",\"isPartOf\":{\"@id\":\"https:\\\/\\\/www.fitnessbrasil.com.br\\\/newsfitbr\\\/voce-esta-resolvendo-o-problema-certo-ou-so-tapando-buracos-que-vao-abrir-de-novo-amanha\\\/\"},\"author\":{\"name\":\"Jo\u00e3o Riva\",\"@id\":\"https:\\\/\\\/www.fitnessbrasil.com.br\\\/#\\\/schema\\\/person\\\/f69050a1d219afd0db7d14728ed7ecaa\"},\"headline\":\"Voc\u00ea est\u00e1 resolvendo o problema certo \u2014 ou s\u00f3 tapando buracos que v\u00e3o abrir de novo amanh\u00e3?\",\"datePublished\":\"2025-07-01T15:00:00+00:00\",\"dateModified\":\"2025-11-18T21:36:44+00:00\",\"mainEntityOfPage\":{\"@id\":\"https:\\\/\\\/www.fitnessbrasil.com.br\\\/newsfitbr\\\/voce-esta-resolvendo-o-problema-certo-ou-so-tapando-buracos-que-vao-abrir-de-novo-amanha\\\/\"},\"wordCount\":831,\"commentCount\":0,\"publisher\":{\"@id\":\"https:\\\/\\\/www.fitnessbrasil.com.br\\\/#organization\"},\"image\":{\"@id\":\"https:\\\/\\\/www.fitnessbrasil.com.br\\\/newsfitbr\\\/voce-esta-resolvendo-o-problema-certo-ou-so-tapando-buracos-que-vao-abrir-de-novo-amanha\\\/#primaryimage\"},\"thumbnailUrl\":\"https:\\\/\\\/www.fitnessbrasil.com.br\\\/wp-content\\\/uploads\\\/2025\\\/06\\\/brand-AdobeStock_474544355.jpg\",\"articleSection\":[\"Colunistas\",\"Destaques\",\"Jo\u00e3o Riva\",\"Not\u00edcias\"],\"inLanguage\":\"es\",\"potentialAction\":[{\"@type\":\"CommentAction\",\"name\":\"Comment\",\"target\":[\"https:\\\/\\\/www.fitnessbrasil.com.br\\\/newsfitbr\\\/voce-esta-resolvendo-o-problema-certo-ou-so-tapando-buracos-que-vao-abrir-de-novo-amanha\\\/#respond\"]}]},{\"@type\":\"WebPage\",\"@id\":\"https:\\\/\\\/www.fitnessbrasil.com.br\\\/newsfitbr\\\/voce-esta-resolvendo-o-problema-certo-ou-so-tapando-buracos-que-vao-abrir-de-novo-amanha\\\/\",\"url\":\"https:\\\/\\\/www.fitnessbrasil.com.br\\\/newsfitbr\\\/voce-esta-resolvendo-o-problema-certo-ou-so-tapando-buracos-que-vao-abrir-de-novo-amanha\\\/\",\"name\":\"Voc\u00ea est\u00e1 resolvendo o problema certo \u2014 ou s\u00f3 tapando buracos que v\u00e3o abrir de novo amanh\u00e3? - Fitness Brasil\",\"isPartOf\":{\"@id\":\"https:\\\/\\\/www.fitnessbrasil.com.br\\\/#website\"},\"primaryImageOfPage\":{\"@id\":\"https:\\\/\\\/www.fitnessbrasil.com.br\\\/newsfitbr\\\/voce-esta-resolvendo-o-problema-certo-ou-so-tapando-buracos-que-vao-abrir-de-novo-amanha\\\/#primaryimage\"},\"image\":{\"@id\":\"https:\\\/\\\/www.fitnessbrasil.com.br\\\/newsfitbr\\\/voce-esta-resolvendo-o-problema-certo-ou-so-tapando-buracos-que-vao-abrir-de-novo-amanha\\\/#primaryimage\"},\"thumbnailUrl\":\"https:\\\/\\\/www.fitnessbrasil.com.br\\\/wp-content\\\/uploads\\\/2025\\\/06\\\/brand-AdobeStock_474544355.jpg\",\"datePublished\":\"2025-07-01T15:00:00+00:00\",\"dateModified\":\"2025-11-18T21:36:44+00:00\",\"description\":\"Antes de investir em solu\u00e7\u00f5es imediatistas, vale parar e refletir: a raiz dos seus problemas pode estar na falta de um posicionamento claro\",\"breadcrumb\":{\"@id\":\"https:\\\/\\\/www.fitnessbrasil.com.br\\\/newsfitbr\\\/voce-esta-resolvendo-o-problema-certo-ou-so-tapando-buracos-que-vao-abrir-de-novo-amanha\\\/#breadcrumb\"},\"inLanguage\":\"es\",\"potentialAction\":[{\"@type\":\"ReadAction\",\"target\":[\"https:\\\/\\\/www.fitnessbrasil.com.br\\\/newsfitbr\\\/voce-esta-resolvendo-o-problema-certo-ou-so-tapando-buracos-que-vao-abrir-de-novo-amanha\\\/\"]}]},{\"@type\":\"ImageObject\",\"inLanguage\":\"es\",\"@id\":\"https:\\\/\\\/www.fitnessbrasil.com.br\\\/newsfitbr\\\/voce-esta-resolvendo-o-problema-certo-ou-so-tapando-buracos-que-vao-abrir-de-novo-amanha\\\/#primaryimage\",\"url\":\"https:\\\/\\\/www.fitnessbrasil.com.br\\\/wp-content\\\/uploads\\\/2025\\\/06\\\/brand-AdobeStock_474544355.jpg\",\"contentUrl\":\"https:\\\/\\\/www.fitnessbrasil.com.br\\\/wp-content\\\/uploads\\\/2025\\\/06\\\/brand-AdobeStock_474544355.jpg\",\"width\":1396,\"height\":926},{\"@type\":\"BreadcrumbList\",\"@id\":\"https:\\\/\\\/www.fitnessbrasil.com.br\\\/newsfitbr\\\/voce-esta-resolvendo-o-problema-certo-ou-so-tapando-buracos-que-vao-abrir-de-novo-amanha\\\/#breadcrumb\",\"itemListElement\":[{\"@type\":\"ListItem\",\"position\":1,\"name\":\"In\u00edcio\",\"item\":\"https:\\\/\\\/www.fitnessbrasil.com.br\\\/\"},{\"@type\":\"ListItem\",\"position\":2,\"name\":\"Voc\u00ea est\u00e1 resolvendo o problema certo \u2014 ou s\u00f3 tapando buracos que v\u00e3o abrir de novo amanh\u00e3?\"}]},{\"@type\":\"WebSite\",\"@id\":\"https:\\\/\\\/www.fitnessbrasil.com.br\\\/#website\",\"url\":\"https:\\\/\\\/www.fitnessbrasil.com.br\\\/\",\"name\":\"Fitness Brasil\",\"description\":\"\",\"publisher\":{\"@id\":\"https:\\\/\\\/www.fitnessbrasil.com.br\\\/#organization\"},\"potentialAction\":[{\"@type\":\"SearchAction\",\"target\":{\"@type\":\"EntryPoint\",\"urlTemplate\":\"https:\\\/\\\/www.fitnessbrasil.com.br\\\/?s={search_term_string}\"},\"query-input\":{\"@type\":\"PropertyValueSpecification\",\"valueRequired\":true,\"valueName\":\"search_term_string\"}}],\"inLanguage\":\"es\"},{\"@type\":\"Organization\",\"@id\":\"https:\\\/\\\/www.fitnessbrasil.com.br\\\/#organization\",\"name\":\"Fitness Brasil\",\"url\":\"https:\\\/\\\/www.fitnessbrasil.com.br\\\/\",\"logo\":{\"@type\":\"ImageObject\",\"inLanguage\":\"es\",\"@id\":\"https:\\\/\\\/www.fitnessbrasil.com.br\\\/#\\\/schema\\\/logo\\\/image\\\/\",\"url\":\"https:\\\/\\\/www.fitnessbrasil.com.br\\\/wp-content\\\/uploads\\\/2022\\\/01\\\/Logo-Fitness-Brasil_preto-e-cor.png\",\"contentUrl\":\"https:\\\/\\\/www.fitnessbrasil.com.br\\\/wp-content\\\/uploads\\\/2022\\\/01\\\/Logo-Fitness-Brasil_preto-e-cor.png\",\"width\":593,\"height\":316,\"caption\":\"Fitness Brasil\"},\"image\":{\"@id\":\"https:\\\/\\\/www.fitnessbrasil.com.br\\\/#\\\/schema\\\/logo\\\/image\\\/\"}},{\"@type\":\"Person\",\"@id\":\"https:\\\/\\\/www.fitnessbrasil.com.br\\\/#\\\/schema\\\/person\\\/f69050a1d219afd0db7d14728ed7ecaa\",\"name\":\"Jo\u00e3o Riva\",\"image\":{\"@type\":\"ImageObject\",\"inLanguage\":\"es\",\"@id\":\"https:\\\/\\\/secure.gravatar.com\\\/avatar\\\/a97702ed1f3d6dd780e9db2630f78aa730c9a2e5fca414fb138b5a783d631004?s=96&r=g&d=https:\\\/\\\/www.fitnessbrasil.com.br\\\/wp-content\\\/plugins\\\/userswp\\\/assets\\\/images\\\/no_profile.png\",\"url\":\"https:\\\/\\\/secure.gravatar.com\\\/avatar\\\/a97702ed1f3d6dd780e9db2630f78aa730c9a2e5fca414fb138b5a783d631004?s=96&r=g&d=https:\\\/\\\/www.fitnessbrasil.com.br\\\/wp-content\\\/plugins\\\/userswp\\\/assets\\\/images\\\/no_profile.png\",\"contentUrl\":\"https:\\\/\\\/secure.gravatar.com\\\/avatar\\\/a97702ed1f3d6dd780e9db2630f78aa730c9a2e5fca414fb138b5a783d631004?s=96&r=g&d=https:\\\/\\\/www.fitnessbrasil.com.br\\\/wp-content\\\/plugins\\\/userswp\\\/assets\\\/images\\\/no_profile.png\",\"caption\":\"Jo\u00e3o Riva\"},\"url\":\"https:\\\/\\\/www.fitnessbrasil.com.br\\\/es\\\/profile\\\/joaorivafitnessbrasil-com-br\\\/\"}]}<\/script>\n<!-- \/ Yoast SEO plugin. -->","yoast_head_json":{"title":"Voc\u00ea est\u00e1 resolvendo o problema certo \u2014 ou s\u00f3 tapando buracos que v\u00e3o abrir de novo amanh\u00e3? - Fitness Brasil","description":"Antes de investir em solu\u00e7\u00f5es imediatistas, vale parar e refletir: a raiz dos seus problemas pode estar na falta de um posicionamento claro","robots":{"index":"index","follow":"follow","max-snippet":"max-snippet:-1","max-image-preview":"max-image-preview:large","max-video-preview":"max-video-preview:-1"},"canonical":"https:\/\/www.fitnessbrasil.com.br\/es\/newsfitbr\/voce-esta-resolvendo-o-problema-certo-ou-so-tapando-buracos-que-vao-abrir-de-novo-amanha\/","og_locale":"es_ES","og_type":"article","og_title":"Voc\u00ea est\u00e1 resolvendo o problema certo \u2014 ou s\u00f3 tapando buracos que v\u00e3o abrir de novo amanh\u00e3? - Fitness Brasil","og_description":"Antes de investir em solu\u00e7\u00f5es imediatistas, vale parar e refletir: a raiz dos seus problemas pode estar na falta de um posicionamento claro","og_url":"https:\/\/www.fitnessbrasil.com.br\/es\/newsfitbr\/voce-esta-resolvendo-o-problema-certo-ou-so-tapando-buracos-que-vao-abrir-de-novo-amanha\/","og_site_name":"Fitness Brasil","article_published_time":"2025-07-01T15:00:00+00:00","article_modified_time":"2025-11-18T21:36:44+00:00","og_image":[{"width":1396,"height":926,"url":"https:\/\/www.fitnessbrasil.com.br\/wp-content\/uploads\/2025\/06\/brand-AdobeStock_474544355.jpg","type":"image\/jpeg"}],"author":"Jo\u00e3o Riva","twitter_card":"summary_large_image","twitter_misc":{"Escrito por":"Jo\u00e3o Riva","Tiempo de lectura":"5 minutos"},"schema":{"@context":"https:\/\/schema.org","@graph":[{"@type":"Article","@id":"https:\/\/www.fitnessbrasil.com.br\/newsfitbr\/voce-esta-resolvendo-o-problema-certo-ou-so-tapando-buracos-que-vao-abrir-de-novo-amanha\/#article","isPartOf":{"@id":"https:\/\/www.fitnessbrasil.com.br\/newsfitbr\/voce-esta-resolvendo-o-problema-certo-ou-so-tapando-buracos-que-vao-abrir-de-novo-amanha\/"},"author":{"name":"Jo\u00e3o Riva","@id":"https:\/\/www.fitnessbrasil.com.br\/#\/schema\/person\/f69050a1d219afd0db7d14728ed7ecaa"},"headline":"Voc\u00ea est\u00e1 resolvendo o problema certo \u2014 ou s\u00f3 tapando buracos que v\u00e3o abrir de novo amanh\u00e3?","datePublished":"2025-07-01T15:00:00+00:00","dateModified":"2025-11-18T21:36:44+00:00","mainEntityOfPage":{"@id":"https:\/\/www.fitnessbrasil.com.br\/newsfitbr\/voce-esta-resolvendo-o-problema-certo-ou-so-tapando-buracos-que-vao-abrir-de-novo-amanha\/"},"wordCount":831,"commentCount":0,"publisher":{"@id":"https:\/\/www.fitnessbrasil.com.br\/#organization"},"image":{"@id":"https:\/\/www.fitnessbrasil.com.br\/newsfitbr\/voce-esta-resolvendo-o-problema-certo-ou-so-tapando-buracos-que-vao-abrir-de-novo-amanha\/#primaryimage"},"thumbnailUrl":"https:\/\/www.fitnessbrasil.com.br\/wp-content\/uploads\/2025\/06\/brand-AdobeStock_474544355.jpg","articleSection":["Colunistas","Destaques","Jo\u00e3o Riva","Not\u00edcias"],"inLanguage":"es","potentialAction":[{"@type":"CommentAction","name":"Comment","target":["https:\/\/www.fitnessbrasil.com.br\/newsfitbr\/voce-esta-resolvendo-o-problema-certo-ou-so-tapando-buracos-que-vao-abrir-de-novo-amanha\/#respond"]}]},{"@type":"WebPage","@id":"https:\/\/www.fitnessbrasil.com.br\/newsfitbr\/voce-esta-resolvendo-o-problema-certo-ou-so-tapando-buracos-que-vao-abrir-de-novo-amanha\/","url":"https:\/\/www.fitnessbrasil.com.br\/newsfitbr\/voce-esta-resolvendo-o-problema-certo-ou-so-tapando-buracos-que-vao-abrir-de-novo-amanha\/","name":"Voc\u00ea est\u00e1 resolvendo o problema certo \u2014 ou s\u00f3 tapando buracos que v\u00e3o abrir de novo amanh\u00e3? - Fitness Brasil","isPartOf":{"@id":"https:\/\/www.fitnessbrasil.com.br\/#website"},"primaryImageOfPage":{"@id":"https:\/\/www.fitnessbrasil.com.br\/newsfitbr\/voce-esta-resolvendo-o-problema-certo-ou-so-tapando-buracos-que-vao-abrir-de-novo-amanha\/#primaryimage"},"image":{"@id":"https:\/\/www.fitnessbrasil.com.br\/newsfitbr\/voce-esta-resolvendo-o-problema-certo-ou-so-tapando-buracos-que-vao-abrir-de-novo-amanha\/#primaryimage"},"thumbnailUrl":"https:\/\/www.fitnessbrasil.com.br\/wp-content\/uploads\/2025\/06\/brand-AdobeStock_474544355.jpg","datePublished":"2025-07-01T15:00:00+00:00","dateModified":"2025-11-18T21:36:44+00:00","description":"Antes de investir em solu\u00e7\u00f5es imediatistas, vale parar e refletir: a raiz dos seus problemas pode estar na falta de um posicionamento claro","breadcrumb":{"@id":"https:\/\/www.fitnessbrasil.com.br\/newsfitbr\/voce-esta-resolvendo-o-problema-certo-ou-so-tapando-buracos-que-vao-abrir-de-novo-amanha\/#breadcrumb"},"inLanguage":"es","potentialAction":[{"@type":"ReadAction","target":["https:\/\/www.fitnessbrasil.com.br\/newsfitbr\/voce-esta-resolvendo-o-problema-certo-ou-so-tapando-buracos-que-vao-abrir-de-novo-amanha\/"]}]},{"@type":"ImageObject","inLanguage":"es","@id":"https:\/\/www.fitnessbrasil.com.br\/newsfitbr\/voce-esta-resolvendo-o-problema-certo-ou-so-tapando-buracos-que-vao-abrir-de-novo-amanha\/#primaryimage","url":"https:\/\/www.fitnessbrasil.com.br\/wp-content\/uploads\/2025\/06\/brand-AdobeStock_474544355.jpg","contentUrl":"https:\/\/www.fitnessbrasil.com.br\/wp-content\/uploads\/2025\/06\/brand-AdobeStock_474544355.jpg","width":1396,"height":926},{"@type":"BreadcrumbList","@id":"https:\/\/www.fitnessbrasil.com.br\/newsfitbr\/voce-esta-resolvendo-o-problema-certo-ou-so-tapando-buracos-que-vao-abrir-de-novo-amanha\/#breadcrumb","itemListElement":[{"@type":"ListItem","position":1,"name":"In\u00edcio","item":"https:\/\/www.fitnessbrasil.com.br\/"},{"@type":"ListItem","position":2,"name":"Voc\u00ea est\u00e1 resolvendo o problema certo \u2014 ou s\u00f3 tapando buracos que v\u00e3o abrir de novo amanh\u00e3?"}]},{"@type":"WebSite","@id":"https:\/\/www.fitnessbrasil.com.br\/#website","url":"https:\/\/www.fitnessbrasil.com.br\/","name":"Fitness Brasil","description":"","publisher":{"@id":"https:\/\/www.fitnessbrasil.com.br\/#organization"},"potentialAction":[{"@type":"SearchAction","target":{"@type":"EntryPoint","urlTemplate":"https:\/\/www.fitnessbrasil.com.br\/?s={search_term_string}"},"query-input":{"@type":"PropertyValueSpecification","valueRequired":true,"valueName":"search_term_string"}}],"inLanguage":"es"},{"@type":"Organization","@id":"https:\/\/www.fitnessbrasil.com.br\/#organization","name":"Fitness Brasil","url":"https:\/\/www.fitnessbrasil.com.br\/","logo":{"@type":"ImageObject","inLanguage":"es","@id":"https:\/\/www.fitnessbrasil.com.br\/#\/schema\/logo\/image\/","url":"https:\/\/www.fitnessbrasil.com.br\/wp-content\/uploads\/2022\/01\/Logo-Fitness-Brasil_preto-e-cor.png","contentUrl":"https:\/\/www.fitnessbrasil.com.br\/wp-content\/uploads\/2022\/01\/Logo-Fitness-Brasil_preto-e-cor.png","width":593,"height":316,"caption":"Fitness Brasil"},"image":{"@id":"https:\/\/www.fitnessbrasil.com.br\/#\/schema\/logo\/image\/"}},{"@type":"Person","@id":"https:\/\/www.fitnessbrasil.com.br\/#\/schema\/person\/f69050a1d219afd0db7d14728ed7ecaa","name":"Jo\u00e3o Riva","image":{"@type":"ImageObject","inLanguage":"es","@id":"https:\/\/secure.gravatar.com\/avatar\/a97702ed1f3d6dd780e9db2630f78aa730c9a2e5fca414fb138b5a783d631004?s=96&r=g&d=https:\/\/www.fitnessbrasil.com.br\/wp-content\/plugins\/userswp\/assets\/images\/no_profile.png","url":"https:\/\/secure.gravatar.com\/avatar\/a97702ed1f3d6dd780e9db2630f78aa730c9a2e5fca414fb138b5a783d631004?s=96&r=g&d=https:\/\/www.fitnessbrasil.com.br\/wp-content\/plugins\/userswp\/assets\/images\/no_profile.png","contentUrl":"https:\/\/secure.gravatar.com\/avatar\/a97702ed1f3d6dd780e9db2630f78aa730c9a2e5fca414fb138b5a783d631004?s=96&r=g&d=https:\/\/www.fitnessbrasil.com.br\/wp-content\/plugins\/userswp\/assets\/images\/no_profile.png","caption":"Jo\u00e3o Riva"},"url":"https:\/\/www.fitnessbrasil.com.br\/es\/profile\/joaorivafitnessbrasil-com-br\/"}]}},"_links":{"self":[{"href":"https:\/\/www.fitnessbrasil.com.br\/es\/wp-json\/wp\/v2\/posts\/126651","targetHints":{"allow":["GET"]}}],"collection":[{"href":"https:\/\/www.fitnessbrasil.com.br\/es\/wp-json\/wp\/v2\/posts"}],"about":[{"href":"https:\/\/www.fitnessbrasil.com.br\/es\/wp-json\/wp\/v2\/types\/post"}],"author":[{"embeddable":true,"href":"https:\/\/www.fitnessbrasil.com.br\/es\/wp-json\/wp\/v2\/users\/1585"}],"replies":[{"embeddable":true,"href":"https:\/\/www.fitnessbrasil.com.br\/es\/wp-json\/wp\/v2\/comments?post=126651"}],"version-history":[{"count":1,"href":"https:\/\/www.fitnessbrasil.com.br\/es\/wp-json\/wp\/v2\/posts\/126651\/revisions"}],"predecessor-version":[{"id":130072,"href":"https:\/\/www.fitnessbrasil.com.br\/es\/wp-json\/wp\/v2\/posts\/126651\/revisions\/130072"}],"wp:featuredmedia":[{"embeddable":true,"href":"https:\/\/www.fitnessbrasil.com.br\/es\/wp-json\/wp\/v2\/media\/126652"}],"wp:attachment":[{"href":"https:\/\/www.fitnessbrasil.com.br\/es\/wp-json\/wp\/v2\/media?parent=126651"}],"wp:term":[{"taxonomy":"category","embeddable":true,"href":"https:\/\/www.fitnessbrasil.com.br\/es\/wp-json\/wp\/v2\/categories?post=126651"},{"taxonomy":"post_tag","embeddable":true,"href":"https:\/\/www.fitnessbrasil.com.br\/es\/wp-json\/wp\/v2\/tags?post=126651"},{"taxonomy":"post_folder","embeddable":true,"href":"https:\/\/www.fitnessbrasil.com.br\/es\/wp-json\/wp\/v2\/post_folder?post=126651"}],"curies":[{"name":"wp","href":"https:\/\/api.w.org\/{rel}","templated":true}]}}