{"id":130961,"date":"2026-01-12T17:05:06","date_gmt":"2026-01-12T20:05:06","guid":{"rendered":"https:\/\/www.fitnessbrasil.com.br\/?p=130961"},"modified":"2026-01-12T17:07:47","modified_gmt":"2026-01-12T20:07:47","slug":"para-o-aluno-da-sua-academia-periodizar-ou-nao-periodizar-o-treino-eis-a-questao","status":"publish","type":"post","link":"https:\/\/www.fitnessbrasil.com.br\/es\/newsfitbr\/para-o-aluno-da-sua-academia-periodizar-ou-nao-periodizar-o-treino-eis-a-questao\/","title":{"rendered":"Para o aluno da sua academia: periodizar ou n\u00e3o periodizar o treino? Eis a quest\u00e3o que define os resultados"},"content":{"rendered":"<p>Entenda como a periodiza\u00e7\u00e3o de treinos ajuda alunos de academia a progredirem com seguran\u00e7a, const\u00e2ncia e melhores resultados<\/p>\n\n\n\n<p>Por Marcelo Affonso, colunista Fitness Brasil<br>12\/1\/2026<\/p>\n\n\n\n<p><strong>Come\u00e7ou o ano novo, vida nova, metas novas, mas com velhos h\u00e1bitos&#8230;<\/strong> Ser\u00e1 que \u00e9 poss\u00edvel alcan\u00e7ar novos resultados? <strong>E os treinos devem ser alterados ou continuar fazendo o de sempre? <\/strong>Os meios e m\u00e9todos dos treinos devem ser modificados ou vou deix\u00e1-los do mesmo jeito?<\/p>\n\n\n\n<h4 class=\"wp-block-heading\"><a href=\"https:\/\/www.fitnessbrasil.com.br\/es\/fitness-brasil-expo-2026\/\"><strong>+ Fitness Brasil Expo: o maior evento de fitness, sa\u00fade e bem-estar da Am\u00e9rica Latina<\/strong><\/a><br><a href=\"https:\/\/www.instagram.com\/fitnessbrasil_oficial\/\"><strong>+ Siga a Fitness Brasil no Instagram<\/strong><\/a><br><a href=\"https:\/\/www.whatsapp.com\/channel\/0029VarCqD5InlqU52KNAv3J\"><strong>+ Fa\u00e7a parte do nosso Canal no WhatsApp<\/strong><\/a><\/h4>\n\n\n\n<p><strong>Dificilmente se al\u00e7a voos mais altos com um treino mon\u00f3tono<\/strong>. Quando falo mon\u00f3tono, n\u00e3o me refiro somente aos aspectos motivacionais, mas principalmente um treino com quase nenhuma varia\u00e7\u00e3o na carga, sem diferentes est\u00edmulos, sem uma altern\u00e2ncia nos seus componentes.<\/p>\n\n\n\n<figure class=\"wp-block-image size-large\"><a href=\"https:\/\/www.fitnessbrasil.com.br\/wp-content\/uploads\/2026\/01\/PERIODIZACAO-ACADEMIA-MARCELO-AFFONSO-AdobeStock_359487889.jpg\"><img decoding=\"async\" width=\"1200\" height=\"800\" data-src=\"https:\/\/www.fitnessbrasil.com.br\/wp-content\/uploads\/2026\/01\/PERIODIZACAO-ACADEMIA-MARCELO-AFFONSO-AdobeStock_359487889-1200x800.jpg\" alt=\"\" class=\"wp-image-130966 lazyload\" data-srcset=\"https:\/\/www.fitnessbrasil.com.br\/wp-content\/uploads\/2026\/01\/PERIODIZACAO-ACADEMIA-MARCELO-AFFONSO-AdobeStock_359487889-1200x800.jpg 1200w, https:\/\/www.fitnessbrasil.com.br\/wp-content\/uploads\/2026\/01\/PERIODIZACAO-ACADEMIA-MARCELO-AFFONSO-AdobeStock_359487889-600x400.jpg 600w, https:\/\/www.fitnessbrasil.com.br\/wp-content\/uploads\/2026\/01\/PERIODIZACAO-ACADEMIA-MARCELO-AFFONSO-AdobeStock_359487889-768x512.jpg 768w, https:\/\/www.fitnessbrasil.com.br\/wp-content\/uploads\/2026\/01\/PERIODIZACAO-ACADEMIA-MARCELO-AFFONSO-AdobeStock_359487889-1536x1024.jpg 1536w, https:\/\/www.fitnessbrasil.com.br\/wp-content\/uploads\/2026\/01\/PERIODIZACAO-ACADEMIA-MARCELO-AFFONSO-AdobeStock_359487889-18x12.jpg 18w, https:\/\/www.fitnessbrasil.com.br\/wp-content\/uploads\/2026\/01\/PERIODIZACAO-ACADEMIA-MARCELO-AFFONSO-AdobeStock_359487889-510x340.jpg 510w, https:\/\/www.fitnessbrasil.com.br\/wp-content\/uploads\/2026\/01\/PERIODIZACAO-ACADEMIA-MARCELO-AFFONSO-AdobeStock_359487889.jpg 1600w\" data-sizes=\"(max-width: 1200px) 100vw, 1200px\" src=\"data:image\/svg+xml;base64,PHN2ZyB3aWR0aD0iMSIgaGVpZ2h0PSIxIiB4bWxucz0iaHR0cDovL3d3dy53My5vcmcvMjAwMC9zdmciPjwvc3ZnPg==\" style=\"--smush-placeholder-width: 1200px; --smush-placeholder-aspect-ratio: 1200\/800;\" \/><\/a><\/figure>\n\n\n\n<p><strong>Ser\u00e1 que os clientes se sentem motivados e disciplinados para entrar o ano novo, fazendo o de sempre? Sem novos direcionamentos?<\/strong><\/p>\n\n\n\n<p>Voc\u00ea pode estar pensando: \u201cah&#8230;mas o meu cliente n\u00e3o \u00e9 atleta, ele s\u00f3 busca sa\u00fade e bem estar. Ele sequer est\u00e1 preocupado com as respostas est\u00e9ticas&#8230;\u201d<\/p>\n\n\n\n<h4 class=\"wp-block-heading\">Obrigatoriedade t\u00e9cnica<\/h4>\n\n\n\n<p><strong>Periodizar n\u00e3o \u00e9 uma escolha, n\u00e3o \u00e9 uma op\u00e7\u00e3o luxuosa, periodizar \u00e9 uma necessidade, \u00e9 uma obrigatoriedade t\u00e9cnica.<\/strong> E, veja bem, quando voc\u00ea escolhe minimante estabelecer a frequ\u00eancia semanal do cliente, dizendo que ele ir\u00e1 fazer tr\u00eas treinos por semana, voc\u00ea j\u00e1 come\u00e7ou a periodizar. Mas isso n\u00e3o basta.<\/p>\n\n\n\n<p>E acredite: por incr\u00edvel que pare\u00e7a, <strong>se o seu cliente n\u00e3o \u00e9 atleta a necessidade de periodizar aumenta mais ainda.<\/strong> Os cuidados com a sa\u00fade dele dobram, os cuidados com a progress\u00e3o da carga triplicam e a necessidade de projetar um treino individualizado se torna imperiosa.<\/p>\n\n\n\n<p>A periodiza\u00e7\u00e3o vem sendo pensada e elaborada desde o PER\u00cdODO DA ARTE (776 a.c), com a utiliza\u00e7\u00e3o das TETRAS (3:1), com 3 dias de treinos crescentes e 1 dia de treino recuperativo.<\/p>\n\n\n\n<p>Por\u00e9m, <strong>a TEORIA DA PERIODIZA\u00c7\u00c3O, foi fundamentada cientificamente pelo seu eterno autor russo, o LEV PAVILOVCH MATVEEV, <\/strong>desde a d\u00e9cada de 50 do s\u00e9culo passado. <em>Bokan B. L. P. Matveyev: Theory and Methodology of Physical Culture. Phys Cult 2010;64(1):79-90.<\/em><\/p>\n\n\n\n<p>Nos dias atuais alguns poucos se arvoram a question\u00e1-la. Por\u00e9m, <strong>nenhum desses questionadores apresenta um novo Sistema de Prepara\u00e7\u00e3o Desportiva, que possa realmente substituir o modelo proposto a mais de 70 anos<\/strong>.<\/p>\n\n\n\n<h4 class=\"wp-block-heading\">Periodiz\u00e7\u00e3o de 3 meses<\/h4>\n\n\n\n<p>\u00c9 claro que periodizar treinos aplicados a clientes de academia requer ajustes \u00f3bvios. Como, por exemplo, a aus\u00eancia de um PER\u00cdODO COMPETITIVO, o que torna desnecess\u00e1rio o alcance do \u201cPEAK\u201d. Ou seja, atingir 100% da compet\u00eancia T\u00e9cnica, T\u00e1tica, F\u00edsica, Nutricional e Psicol\u00f3gica, em um determinado momento oportuno. Isso porque <strong>o cliente de academia n\u00e3o tem uma data espec\u00edfica, nem a obrigatoriedade do resultado e desempenho competitivo.<\/strong><\/p>\n\n\n\n<p>Assim sendo, <strong>como proposta e sugest\u00e3o t\u00e9cnica para os clientes de uma academia, se torna necess\u00e1rio a elabora\u00e7\u00e3o de uma Periodiza\u00e7\u00e3o de at\u00e9 no m\u00e1ximo 3 meses. <\/strong>E com uma distribui\u00e7\u00e3o progressiva do car\u00e1ter dos exerc\u00edcios.<\/p>\n\n\n\n<figure class=\"wp-block-image size-large\"><a href=\"https:\/\/www.fitnessbrasil.com.br\/wp-content\/uploads\/2023\/10\/Curso-Karina-AdobeStock_216629837-scaled.jpg\"><img decoding=\"async\" width=\"1220\" height=\"800\" data-src=\"https:\/\/www.fitnessbrasil.com.br\/wp-content\/uploads\/2023\/10\/Curso-Karina-AdobeStock_216629837-1220x800.jpg\" alt=\"\" class=\"wp-image-79003 lazyload\" data-srcset=\"https:\/\/www.fitnessbrasil.com.br\/wp-content\/uploads\/2023\/10\/Curso-Karina-AdobeStock_216629837-1220x800.jpg 1220w, https:\/\/www.fitnessbrasil.com.br\/wp-content\/uploads\/2023\/10\/Curso-Karina-AdobeStock_216629837-610x400.jpg 610w, https:\/\/www.fitnessbrasil.com.br\/wp-content\/uploads\/2023\/10\/Curso-Karina-AdobeStock_216629837-768x504.jpg 768w, https:\/\/www.fitnessbrasil.com.br\/wp-content\/uploads\/2023\/10\/Curso-Karina-AdobeStock_216629837-1536x1007.jpg 1536w, https:\/\/www.fitnessbrasil.com.br\/wp-content\/uploads\/2023\/10\/Curso-Karina-AdobeStock_216629837-2048x1343.jpg 2048w, https:\/\/www.fitnessbrasil.com.br\/wp-content\/uploads\/2023\/10\/Curso-Karina-AdobeStock_216629837-18x12.jpg 18w, https:\/\/www.fitnessbrasil.com.br\/wp-content\/uploads\/2023\/10\/Curso-Karina-AdobeStock_216629837-510x334.jpg 510w\" data-sizes=\"(max-width: 1220px) 100vw, 1220px\" src=\"data:image\/svg+xml;base64,PHN2ZyB3aWR0aD0iMSIgaGVpZ2h0PSIxIiB4bWxucz0iaHR0cDovL3d3dy53My5vcmcvMjAwMC9zdmciPjwvc3ZnPg==\" style=\"--smush-placeholder-width: 1220px; --smush-placeholder-aspect-ratio: 1220\/800;\" \/><\/a><\/figure>\n\n\n\n<p>Logo, <strong>o planejamento deve iniciar com a 1\u00aa fase que \u00e9 denominada FASE DE ACUMULA\u00c7\u00c3O<\/strong>, com maior predomin\u00e2ncia de EXERC\u00cdCIOS GEN\u00c9RICOS que envolvam o fortalecimento de grupos musculares estabilizadores, que s\u00e3o menos envolvidos nos exerc\u00edcios gerais e especiais, que ir\u00e3o ocorrer, permitindo assim uma <strong>base NEURO MUSCULAR e NEURO MOTORA mais s\u00f3lida.<\/strong><\/p>\n\n\n\n<h4 class=\"wp-block-heading\"><strong>Leia tamb\u00e9m<br><a href=\"https:\/\/www.fitnessbrasil.com.br\/es\/newsfitbr\/competir-em-provas-de-longas-distancias-desafios-na-ausencia-de-preparacao-tem-como-dar-certo\/\">Competir em provas de longas dist\u00e2ncias: desafios na aus\u00eancia de prepara\u00e7\u00e3o\u2026 Tem como dar certo?<\/a><\/strong><\/h4>\n\n\n\n<p><strong>A 2\u00aa fase \u00e9 denominada de FASE DE TRANSFORMA\u00c7\u00c3O<\/strong>. Onde h\u00e1 predomin\u00e2ncia de EXERC\u00cdCIOS DE CAR\u00c1TER GERAL, com maior envolvimento de massa muscular, com a\u00e7\u00f5es mais multiplanares, mais multidirecionais, mais ac\u00edclicos. E com uma utiliza\u00e7\u00e3o mais dominante dos treinos din\u00e2micos que ativem o sistema cardiorrespirat\u00f3rio, potencializando o VO2 m\u00e1x, atrav\u00e9s de treinos aer\u00f3bios em Zona 1 e Zona 2, al\u00e9m de buscar ganhos importantes na FLEXIBILIDADE, atrav\u00e9s de exerc\u00edcios de FLEXIONAMENTO DIN\u00c2MICO BAL\u00cdSTICO.<\/p>\n\n\n\n<p>Quando se atinge <strong>a 3\u00aa fase, denominada de FASE DE REALIZA\u00c7\u00c3O,<\/strong> o cliente j\u00e1 estar\u00e1 apto para a ser submetido a toda e qualquer cargas espec\u00edfica, direcionando a processo de treino para os seus objetivos prim\u00e1rios e com isso chegando mais pr\u00f3ximo das suas metas.<\/p>\n\n\n\n<p><strong><a href=\"https:\/\/www.fitnessbrasil.com.br\/es\/panorama-setorial-2025-4a-edicao\/\">+ Baixe gratuitamente o Panorama Setorial Fitness Brasil 2025\u00a0\u2013 patroc\u00ednio de\u00a0<strong>ABC Evo\u00a0<\/strong>e<strong>\u00a0Matrix\u00a0Fitness<\/strong><\/a><\/strong><\/p>\n\n\n\n<p>N\u00e3o podemos tamb\u00e9m esquecer da import\u00e2ncia do <strong>controle de todas essas vari\u00e1veis, atrav\u00e9s de avalia\u00e7\u00f5es diagn\u00f3sticas, formativas e somativas de todos os \u00edndices fisiol\u00f3gicos, funcionais e biomec\u00e2nicos<\/strong>, fundamentais para o controle da evolu\u00e7\u00e3o do cliente.<\/p>\n\n\n\n<p><strong>Dessa forma, o profissional estar\u00e1 sempre atualizado com o direcionamento do treino<\/strong>. E, mais do que isso, ofertando para o cliente, uma observa\u00e7\u00e3o mais precisa e matematizada do atendimento, gerando satisfa\u00e7\u00e3o e utilizando a Periodiza\u00e7\u00e3o n\u00e3o s\u00f3 como uma estrat\u00e9gia t\u00e9cnica cientificamente consolidada, mas como um outro instrumento de marketing e venda do servi\u00e7os prestados. \u00a0<\/p>\n\n\n\n<p class=\"has-small-font-size\"><em>Marcelo Affonso \u00e9 fisiologista do exerc\u00edcio, preparador f\u00edsico, professor da Universidade Cat\u00f3lica do Salvador (UCSAL) e CEO da plataforma Periodization Online.<\/em><\/p>\n\n\n\n<p><\/p>","protected":false},"excerpt":{"rendered":"<p>Entenda como a periodiza\u00e7\u00e3o de treinos ajuda alunos de academia a progredirem<\/p>","protected":false},"author":40,"featured_media":130966,"comment_status":"closed","ping_status":"closed","sticky":false,"template":"","format":"standard","meta":{"_acf_changed":false,"footnotes":""},"categories":[74,430,515,70],"tags":[],"post_folder":[],"class_list":["post-130961","post","type-post","status-publish","format-standard","has-post-thumbnail","hentry","category-colunistas","category-destaques","category-marcelo-affonso","category-noticias"],"acf":[],"yoast_head":"<!-- This site is optimized with the Yoast SEO plugin v27.4 - https:\/\/yoast.com\/product\/yoast-seo-wordpress\/ -->\n<title>Para o aluno da sua academia: periodizar ou n\u00e3o periodizar o treino? Eis a quest\u00e3o que define os resultados - Fitness Brasil<\/title>\n<meta name=\"description\" content=\"Entenda como a periodiza\u00e7\u00e3o de treinos ajuda alunos de academia a progredirem com seguran\u00e7a, const\u00e2ncia e melhores resultados\" \/>\n<meta name=\"robots\" content=\"index, follow, max-snippet:-1, max-image-preview:large, max-video-preview:-1\" \/>\n<link rel=\"canonical\" href=\"https:\/\/www.fitnessbrasil.com.br\/es\/newsfitbr\/para-o-aluno-da-sua-academia-periodizar-ou-nao-periodizar-o-treino-eis-a-questao\/\" \/>\n<meta property=\"og:locale\" content=\"es_ES\" \/>\n<meta property=\"og:type\" content=\"article\" \/>\n<meta property=\"og:title\" content=\"Para o aluno da sua academia: periodizar ou n\u00e3o periodizar o treino? Eis a quest\u00e3o que define os resultados - Fitness Brasil\" \/>\n<meta property=\"og:description\" content=\"Entenda como a periodiza\u00e7\u00e3o de treinos ajuda alunos de academia a progredirem com seguran\u00e7a, const\u00e2ncia e melhores resultados\" \/>\n<meta property=\"og:url\" content=\"https:\/\/www.fitnessbrasil.com.br\/es\/newsfitbr\/para-o-aluno-da-sua-academia-periodizar-ou-nao-periodizar-o-treino-eis-a-questao\/\" \/>\n<meta property=\"og:site_name\" content=\"Fitness Brasil\" \/>\n<meta property=\"article:published_time\" content=\"2026-01-12T20:05:06+00:00\" \/>\n<meta property=\"article:modified_time\" content=\"2026-01-12T20:07:47+00:00\" \/>\n<meta property=\"og:image\" content=\"https:\/\/www.fitnessbrasil.com.br\/wp-content\/uploads\/2026\/01\/PERIODIZACAO-ACADEMIA-MARCELO-AFFONSO-AdobeStock_359487889.jpg\" \/>\n\t<meta property=\"og:image:width\" content=\"1600\" \/>\n\t<meta property=\"og:image:height\" content=\"1067\" \/>\n\t<meta property=\"og:image:type\" content=\"image\/jpeg\" \/>\n<meta name=\"author\" content=\"Yara Achoa\" \/>\n<meta name=\"twitter:card\" content=\"summary_large_image\" \/>\n<meta name=\"twitter:label1\" content=\"Escrito por\" \/>\n\t<meta name=\"twitter:data1\" content=\"Yara Achoa\" \/>\n\t<meta name=\"twitter:label2\" content=\"Tiempo de lectura\" \/>\n\t<meta name=\"twitter:data2\" content=\"6 minutos\" \/>\n<script type=\"application\/ld+json\" class=\"yoast-schema-graph\">{\"@context\":\"https:\\\/\\\/schema.org\",\"@graph\":[{\"@type\":\"Article\",\"@id\":\"https:\\\/\\\/www.fitnessbrasil.com.br\\\/newsfitbr\\\/para-o-aluno-da-sua-academia-periodizar-ou-nao-periodizar-o-treino-eis-a-questao\\\/#article\",\"isPartOf\":{\"@id\":\"https:\\\/\\\/www.fitnessbrasil.com.br\\\/newsfitbr\\\/para-o-aluno-da-sua-academia-periodizar-ou-nao-periodizar-o-treino-eis-a-questao\\\/\"},\"author\":{\"name\":\"Yara Achoa\",\"@id\":\"https:\\\/\\\/www.fitnessbrasil.com.br\\\/#\\\/schema\\\/person\\\/44332d981b99ed3bec8d1f53079a3ad4\"},\"headline\":\"Para o aluno da sua academia: periodizar ou n\u00e3o periodizar o treino? Eis a quest\u00e3o que define os resultados\",\"datePublished\":\"2026-01-12T20:05:06+00:00\",\"dateModified\":\"2026-01-12T20:07:47+00:00\",\"mainEntityOfPage\":{\"@id\":\"https:\\\/\\\/www.fitnessbrasil.com.br\\\/newsfitbr\\\/para-o-aluno-da-sua-academia-periodizar-ou-nao-periodizar-o-treino-eis-a-questao\\\/\"},\"wordCount\":919,\"publisher\":{\"@id\":\"https:\\\/\\\/www.fitnessbrasil.com.br\\\/#organization\"},\"image\":{\"@id\":\"https:\\\/\\\/www.fitnessbrasil.com.br\\\/newsfitbr\\\/para-o-aluno-da-sua-academia-periodizar-ou-nao-periodizar-o-treino-eis-a-questao\\\/#primaryimage\"},\"thumbnailUrl\":\"https:\\\/\\\/www.fitnessbrasil.com.br\\\/wp-content\\\/uploads\\\/2026\\\/01\\\/PERIODIZACAO-ACADEMIA-MARCELO-AFFONSO-AdobeStock_359487889.jpg\",\"articleSection\":[\"Colunistas\",\"Destaques\",\"Marcelo Affonso\",\"Not\u00edcias\"],\"inLanguage\":\"es\"},{\"@type\":\"WebPage\",\"@id\":\"https:\\\/\\\/www.fitnessbrasil.com.br\\\/newsfitbr\\\/para-o-aluno-da-sua-academia-periodizar-ou-nao-periodizar-o-treino-eis-a-questao\\\/\",\"url\":\"https:\\\/\\\/www.fitnessbrasil.com.br\\\/newsfitbr\\\/para-o-aluno-da-sua-academia-periodizar-ou-nao-periodizar-o-treino-eis-a-questao\\\/\",\"name\":\"Para o aluno da sua academia: periodizar ou n\u00e3o periodizar o treino? Eis a quest\u00e3o que define os resultados - Fitness Brasil\",\"isPartOf\":{\"@id\":\"https:\\\/\\\/www.fitnessbrasil.com.br\\\/#website\"},\"primaryImageOfPage\":{\"@id\":\"https:\\\/\\\/www.fitnessbrasil.com.br\\\/newsfitbr\\\/para-o-aluno-da-sua-academia-periodizar-ou-nao-periodizar-o-treino-eis-a-questao\\\/#primaryimage\"},\"image\":{\"@id\":\"https:\\\/\\\/www.fitnessbrasil.com.br\\\/newsfitbr\\\/para-o-aluno-da-sua-academia-periodizar-ou-nao-periodizar-o-treino-eis-a-questao\\\/#primaryimage\"},\"thumbnailUrl\":\"https:\\\/\\\/www.fitnessbrasil.com.br\\\/wp-content\\\/uploads\\\/2026\\\/01\\\/PERIODIZACAO-ACADEMIA-MARCELO-AFFONSO-AdobeStock_359487889.jpg\",\"datePublished\":\"2026-01-12T20:05:06+00:00\",\"dateModified\":\"2026-01-12T20:07:47+00:00\",\"description\":\"Entenda como a periodiza\u00e7\u00e3o de treinos ajuda alunos de academia a progredirem com seguran\u00e7a, const\u00e2ncia e melhores resultados\",\"breadcrumb\":{\"@id\":\"https:\\\/\\\/www.fitnessbrasil.com.br\\\/newsfitbr\\\/para-o-aluno-da-sua-academia-periodizar-ou-nao-periodizar-o-treino-eis-a-questao\\\/#breadcrumb\"},\"inLanguage\":\"es\",\"potentialAction\":[{\"@type\":\"ReadAction\",\"target\":[\"https:\\\/\\\/www.fitnessbrasil.com.br\\\/newsfitbr\\\/para-o-aluno-da-sua-academia-periodizar-ou-nao-periodizar-o-treino-eis-a-questao\\\/\"]}]},{\"@type\":\"ImageObject\",\"inLanguage\":\"es\",\"@id\":\"https:\\\/\\\/www.fitnessbrasil.com.br\\\/newsfitbr\\\/para-o-aluno-da-sua-academia-periodizar-ou-nao-periodizar-o-treino-eis-a-questao\\\/#primaryimage\",\"url\":\"https:\\\/\\\/www.fitnessbrasil.com.br\\\/wp-content\\\/uploads\\\/2026\\\/01\\\/PERIODIZACAO-ACADEMIA-MARCELO-AFFONSO-AdobeStock_359487889.jpg\",\"contentUrl\":\"https:\\\/\\\/www.fitnessbrasil.com.br\\\/wp-content\\\/uploads\\\/2026\\\/01\\\/PERIODIZACAO-ACADEMIA-MARCELO-AFFONSO-AdobeStock_359487889.jpg\",\"width\":1600,\"height\":1067},{\"@type\":\"BreadcrumbList\",\"@id\":\"https:\\\/\\\/www.fitnessbrasil.com.br\\\/newsfitbr\\\/para-o-aluno-da-sua-academia-periodizar-ou-nao-periodizar-o-treino-eis-a-questao\\\/#breadcrumb\",\"itemListElement\":[{\"@type\":\"ListItem\",\"position\":1,\"name\":\"In\u00edcio\",\"item\":\"https:\\\/\\\/www.fitnessbrasil.com.br\\\/\"},{\"@type\":\"ListItem\",\"position\":2,\"name\":\"Para o aluno da sua academia: periodizar ou n\u00e3o periodizar o treino? Eis a quest\u00e3o que define os resultados\"}]},{\"@type\":\"WebSite\",\"@id\":\"https:\\\/\\\/www.fitnessbrasil.com.br\\\/#website\",\"url\":\"https:\\\/\\\/www.fitnessbrasil.com.br\\\/\",\"name\":\"Fitness Brasil\",\"description\":\"\",\"publisher\":{\"@id\":\"https:\\\/\\\/www.fitnessbrasil.com.br\\\/#organization\"},\"potentialAction\":[{\"@type\":\"SearchAction\",\"target\":{\"@type\":\"EntryPoint\",\"urlTemplate\":\"https:\\\/\\\/www.fitnessbrasil.com.br\\\/?s={search_term_string}\"},\"query-input\":{\"@type\":\"PropertyValueSpecification\",\"valueRequired\":true,\"valueName\":\"search_term_string\"}}],\"inLanguage\":\"es\"},{\"@type\":\"Organization\",\"@id\":\"https:\\\/\\\/www.fitnessbrasil.com.br\\\/#organization\",\"name\":\"Fitness Brasil\",\"url\":\"https:\\\/\\\/www.fitnessbrasil.com.br\\\/\",\"logo\":{\"@type\":\"ImageObject\",\"inLanguage\":\"es\",\"@id\":\"https:\\\/\\\/www.fitnessbrasil.com.br\\\/#\\\/schema\\\/logo\\\/image\\\/\",\"url\":\"https:\\\/\\\/www.fitnessbrasil.com.br\\\/wp-content\\\/uploads\\\/2022\\\/01\\\/Logo-Fitness-Brasil_preto-e-cor.png\",\"contentUrl\":\"https:\\\/\\\/www.fitnessbrasil.com.br\\\/wp-content\\\/uploads\\\/2022\\\/01\\\/Logo-Fitness-Brasil_preto-e-cor.png\",\"width\":593,\"height\":316,\"caption\":\"Fitness Brasil\"},\"image\":{\"@id\":\"https:\\\/\\\/www.fitnessbrasil.com.br\\\/#\\\/schema\\\/logo\\\/image\\\/\"}},{\"@type\":\"Person\",\"@id\":\"https:\\\/\\\/www.fitnessbrasil.com.br\\\/#\\\/schema\\\/person\\\/44332d981b99ed3bec8d1f53079a3ad4\",\"name\":\"Yara Achoa\",\"image\":{\"@type\":\"ImageObject\",\"inLanguage\":\"es\",\"@id\":\"https:\\\/\\\/secure.gravatar.com\\\/avatar\\\/703d1497efa1686cdeb68ba91129ecb39a6e38dabd429d4b66e0f888e491d424?s=96&r=g&d=https:\\\/\\\/www.fitnessbrasil.com.br\\\/wp-content\\\/plugins\\\/userswp\\\/assets\\\/images\\\/no_profile.png\",\"url\":\"https:\\\/\\\/secure.gravatar.com\\\/avatar\\\/703d1497efa1686cdeb68ba91129ecb39a6e38dabd429d4b66e0f888e491d424?s=96&r=g&d=https:\\\/\\\/www.fitnessbrasil.com.br\\\/wp-content\\\/plugins\\\/userswp\\\/assets\\\/images\\\/no_profile.png\",\"contentUrl\":\"https:\\\/\\\/secure.gravatar.com\\\/avatar\\\/703d1497efa1686cdeb68ba91129ecb39a6e38dabd429d4b66e0f888e491d424?s=96&r=g&d=https:\\\/\\\/www.fitnessbrasil.com.br\\\/wp-content\\\/plugins\\\/userswp\\\/assets\\\/images\\\/no_profile.png\",\"caption\":\"Yara Achoa\"},\"sameAs\":[\"http:\\\/\\\/yara@fitnessbrasil.com.br\"],\"url\":\"https:\\\/\\\/www.fitnessbrasil.com.br\\\/es\\\/profile\\\/yara\\\/\"}]}<\/script>\n<!-- \/ Yoast SEO plugin. -->","yoast_head_json":{"title":"Para o aluno da sua academia: periodizar ou n\u00e3o periodizar o treino? Eis a quest\u00e3o que define os resultados - Fitness Brasil","description":"Entenda como a periodiza\u00e7\u00e3o de treinos ajuda alunos de academia a progredirem com seguran\u00e7a, const\u00e2ncia e melhores resultados","robots":{"index":"index","follow":"follow","max-snippet":"max-snippet:-1","max-image-preview":"max-image-preview:large","max-video-preview":"max-video-preview:-1"},"canonical":"https:\/\/www.fitnessbrasil.com.br\/es\/newsfitbr\/para-o-aluno-da-sua-academia-periodizar-ou-nao-periodizar-o-treino-eis-a-questao\/","og_locale":"es_ES","og_type":"article","og_title":"Para o aluno da sua academia: periodizar ou n\u00e3o periodizar o treino? Eis a quest\u00e3o que define os resultados - Fitness Brasil","og_description":"Entenda como a periodiza\u00e7\u00e3o de treinos ajuda alunos de academia a progredirem com seguran\u00e7a, const\u00e2ncia e melhores resultados","og_url":"https:\/\/www.fitnessbrasil.com.br\/es\/newsfitbr\/para-o-aluno-da-sua-academia-periodizar-ou-nao-periodizar-o-treino-eis-a-questao\/","og_site_name":"Fitness Brasil","article_published_time":"2026-01-12T20:05:06+00:00","article_modified_time":"2026-01-12T20:07:47+00:00","og_image":[{"width":1600,"height":1067,"url":"https:\/\/www.fitnessbrasil.com.br\/wp-content\/uploads\/2026\/01\/PERIODIZACAO-ACADEMIA-MARCELO-AFFONSO-AdobeStock_359487889.jpg","type":"image\/jpeg"}],"author":"Yara Achoa","twitter_card":"summary_large_image","twitter_misc":{"Escrito por":"Yara Achoa","Tiempo de lectura":"6 minutos"},"schema":{"@context":"https:\/\/schema.org","@graph":[{"@type":"Article","@id":"https:\/\/www.fitnessbrasil.com.br\/newsfitbr\/para-o-aluno-da-sua-academia-periodizar-ou-nao-periodizar-o-treino-eis-a-questao\/#article","isPartOf":{"@id":"https:\/\/www.fitnessbrasil.com.br\/newsfitbr\/para-o-aluno-da-sua-academia-periodizar-ou-nao-periodizar-o-treino-eis-a-questao\/"},"author":{"name":"Yara Achoa","@id":"https:\/\/www.fitnessbrasil.com.br\/#\/schema\/person\/44332d981b99ed3bec8d1f53079a3ad4"},"headline":"Para o aluno da sua academia: periodizar ou n\u00e3o periodizar o treino? Eis a quest\u00e3o que define os resultados","datePublished":"2026-01-12T20:05:06+00:00","dateModified":"2026-01-12T20:07:47+00:00","mainEntityOfPage":{"@id":"https:\/\/www.fitnessbrasil.com.br\/newsfitbr\/para-o-aluno-da-sua-academia-periodizar-ou-nao-periodizar-o-treino-eis-a-questao\/"},"wordCount":919,"publisher":{"@id":"https:\/\/www.fitnessbrasil.com.br\/#organization"},"image":{"@id":"https:\/\/www.fitnessbrasil.com.br\/newsfitbr\/para-o-aluno-da-sua-academia-periodizar-ou-nao-periodizar-o-treino-eis-a-questao\/#primaryimage"},"thumbnailUrl":"https:\/\/www.fitnessbrasil.com.br\/wp-content\/uploads\/2026\/01\/PERIODIZACAO-ACADEMIA-MARCELO-AFFONSO-AdobeStock_359487889.jpg","articleSection":["Colunistas","Destaques","Marcelo Affonso","Not\u00edcias"],"inLanguage":"es"},{"@type":"WebPage","@id":"https:\/\/www.fitnessbrasil.com.br\/newsfitbr\/para-o-aluno-da-sua-academia-periodizar-ou-nao-periodizar-o-treino-eis-a-questao\/","url":"https:\/\/www.fitnessbrasil.com.br\/newsfitbr\/para-o-aluno-da-sua-academia-periodizar-ou-nao-periodizar-o-treino-eis-a-questao\/","name":"Para o aluno da sua academia: periodizar ou n\u00e3o periodizar o treino? Eis a quest\u00e3o que define os resultados - Fitness Brasil","isPartOf":{"@id":"https:\/\/www.fitnessbrasil.com.br\/#website"},"primaryImageOfPage":{"@id":"https:\/\/www.fitnessbrasil.com.br\/newsfitbr\/para-o-aluno-da-sua-academia-periodizar-ou-nao-periodizar-o-treino-eis-a-questao\/#primaryimage"},"image":{"@id":"https:\/\/www.fitnessbrasil.com.br\/newsfitbr\/para-o-aluno-da-sua-academia-periodizar-ou-nao-periodizar-o-treino-eis-a-questao\/#primaryimage"},"thumbnailUrl":"https:\/\/www.fitnessbrasil.com.br\/wp-content\/uploads\/2026\/01\/PERIODIZACAO-ACADEMIA-MARCELO-AFFONSO-AdobeStock_359487889.jpg","datePublished":"2026-01-12T20:05:06+00:00","dateModified":"2026-01-12T20:07:47+00:00","description":"Entenda como a periodiza\u00e7\u00e3o de treinos ajuda alunos de academia a progredirem com seguran\u00e7a, const\u00e2ncia e melhores resultados","breadcrumb":{"@id":"https:\/\/www.fitnessbrasil.com.br\/newsfitbr\/para-o-aluno-da-sua-academia-periodizar-ou-nao-periodizar-o-treino-eis-a-questao\/#breadcrumb"},"inLanguage":"es","potentialAction":[{"@type":"ReadAction","target":["https:\/\/www.fitnessbrasil.com.br\/newsfitbr\/para-o-aluno-da-sua-academia-periodizar-ou-nao-periodizar-o-treino-eis-a-questao\/"]}]},{"@type":"ImageObject","inLanguage":"es","@id":"https:\/\/www.fitnessbrasil.com.br\/newsfitbr\/para-o-aluno-da-sua-academia-periodizar-ou-nao-periodizar-o-treino-eis-a-questao\/#primaryimage","url":"https:\/\/www.fitnessbrasil.com.br\/wp-content\/uploads\/2026\/01\/PERIODIZACAO-ACADEMIA-MARCELO-AFFONSO-AdobeStock_359487889.jpg","contentUrl":"https:\/\/www.fitnessbrasil.com.br\/wp-content\/uploads\/2026\/01\/PERIODIZACAO-ACADEMIA-MARCELO-AFFONSO-AdobeStock_359487889.jpg","width":1600,"height":1067},{"@type":"BreadcrumbList","@id":"https:\/\/www.fitnessbrasil.com.br\/newsfitbr\/para-o-aluno-da-sua-academia-periodizar-ou-nao-periodizar-o-treino-eis-a-questao\/#breadcrumb","itemListElement":[{"@type":"ListItem","position":1,"name":"In\u00edcio","item":"https:\/\/www.fitnessbrasil.com.br\/"},{"@type":"ListItem","position":2,"name":"Para o aluno da sua academia: periodizar ou n\u00e3o periodizar o treino? Eis a quest\u00e3o que define os resultados"}]},{"@type":"WebSite","@id":"https:\/\/www.fitnessbrasil.com.br\/#website","url":"https:\/\/www.fitnessbrasil.com.br\/","name":"Fitness Brasil","description":"","publisher":{"@id":"https:\/\/www.fitnessbrasil.com.br\/#organization"},"potentialAction":[{"@type":"SearchAction","target":{"@type":"EntryPoint","urlTemplate":"https:\/\/www.fitnessbrasil.com.br\/?s={search_term_string}"},"query-input":{"@type":"PropertyValueSpecification","valueRequired":true,"valueName":"search_term_string"}}],"inLanguage":"es"},{"@type":"Organization","@id":"https:\/\/www.fitnessbrasil.com.br\/#organization","name":"Fitness Brasil","url":"https:\/\/www.fitnessbrasil.com.br\/","logo":{"@type":"ImageObject","inLanguage":"es","@id":"https:\/\/www.fitnessbrasil.com.br\/#\/schema\/logo\/image\/","url":"https:\/\/www.fitnessbrasil.com.br\/wp-content\/uploads\/2022\/01\/Logo-Fitness-Brasil_preto-e-cor.png","contentUrl":"https:\/\/www.fitnessbrasil.com.br\/wp-content\/uploads\/2022\/01\/Logo-Fitness-Brasil_preto-e-cor.png","width":593,"height":316,"caption":"Fitness Brasil"},"image":{"@id":"https:\/\/www.fitnessbrasil.com.br\/#\/schema\/logo\/image\/"}},{"@type":"Person","@id":"https:\/\/www.fitnessbrasil.com.br\/#\/schema\/person\/44332d981b99ed3bec8d1f53079a3ad4","name":"Yara Achoa","image":{"@type":"ImageObject","inLanguage":"es","@id":"https:\/\/secure.gravatar.com\/avatar\/703d1497efa1686cdeb68ba91129ecb39a6e38dabd429d4b66e0f888e491d424?s=96&r=g&d=https:\/\/www.fitnessbrasil.com.br\/wp-content\/plugins\/userswp\/assets\/images\/no_profile.png","url":"https:\/\/secure.gravatar.com\/avatar\/703d1497efa1686cdeb68ba91129ecb39a6e38dabd429d4b66e0f888e491d424?s=96&r=g&d=https:\/\/www.fitnessbrasil.com.br\/wp-content\/plugins\/userswp\/assets\/images\/no_profile.png","contentUrl":"https:\/\/secure.gravatar.com\/avatar\/703d1497efa1686cdeb68ba91129ecb39a6e38dabd429d4b66e0f888e491d424?s=96&r=g&d=https:\/\/www.fitnessbrasil.com.br\/wp-content\/plugins\/userswp\/assets\/images\/no_profile.png","caption":"Yara Achoa"},"sameAs":["http:\/\/yara@fitnessbrasil.com.br"],"url":"https:\/\/www.fitnessbrasil.com.br\/es\/profile\/yara\/"}]}},"_links":{"self":[{"href":"https:\/\/www.fitnessbrasil.com.br\/es\/wp-json\/wp\/v2\/posts\/130961","targetHints":{"allow":["GET"]}}],"collection":[{"href":"https:\/\/www.fitnessbrasil.com.br\/es\/wp-json\/wp\/v2\/posts"}],"about":[{"href":"https:\/\/www.fitnessbrasil.com.br\/es\/wp-json\/wp\/v2\/types\/post"}],"author":[{"embeddable":true,"href":"https:\/\/www.fitnessbrasil.com.br\/es\/wp-json\/wp\/v2\/users\/40"}],"replies":[{"embeddable":true,"href":"https:\/\/www.fitnessbrasil.com.br\/es\/wp-json\/wp\/v2\/comments?post=130961"}],"version-history":[{"count":8,"href":"https:\/\/www.fitnessbrasil.com.br\/es\/wp-json\/wp\/v2\/posts\/130961\/revisions"}],"predecessor-version":[{"id":130970,"href":"https:\/\/www.fitnessbrasil.com.br\/es\/wp-json\/wp\/v2\/posts\/130961\/revisions\/130970"}],"wp:featuredmedia":[{"embeddable":true,"href":"https:\/\/www.fitnessbrasil.com.br\/es\/wp-json\/wp\/v2\/media\/130966"}],"wp:attachment":[{"href":"https:\/\/www.fitnessbrasil.com.br\/es\/wp-json\/wp\/v2\/media?parent=130961"}],"wp:term":[{"taxonomy":"category","embeddable":true,"href":"https:\/\/www.fitnessbrasil.com.br\/es\/wp-json\/wp\/v2\/categories?post=130961"},{"taxonomy":"post_tag","embeddable":true,"href":"https:\/\/www.fitnessbrasil.com.br\/es\/wp-json\/wp\/v2\/tags?post=130961"},{"taxonomy":"post_folder","embeddable":true,"href":"https:\/\/www.fitnessbrasil.com.br\/es\/wp-json\/wp\/v2\/post_folder?post=130961"}],"curies":[{"name":"wp","href":"https:\/\/api.w.org\/{rel}","templated":true}]}}