{"id":130982,"date":"2026-01-14T14:51:01","date_gmt":"2026-01-14T17:51:01","guid":{"rendered":"https:\/\/www.fitnessbrasil.com.br\/?p=130982"},"modified":"2026-01-14T14:53:28","modified_gmt":"2026-01-14T17:53:28","slug":"vou-pensar-esta-e-a-frase-mais-comum-e-mais-mal-interpretada-no-atendimento-de-academias","status":"publish","type":"post","link":"https:\/\/www.fitnessbrasil.com.br\/es\/newsfitbr\/vou-pensar-esta-e-a-frase-mais-comum-e-mais-mal-interpretada-no-atendimento-de-academias\/","title":{"rendered":"\u201cVou pensar\u2026\u201d Esta \u00e9 a frase mais comum &#8211; e mais mal interpretada &#8211; no atendimento de academias"},"content":{"rendered":"<p><em>Se voc\u00ea trabalha com atendimento em academia, n\u00e3o precisa de estat\u00edstica para confirmar: essa \u00e9, disparada, a frase mais ouvida no final de uma conversa comercial<\/em><\/p>\n\n\n\n<p>Karina Bernini, colunista Fitness Brasil<br>14\/1\/2026<\/p>\n\n\n\n<p>O cliente visita a unidade, conhece o espa\u00e7o, pergunta sobre planos, treina a imagina\u00e7\u00e3o por alguns minutos\u2026 e encerra com um educado e previs\u00edvel: <strong>\u201cvou pensar.\u201d<\/strong> <\/p>\n\n\n\n<p><strong>Depois de anos acompanhando de perto a rotina de academias, equipes comerciais e processos de vendas no mercado fitness, posso afirmar com tranquilidade: na maioria das vezes, essa frase n\u00e3o significa d\u00favida. Significa sa\u00edda.<\/strong><\/p>\n\n\n\n<h4 class=\"wp-block-heading\"><a href=\"https:\/\/www.fitnessbrasil.com.br\/es\/fitness-brasil-expo-2026\/\"><strong>+ Fitness Brasil Expo: o maior evento de fitness, sa\u00fade e bem-estar da Am\u00e9rica Latina<\/strong><\/a><br><a href=\"https:\/\/www.instagram.com\/fitnessbrasil_oficial\/\"><strong>+ Siga a Fitness Brasil no Instagram<\/strong><\/a><br><a href=\"https:\/\/www.whatsapp.com\/channel\/0029VarCqD5InlqU52KNAv3J\"><strong>+ Fa\u00e7a parte do nosso Canal no WhatsApp<\/strong><\/a><\/h4>\n\n\n\n<p>O \u201cvou pensar\u201d \u00e9, quase sempre, uma maneira elegante de encerrar o atendimento sem criar desconforto. <strong>N\u00e3o \u00e9 ataque ao atendente, nem falta de educa\u00e7\u00e3o. \u00c9 apenas o caminho mais f\u00e1cil quando o cliente n\u00e3o encontrou motivos suficientes para decidir naquele momento.<\/strong><\/p>\n\n\n\n<p>E aqui est\u00e1 um ponto que ainda precisa ser melhor compreendido no nosso segmento: <strong>quase nunca o problema \u00e9 o pre\u00e7o<\/strong>.<\/p>\n\n\n\n<figure class=\"wp-block-image size-large\"><a href=\"https:\/\/www.fitnessbrasil.com.br\/wp-content\/uploads\/2026\/01\/academia-vou-pensar-AdobeStock_414703363-scaled.jpg\"><img decoding=\"async\" width=\"2047\" height=\"1462\" data-src=\"https:\/\/www.fitnessbrasil.com.br\/wp-content\/uploads\/2026\/01\/academia-vou-pensar-AdobeStock_414703363-edited.jpg\" alt=\"academia comercial vendas\" class=\"wp-image-130987 lazyload\" data-srcset=\"https:\/\/www.fitnessbrasil.com.br\/wp-content\/uploads\/2026\/01\/academia-vou-pensar-AdobeStock_414703363-edited.jpg 2047w, https:\/\/www.fitnessbrasil.com.br\/wp-content\/uploads\/2026\/01\/academia-vou-pensar-AdobeStock_414703363-edited-560x400.jpg 560w, https:\/\/www.fitnessbrasil.com.br\/wp-content\/uploads\/2026\/01\/academia-vou-pensar-AdobeStock_414703363-edited-1120x800.jpg 1120w, https:\/\/www.fitnessbrasil.com.br\/wp-content\/uploads\/2026\/01\/academia-vou-pensar-AdobeStock_414703363-edited-768x549.jpg 768w, https:\/\/www.fitnessbrasil.com.br\/wp-content\/uploads\/2026\/01\/academia-vou-pensar-AdobeStock_414703363-edited-1536x1097.jpg 1536w, https:\/\/www.fitnessbrasil.com.br\/wp-content\/uploads\/2026\/01\/academia-vou-pensar-AdobeStock_414703363-edited-18x12.jpg 18w, https:\/\/www.fitnessbrasil.com.br\/wp-content\/uploads\/2026\/01\/academia-vou-pensar-AdobeStock_414703363-edited-510x364.jpg 510w\" data-sizes=\"(max-width: 2047px) 100vw, 2047px\" src=\"data:image\/svg+xml;base64,PHN2ZyB3aWR0aD0iMSIgaGVpZ2h0PSIxIiB4bWxucz0iaHR0cDovL3d3dy53My5vcmcvMjAwMC9zdmciPjwvc3ZnPg==\" style=\"--smush-placeholder-width: 2047px; --smush-placeholder-aspect-ratio: 2047\/1462;\" \/><\/a><\/figure>\n\n\n\n<p><strong>Quando a decis\u00e3o n\u00e3o acontece, o que falhou foi o valor percebido.<\/strong> O cliente at\u00e9 pode ter gostado da estrutura, dos equipamentos e da localiza\u00e7\u00e3o, mas n\u00e3o conseguiu conectar aquela experi\u00eancia a uma necessidade pessoal clara. Quando o atendimento fica centrado demais em planos, mensalidades e regras, e pouco na realidade daquele cliente, a academia vira apenas \u201cmais uma op\u00e7\u00e3o\u201d. E op\u00e7\u00e3o raramente gera urg\u00eancia.<\/p>\n\n\n\n<h4 class=\"wp-block-heading\"><strong>Leia tamb\u00e9m<\/strong><br><strong><a href=\"https:\/\/www.fitnessbrasil.com.br\/es\/newsfitbr\/gestor-comercial-de-academia-se-voce-nao-controlar-seu-tempo-nao-vai-controlar-mais-nada\/\">Gestor comercial de academia: se voc\u00ea n\u00e3o controlar seu tempo, n\u00e3o vai controlar mais nada<\/a><br><a href=\"https:\/\/www.fitnessbrasil.com.br\/es\/newsfitbr\/cinco-erros-que-afundam-gerentes-comerciais-de-academias-e-como-voce-pode-evita-los\/\">Cinco erros que afundam gerentes comerciais de academias \u2013 e como voc\u00ea pode evit\u00e1-los<\/a><\/strong><\/h4>\n\n\n\n<p><strong>Tamb\u00e9m vejo com frequ\u00eancia atendimentos corretos, educados, mas pouco conectados. O cliente n\u00e3o se sente verdadeiramente escutado, orientado ou conduzido. <\/strong>Falta profundidade na conversa, falta leitura de cen\u00e1rio, falta presen\u00e7a. E quando n\u00e3o h\u00e1 confian\u00e7a, n\u00e3o h\u00e1 decis\u00e3o. O \u201cvou pensar\u201d aparece como uma forma confort\u00e1vel de ir embora sem se comprometer.<\/p>\n\n\n\n<p><strong>Outro erro comum est\u00e1 na aus\u00eancia de dire\u00e7\u00e3o. <\/strong>O cliente sai sem clareza sobre qual plano faz mais sentido para ele, por onde come\u00e7ar ou por que aquele momento \u00e9 importante. <strong>Sem um pr\u00f3ximo passo bem definido, a decis\u00e3o fica solta \u2014 e tudo o que fica solto tende a ser adiado.<\/strong><\/p>\n\n\n\n<p>Por isso, sempre refor\u00e7o: o \u201cvou pensar\u201d n\u00e3o fala sobre o bolso do cliente. Ele fala sobre o processo de atendimento da academia. Quando isso n\u00e3o acontece, o recado \u00e9 claro: <strong>faltou um motivo forte para o sim imediato<\/strong>.<\/p>\n\n\n\n<p><strong><a href=\"https:\/\/www.fitnessbrasil.com.br\/es\/panorama-setorial-2025-4a-edicao\/\">+ Baixe gratuitamente o Panorama Setorial Fitness Brasil 2025\u00a0\u2013 patroc\u00ednio de\u00a0<strong>ABC Evo\u00a0<\/strong>e<strong>\u00a0Matrix\u00a0Fitness<\/strong><\/a><\/strong><\/p>\n\n\n\n<p><strong>Para equipes de atendimento, o grande aprendizado \u00e9 olhar para essa frase como um term\u00f4metro. <\/strong>Ela mostra onde o processo pode melhorar \u2014 na abordagem, na escuta, na constru\u00e7\u00e3o de valor, na conex\u00e3o e na clareza da proposta.<\/p>\n\n\n\n<p><strong>Venda em academia n\u00e3o \u00e9 insist\u00eancia. \u00c9 leitura de cen\u00e1rio, escuta qualificada e dire\u00e7\u00e3o.<\/strong><br>Quando isso est\u00e1 bem alinhado, o \u201cvou pensar\u201d deixa de ser rotina\u2026 e a decis\u00e3o acontece no agora.<\/p>\n\n\n\n<p>E sua equipe, como reage quando ouve um \u201cvou pensar\u201d do cliente?<\/p>\n\n\n\n<p class=\"has-small-font-size\"><em>Karina Bernini tem 26 anos de experi\u00eancia no mercado fitness, atua como Gerente Comercial da Fitness Brasil e Consultora S\u00eanior na Saba Educa\u00e7\u00e3o e Consultoria. \u00c9 especialista em estrat\u00e9gias comerciais, treinadora de gestores, consultores de vendas e recepcionistas de academias e est\u00fadios, com foco em performance, convers\u00e3o e excel\u00eancia&nbsp;no&nbsp;atendimento.<\/em><\/p>\n\n\n\n<p><\/p>","protected":false},"excerpt":{"rendered":"<p>Se voc\u00ea trabalha com atendimento em academia, essa \u00e9, disparada, a frase mais ouvida no final de uma conversa comercial<\/p>","protected":false},"author":25076,"featured_media":130987,"comment_status":"closed","ping_status":"closed","sticky":false,"template":"","format":"standard","meta":{"_acf_changed":false,"footnotes":""},"categories":[74,430,514,70],"tags":[],"post_folder":[],"class_list":["post-130982","post","type-post","status-publish","format-standard","has-post-thumbnail","hentry","category-colunistas","category-destaques","category-karina-bernini","category-noticias"],"acf":[],"yoast_head":"<!-- This site is optimized with the Yoast SEO plugin v27.4 - https:\/\/yoast.com\/product\/yoast-seo-wordpress\/ -->\n<title>\u201cVou pensar\u2026\u201d Esta \u00e9 a frase mais comum - e mais mal interpretada - no atendimento de academias - Fitness Brasil<\/title>\n<meta name=\"description\" content=\"Se voc\u00ea trabalha com atendimento em academia, sabe que essa \u00e9 a frase mais ouvida no final de uma conversa comercial\" \/>\n<meta name=\"robots\" content=\"index, follow, max-snippet:-1, max-image-preview:large, max-video-preview:-1\" \/>\n<link rel=\"canonical\" href=\"https:\/\/www.fitnessbrasil.com.br\/es\/newsfitbr\/vou-pensar-esta-e-a-frase-mais-comum-e-mais-mal-interpretada-no-atendimento-de-academias\/\" \/>\n<meta property=\"og:locale\" content=\"es_ES\" \/>\n<meta property=\"og:type\" content=\"article\" \/>\n<meta property=\"og:title\" content=\"\u201cVou pensar\u2026\u201d Esta \u00e9 a frase mais comum - e mais mal interpretada - no atendimento de academias - Fitness Brasil\" \/>\n<meta property=\"og:description\" content=\"Se voc\u00ea trabalha com atendimento em academia, sabe que essa \u00e9 a frase mais ouvida no final de uma conversa comercial\" \/>\n<meta property=\"og:url\" content=\"https:\/\/www.fitnessbrasil.com.br\/es\/newsfitbr\/vou-pensar-esta-e-a-frase-mais-comum-e-mais-mal-interpretada-no-atendimento-de-academias\/\" \/>\n<meta property=\"og:site_name\" content=\"Fitness Brasil\" \/>\n<meta property=\"article:published_time\" content=\"2026-01-14T17:51:01+00:00\" \/>\n<meta property=\"article:modified_time\" content=\"2026-01-14T17:53:28+00:00\" \/>\n<meta property=\"og:image\" content=\"https:\/\/www.fitnessbrasil.com.br\/wp-content\/uploads\/2026\/01\/academia-vou-pensar-AdobeStock_414703363-edited.jpg\" \/>\n\t<meta property=\"og:image:width\" content=\"2047\" \/>\n\t<meta property=\"og:image:height\" content=\"1462\" \/>\n\t<meta property=\"og:image:type\" content=\"image\/jpeg\" \/>\n<meta name=\"author\" content=\"Karina Bernini\" \/>\n<meta name=\"twitter:card\" content=\"summary_large_image\" \/>\n<meta name=\"twitter:label1\" content=\"Escrito por\" \/>\n\t<meta name=\"twitter:data1\" content=\"Karina Bernini\" \/>\n\t<meta name=\"twitter:label2\" content=\"Tiempo de lectura\" \/>\n\t<meta name=\"twitter:data2\" content=\"4 minutos\" \/>\n<script type=\"application\/ld+json\" class=\"yoast-schema-graph\">{\"@context\":\"https:\\\/\\\/schema.org\",\"@graph\":[{\"@type\":\"Article\",\"@id\":\"https:\\\/\\\/www.fitnessbrasil.com.br\\\/newsfitbr\\\/vou-pensar-esta-e-a-frase-mais-comum-e-mais-mal-interpretada-no-atendimento-de-academias\\\/#article\",\"isPartOf\":{\"@id\":\"https:\\\/\\\/www.fitnessbrasil.com.br\\\/newsfitbr\\\/vou-pensar-esta-e-a-frase-mais-comum-e-mais-mal-interpretada-no-atendimento-de-academias\\\/\"},\"author\":{\"name\":\"Karina Bernini\",\"@id\":\"https:\\\/\\\/www.fitnessbrasil.com.br\\\/#\\\/schema\\\/person\\\/a87213694478d034390ebecc8273331b\"},\"headline\":\"\u201cVou pensar\u2026\u201d Esta \u00e9 a frase mais comum &#8211; e mais mal interpretada &#8211; no atendimento de academias\",\"datePublished\":\"2026-01-14T17:51:01+00:00\",\"dateModified\":\"2026-01-14T17:53:28+00:00\",\"mainEntityOfPage\":{\"@id\":\"https:\\\/\\\/www.fitnessbrasil.com.br\\\/newsfitbr\\\/vou-pensar-esta-e-a-frase-mais-comum-e-mais-mal-interpretada-no-atendimento-de-academias\\\/\"},\"wordCount\":633,\"publisher\":{\"@id\":\"https:\\\/\\\/www.fitnessbrasil.com.br\\\/#organization\"},\"image\":{\"@id\":\"https:\\\/\\\/www.fitnessbrasil.com.br\\\/newsfitbr\\\/vou-pensar-esta-e-a-frase-mais-comum-e-mais-mal-interpretada-no-atendimento-de-academias\\\/#primaryimage\"},\"thumbnailUrl\":\"https:\\\/\\\/www.fitnessbrasil.com.br\\\/wp-content\\\/uploads\\\/2026\\\/01\\\/academia-vou-pensar-AdobeStock_414703363-edited.jpg\",\"articleSection\":[\"Colunistas\",\"Destaques\",\"Karina Bernini\",\"Not\u00edcias\"],\"inLanguage\":\"es\"},{\"@type\":\"WebPage\",\"@id\":\"https:\\\/\\\/www.fitnessbrasil.com.br\\\/newsfitbr\\\/vou-pensar-esta-e-a-frase-mais-comum-e-mais-mal-interpretada-no-atendimento-de-academias\\\/\",\"url\":\"https:\\\/\\\/www.fitnessbrasil.com.br\\\/newsfitbr\\\/vou-pensar-esta-e-a-frase-mais-comum-e-mais-mal-interpretada-no-atendimento-de-academias\\\/\",\"name\":\"\u201cVou pensar\u2026\u201d Esta \u00e9 a frase mais comum - e mais mal interpretada - no atendimento de academias - Fitness Brasil\",\"isPartOf\":{\"@id\":\"https:\\\/\\\/www.fitnessbrasil.com.br\\\/#website\"},\"primaryImageOfPage\":{\"@id\":\"https:\\\/\\\/www.fitnessbrasil.com.br\\\/newsfitbr\\\/vou-pensar-esta-e-a-frase-mais-comum-e-mais-mal-interpretada-no-atendimento-de-academias\\\/#primaryimage\"},\"image\":{\"@id\":\"https:\\\/\\\/www.fitnessbrasil.com.br\\\/newsfitbr\\\/vou-pensar-esta-e-a-frase-mais-comum-e-mais-mal-interpretada-no-atendimento-de-academias\\\/#primaryimage\"},\"thumbnailUrl\":\"https:\\\/\\\/www.fitnessbrasil.com.br\\\/wp-content\\\/uploads\\\/2026\\\/01\\\/academia-vou-pensar-AdobeStock_414703363-edited.jpg\",\"datePublished\":\"2026-01-14T17:51:01+00:00\",\"dateModified\":\"2026-01-14T17:53:28+00:00\",\"description\":\"Se voc\u00ea trabalha com atendimento em academia, sabe que essa \u00e9 a frase mais ouvida no final de uma conversa comercial\",\"breadcrumb\":{\"@id\":\"https:\\\/\\\/www.fitnessbrasil.com.br\\\/newsfitbr\\\/vou-pensar-esta-e-a-frase-mais-comum-e-mais-mal-interpretada-no-atendimento-de-academias\\\/#breadcrumb\"},\"inLanguage\":\"es\",\"potentialAction\":[{\"@type\":\"ReadAction\",\"target\":[\"https:\\\/\\\/www.fitnessbrasil.com.br\\\/newsfitbr\\\/vou-pensar-esta-e-a-frase-mais-comum-e-mais-mal-interpretada-no-atendimento-de-academias\\\/\"]}]},{\"@type\":\"ImageObject\",\"inLanguage\":\"es\",\"@id\":\"https:\\\/\\\/www.fitnessbrasil.com.br\\\/newsfitbr\\\/vou-pensar-esta-e-a-frase-mais-comum-e-mais-mal-interpretada-no-atendimento-de-academias\\\/#primaryimage\",\"url\":\"https:\\\/\\\/www.fitnessbrasil.com.br\\\/wp-content\\\/uploads\\\/2026\\\/01\\\/academia-vou-pensar-AdobeStock_414703363-edited.jpg\",\"contentUrl\":\"https:\\\/\\\/www.fitnessbrasil.com.br\\\/wp-content\\\/uploads\\\/2026\\\/01\\\/academia-vou-pensar-AdobeStock_414703363-edited.jpg\",\"width\":2047,\"height\":1462,\"caption\":\"academia comercial vendas\"},{\"@type\":\"BreadcrumbList\",\"@id\":\"https:\\\/\\\/www.fitnessbrasil.com.br\\\/newsfitbr\\\/vou-pensar-esta-e-a-frase-mais-comum-e-mais-mal-interpretada-no-atendimento-de-academias\\\/#breadcrumb\",\"itemListElement\":[{\"@type\":\"ListItem\",\"position\":1,\"name\":\"In\u00edcio\",\"item\":\"https:\\\/\\\/www.fitnessbrasil.com.br\\\/\"},{\"@type\":\"ListItem\",\"position\":2,\"name\":\"\u201cVou pensar\u2026\u201d Esta \u00e9 a frase mais comum &#8211; e mais mal interpretada &#8211; no atendimento de academias\"}]},{\"@type\":\"WebSite\",\"@id\":\"https:\\\/\\\/www.fitnessbrasil.com.br\\\/#website\",\"url\":\"https:\\\/\\\/www.fitnessbrasil.com.br\\\/\",\"name\":\"Fitness Brasil\",\"description\":\"\",\"publisher\":{\"@id\":\"https:\\\/\\\/www.fitnessbrasil.com.br\\\/#organization\"},\"potentialAction\":[{\"@type\":\"SearchAction\",\"target\":{\"@type\":\"EntryPoint\",\"urlTemplate\":\"https:\\\/\\\/www.fitnessbrasil.com.br\\\/?s={search_term_string}\"},\"query-input\":{\"@type\":\"PropertyValueSpecification\",\"valueRequired\":true,\"valueName\":\"search_term_string\"}}],\"inLanguage\":\"es\"},{\"@type\":\"Organization\",\"@id\":\"https:\\\/\\\/www.fitnessbrasil.com.br\\\/#organization\",\"name\":\"Fitness Brasil\",\"url\":\"https:\\\/\\\/www.fitnessbrasil.com.br\\\/\",\"logo\":{\"@type\":\"ImageObject\",\"inLanguage\":\"es\",\"@id\":\"https:\\\/\\\/www.fitnessbrasil.com.br\\\/#\\\/schema\\\/logo\\\/image\\\/\",\"url\":\"https:\\\/\\\/www.fitnessbrasil.com.br\\\/wp-content\\\/uploads\\\/2022\\\/01\\\/Logo-Fitness-Brasil_preto-e-cor.png\",\"contentUrl\":\"https:\\\/\\\/www.fitnessbrasil.com.br\\\/wp-content\\\/uploads\\\/2022\\\/01\\\/Logo-Fitness-Brasil_preto-e-cor.png\",\"width\":593,\"height\":316,\"caption\":\"Fitness Brasil\"},\"image\":{\"@id\":\"https:\\\/\\\/www.fitnessbrasil.com.br\\\/#\\\/schema\\\/logo\\\/image\\\/\"}},{\"@type\":\"Person\",\"@id\":\"https:\\\/\\\/www.fitnessbrasil.com.br\\\/#\\\/schema\\\/person\\\/a87213694478d034390ebecc8273331b\",\"name\":\"Karina Bernini\",\"image\":{\"@type\":\"ImageObject\",\"inLanguage\":\"es\",\"@id\":\"https:\\\/\\\/secure.gravatar.com\\\/avatar\\\/c513d36e2b643e62c53e3ecc86dda0ca87909496b52dd5672e1066546892f9f8?s=96&r=g&d=https:\\\/\\\/www.fitnessbrasil.com.br\\\/wp-content\\\/plugins\\\/userswp\\\/assets\\\/images\\\/no_profile.png\",\"url\":\"https:\\\/\\\/secure.gravatar.com\\\/avatar\\\/c513d36e2b643e62c53e3ecc86dda0ca87909496b52dd5672e1066546892f9f8?s=96&r=g&d=https:\\\/\\\/www.fitnessbrasil.com.br\\\/wp-content\\\/plugins\\\/userswp\\\/assets\\\/images\\\/no_profile.png\",\"contentUrl\":\"https:\\\/\\\/secure.gravatar.com\\\/avatar\\\/c513d36e2b643e62c53e3ecc86dda0ca87909496b52dd5672e1066546892f9f8?s=96&r=g&d=https:\\\/\\\/www.fitnessbrasil.com.br\\\/wp-content\\\/plugins\\\/userswp\\\/assets\\\/images\\\/no_profile.png\",\"caption\":\"Karina Bernini\"},\"url\":\"https:\\\/\\\/www.fitnessbrasil.com.br\\\/es\\\/profile\\\/karina-berninifitnessbrasil-com-br\\\/\"}]}<\/script>\n<!-- \/ Yoast SEO plugin. -->","yoast_head_json":{"title":"\u201cVou pensar\u2026\u201d Esta \u00e9 a frase mais comum - e mais mal interpretada - no atendimento de academias - Fitness Brasil","description":"Se voc\u00ea trabalha com atendimento em academia, sabe que essa \u00e9 a frase mais ouvida no final de uma conversa comercial","robots":{"index":"index","follow":"follow","max-snippet":"max-snippet:-1","max-image-preview":"max-image-preview:large","max-video-preview":"max-video-preview:-1"},"canonical":"https:\/\/www.fitnessbrasil.com.br\/es\/newsfitbr\/vou-pensar-esta-e-a-frase-mais-comum-e-mais-mal-interpretada-no-atendimento-de-academias\/","og_locale":"es_ES","og_type":"article","og_title":"\u201cVou pensar\u2026\u201d Esta \u00e9 a frase mais comum - e mais mal interpretada - no atendimento de academias - Fitness Brasil","og_description":"Se voc\u00ea trabalha com atendimento em academia, sabe que essa \u00e9 a frase mais ouvida no final de uma conversa comercial","og_url":"https:\/\/www.fitnessbrasil.com.br\/es\/newsfitbr\/vou-pensar-esta-e-a-frase-mais-comum-e-mais-mal-interpretada-no-atendimento-de-academias\/","og_site_name":"Fitness Brasil","article_published_time":"2026-01-14T17:51:01+00:00","article_modified_time":"2026-01-14T17:53:28+00:00","og_image":[{"width":2047,"height":1462,"url":"https:\/\/www.fitnessbrasil.com.br\/wp-content\/uploads\/2026\/01\/academia-vou-pensar-AdobeStock_414703363-edited.jpg","type":"image\/jpeg"}],"author":"Karina Bernini","twitter_card":"summary_large_image","twitter_misc":{"Escrito por":"Karina Bernini","Tiempo de lectura":"4 minutos"},"schema":{"@context":"https:\/\/schema.org","@graph":[{"@type":"Article","@id":"https:\/\/www.fitnessbrasil.com.br\/newsfitbr\/vou-pensar-esta-e-a-frase-mais-comum-e-mais-mal-interpretada-no-atendimento-de-academias\/#article","isPartOf":{"@id":"https:\/\/www.fitnessbrasil.com.br\/newsfitbr\/vou-pensar-esta-e-a-frase-mais-comum-e-mais-mal-interpretada-no-atendimento-de-academias\/"},"author":{"name":"Karina Bernini","@id":"https:\/\/www.fitnessbrasil.com.br\/#\/schema\/person\/a87213694478d034390ebecc8273331b"},"headline":"\u201cVou pensar\u2026\u201d Esta \u00e9 a frase mais comum &#8211; e mais mal interpretada &#8211; no atendimento de academias","datePublished":"2026-01-14T17:51:01+00:00","dateModified":"2026-01-14T17:53:28+00:00","mainEntityOfPage":{"@id":"https:\/\/www.fitnessbrasil.com.br\/newsfitbr\/vou-pensar-esta-e-a-frase-mais-comum-e-mais-mal-interpretada-no-atendimento-de-academias\/"},"wordCount":633,"publisher":{"@id":"https:\/\/www.fitnessbrasil.com.br\/#organization"},"image":{"@id":"https:\/\/www.fitnessbrasil.com.br\/newsfitbr\/vou-pensar-esta-e-a-frase-mais-comum-e-mais-mal-interpretada-no-atendimento-de-academias\/#primaryimage"},"thumbnailUrl":"https:\/\/www.fitnessbrasil.com.br\/wp-content\/uploads\/2026\/01\/academia-vou-pensar-AdobeStock_414703363-edited.jpg","articleSection":["Colunistas","Destaques","Karina Bernini","Not\u00edcias"],"inLanguage":"es"},{"@type":"WebPage","@id":"https:\/\/www.fitnessbrasil.com.br\/newsfitbr\/vou-pensar-esta-e-a-frase-mais-comum-e-mais-mal-interpretada-no-atendimento-de-academias\/","url":"https:\/\/www.fitnessbrasil.com.br\/newsfitbr\/vou-pensar-esta-e-a-frase-mais-comum-e-mais-mal-interpretada-no-atendimento-de-academias\/","name":"\u201cVou pensar\u2026\u201d Esta \u00e9 a frase mais comum - e mais mal interpretada - no atendimento de academias - Fitness Brasil","isPartOf":{"@id":"https:\/\/www.fitnessbrasil.com.br\/#website"},"primaryImageOfPage":{"@id":"https:\/\/www.fitnessbrasil.com.br\/newsfitbr\/vou-pensar-esta-e-a-frase-mais-comum-e-mais-mal-interpretada-no-atendimento-de-academias\/#primaryimage"},"image":{"@id":"https:\/\/www.fitnessbrasil.com.br\/newsfitbr\/vou-pensar-esta-e-a-frase-mais-comum-e-mais-mal-interpretada-no-atendimento-de-academias\/#primaryimage"},"thumbnailUrl":"https:\/\/www.fitnessbrasil.com.br\/wp-content\/uploads\/2026\/01\/academia-vou-pensar-AdobeStock_414703363-edited.jpg","datePublished":"2026-01-14T17:51:01+00:00","dateModified":"2026-01-14T17:53:28+00:00","description":"Se voc\u00ea trabalha com atendimento em academia, sabe que essa \u00e9 a frase mais ouvida no final de uma conversa comercial","breadcrumb":{"@id":"https:\/\/www.fitnessbrasil.com.br\/newsfitbr\/vou-pensar-esta-e-a-frase-mais-comum-e-mais-mal-interpretada-no-atendimento-de-academias\/#breadcrumb"},"inLanguage":"es","potentialAction":[{"@type":"ReadAction","target":["https:\/\/www.fitnessbrasil.com.br\/newsfitbr\/vou-pensar-esta-e-a-frase-mais-comum-e-mais-mal-interpretada-no-atendimento-de-academias\/"]}]},{"@type":"ImageObject","inLanguage":"es","@id":"https:\/\/www.fitnessbrasil.com.br\/newsfitbr\/vou-pensar-esta-e-a-frase-mais-comum-e-mais-mal-interpretada-no-atendimento-de-academias\/#primaryimage","url":"https:\/\/www.fitnessbrasil.com.br\/wp-content\/uploads\/2026\/01\/academia-vou-pensar-AdobeStock_414703363-edited.jpg","contentUrl":"https:\/\/www.fitnessbrasil.com.br\/wp-content\/uploads\/2026\/01\/academia-vou-pensar-AdobeStock_414703363-edited.jpg","width":2047,"height":1462,"caption":"academia comercial vendas"},{"@type":"BreadcrumbList","@id":"https:\/\/www.fitnessbrasil.com.br\/newsfitbr\/vou-pensar-esta-e-a-frase-mais-comum-e-mais-mal-interpretada-no-atendimento-de-academias\/#breadcrumb","itemListElement":[{"@type":"ListItem","position":1,"name":"In\u00edcio","item":"https:\/\/www.fitnessbrasil.com.br\/"},{"@type":"ListItem","position":2,"name":"\u201cVou pensar\u2026\u201d Esta \u00e9 a frase mais comum &#8211; e mais mal interpretada &#8211; no atendimento de academias"}]},{"@type":"WebSite","@id":"https:\/\/www.fitnessbrasil.com.br\/#website","url":"https:\/\/www.fitnessbrasil.com.br\/","name":"Fitness Brasil","description":"","publisher":{"@id":"https:\/\/www.fitnessbrasil.com.br\/#organization"},"potentialAction":[{"@type":"SearchAction","target":{"@type":"EntryPoint","urlTemplate":"https:\/\/www.fitnessbrasil.com.br\/?s={search_term_string}"},"query-input":{"@type":"PropertyValueSpecification","valueRequired":true,"valueName":"search_term_string"}}],"inLanguage":"es"},{"@type":"Organization","@id":"https:\/\/www.fitnessbrasil.com.br\/#organization","name":"Fitness Brasil","url":"https:\/\/www.fitnessbrasil.com.br\/","logo":{"@type":"ImageObject","inLanguage":"es","@id":"https:\/\/www.fitnessbrasil.com.br\/#\/schema\/logo\/image\/","url":"https:\/\/www.fitnessbrasil.com.br\/wp-content\/uploads\/2022\/01\/Logo-Fitness-Brasil_preto-e-cor.png","contentUrl":"https:\/\/www.fitnessbrasil.com.br\/wp-content\/uploads\/2022\/01\/Logo-Fitness-Brasil_preto-e-cor.png","width":593,"height":316,"caption":"Fitness Brasil"},"image":{"@id":"https:\/\/www.fitnessbrasil.com.br\/#\/schema\/logo\/image\/"}},{"@type":"Person","@id":"https:\/\/www.fitnessbrasil.com.br\/#\/schema\/person\/a87213694478d034390ebecc8273331b","name":"Karina Bernini","image":{"@type":"ImageObject","inLanguage":"es","@id":"https:\/\/secure.gravatar.com\/avatar\/c513d36e2b643e62c53e3ecc86dda0ca87909496b52dd5672e1066546892f9f8?s=96&r=g&d=https:\/\/www.fitnessbrasil.com.br\/wp-content\/plugins\/userswp\/assets\/images\/no_profile.png","url":"https:\/\/secure.gravatar.com\/avatar\/c513d36e2b643e62c53e3ecc86dda0ca87909496b52dd5672e1066546892f9f8?s=96&r=g&d=https:\/\/www.fitnessbrasil.com.br\/wp-content\/plugins\/userswp\/assets\/images\/no_profile.png","contentUrl":"https:\/\/secure.gravatar.com\/avatar\/c513d36e2b643e62c53e3ecc86dda0ca87909496b52dd5672e1066546892f9f8?s=96&r=g&d=https:\/\/www.fitnessbrasil.com.br\/wp-content\/plugins\/userswp\/assets\/images\/no_profile.png","caption":"Karina Bernini"},"url":"https:\/\/www.fitnessbrasil.com.br\/es\/profile\/karina-berninifitnessbrasil-com-br\/"}]}},"_links":{"self":[{"href":"https:\/\/www.fitnessbrasil.com.br\/es\/wp-json\/wp\/v2\/posts\/130982","targetHints":{"allow":["GET"]}}],"collection":[{"href":"https:\/\/www.fitnessbrasil.com.br\/es\/wp-json\/wp\/v2\/posts"}],"about":[{"href":"https:\/\/www.fitnessbrasil.com.br\/es\/wp-json\/wp\/v2\/types\/post"}],"author":[{"embeddable":true,"href":"https:\/\/www.fitnessbrasil.com.br\/es\/wp-json\/wp\/v2\/users\/25076"}],"replies":[{"embeddable":true,"href":"https:\/\/www.fitnessbrasil.com.br\/es\/wp-json\/wp\/v2\/comments?post=130982"}],"version-history":[{"count":4,"href":"https:\/\/www.fitnessbrasil.com.br\/es\/wp-json\/wp\/v2\/posts\/130982\/revisions"}],"predecessor-version":[{"id":130990,"href":"https:\/\/www.fitnessbrasil.com.br\/es\/wp-json\/wp\/v2\/posts\/130982\/revisions\/130990"}],"wp:featuredmedia":[{"embeddable":true,"href":"https:\/\/www.fitnessbrasil.com.br\/es\/wp-json\/wp\/v2\/media\/130987"}],"wp:attachment":[{"href":"https:\/\/www.fitnessbrasil.com.br\/es\/wp-json\/wp\/v2\/media?parent=130982"}],"wp:term":[{"taxonomy":"category","embeddable":true,"href":"https:\/\/www.fitnessbrasil.com.br\/es\/wp-json\/wp\/v2\/categories?post=130982"},{"taxonomy":"post_tag","embeddable":true,"href":"https:\/\/www.fitnessbrasil.com.br\/es\/wp-json\/wp\/v2\/tags?post=130982"},{"taxonomy":"post_folder","embeddable":true,"href":"https:\/\/www.fitnessbrasil.com.br\/es\/wp-json\/wp\/v2\/post_folder?post=130982"}],"curies":[{"name":"wp","href":"https:\/\/api.w.org\/{rel}","templated":true}]}}