{"id":131023,"date":"2026-01-16T18:00:00","date_gmt":"2026-01-16T21:00:00","guid":{"rendered":"https:\/\/www.fitnessbrasil.com.br\/?p=131023"},"modified":"2026-01-16T18:10:18","modified_gmt":"2026-01-16T21:10:18","slug":"fitness-brasil-expo-2026-anuncia-gustavo-borges-como-primeiro-keynote-de-sua-programacao","status":"publish","type":"post","link":"https:\/\/www.fitnessbrasil.com.br\/es\/newsfitbr\/fitness-brasil-expo-2026-anuncia-gustavo-borges-como-primeiro-keynote-de-sua-programacao\/","title":{"rendered":"Fitness Brasil Expo 2026 anuncia Gustavo Borges como primeiro keynote de sua programa\u00e7\u00e3o"},"content":{"rendered":"<p>Maior evento de fitness da Am\u00e9rica Latina re\u00fane l\u00edderes e gestores do setor para discutir futuro, estrat\u00e9gia e performance. E abre a programa\u00e7\u00e3o com um dos maiores nomes do esporte brasileiro<\/p>\n\n\n\n<p>Yara Ach\u00f4a, Fitness Brasil<br>16\/1\/2026<\/p>\n\n\n\n<p><strong>A <a href=\"https:\/\/www.fitnessbrasil.com.br\/es\/fitness-brasil-expo-2026\/\">Fitness Brasil Expo 2026<\/a> acaba de confirmar seu primeiro keynote oficial: <a href=\"https:\/\/www.instagram.com\/gustavo.borges\/\">Gustavo Borges<\/a> <\/strong>&#8211; um dos mais importantes atletas da hist\u00f3ria do Brasil, medalhista ol\u00edmpico e refer\u00eancia em alta performance, disciplina e gest\u00e3o. A escolha refor\u00e7a o prop\u00f3sito do evento: conectar profissionais, gestores e l\u00edderes do mercado fitness com ideias, pr\u00e1ticas e vis\u00f5es que realmente movem o setor.<\/p>\n\n\n\n<h4 class=\"wp-block-heading\"><a href=\"https:\/\/www.fitnessbrasil.com.br\/es\/fitness-brasil-expo-2026\/\"><strong>+ Fitness Brasil Expo: o maior evento de fitness, sa\u00fade e bem-estar da Am\u00e9rica Latina<\/strong><\/a><br><a href=\"https:\/\/www.instagram.com\/fitnessbrasil_oficial\/\"><strong>+ Siga a Fitness Brasil no Instagram<\/strong><\/a><br><a href=\"https:\/\/www.whatsapp.com\/channel\/0029VarCqD5InlqU52KNAv3J\"><strong>+ Fa\u00e7a parte do nosso Canal no WhatsApp<\/strong><\/a><\/h4>\n\n\n\n<p>Reconhecida como <strong>a maior feira de fitness, sa\u00fade e bem-estar da Am\u00e9rica Latina, a Fitness Brasil Expo<\/strong> se consolidou como um ponto de encontro essencial para quem decide, influencia e transforma o mercado. S\u00e3o dezenas de milhares de profissionais circulando por um ecossistema que combina <strong>neg\u00f3cios, conte\u00fado t\u00e9cnico, inova\u00e7\u00e3o e estrat\u00e9gias para o futuro<\/strong> do setor.<\/p>\n\n\n\n<figure class=\"wp-block-image size-full\"><a href=\"https:\/\/www.fitnessbrasil.com.br\/wp-content\/uploads\/2026\/01\/Gustavo-Borges--e1768593379144.png\"><img decoding=\"async\" width=\"812\" height=\"421\" data-src=\"https:\/\/www.fitnessbrasil.com.br\/wp-content\/uploads\/2026\/01\/Gustavo-Borges--e1768593379144.png\" alt=\"\" class=\"wp-image-131030 lazyload\" data-srcset=\"https:\/\/www.fitnessbrasil.com.br\/wp-content\/uploads\/2026\/01\/Gustavo-Borges--e1768593379144.png 812w, https:\/\/www.fitnessbrasil.com.br\/wp-content\/uploads\/2026\/01\/Gustavo-Borges--e1768593379144-771x400.png 771w, https:\/\/www.fitnessbrasil.com.br\/wp-content\/uploads\/2026\/01\/Gustavo-Borges--e1768593379144-768x398.png 768w, https:\/\/www.fitnessbrasil.com.br\/wp-content\/uploads\/2026\/01\/Gustavo-Borges--e1768593379144-18x9.png 18w, https:\/\/www.fitnessbrasil.com.br\/wp-content\/uploads\/2026\/01\/Gustavo-Borges--e1768593379144-510x264.png 510w\" data-sizes=\"(max-width: 812px) 100vw, 812px\" src=\"data:image\/svg+xml;base64,PHN2ZyB3aWR0aD0iMSIgaGVpZ2h0PSIxIiB4bWxucz0iaHR0cDovL3d3dy53My5vcmcvMjAwMC9zdmciPjwvc3ZnPg==\" style=\"--smush-placeholder-width: 812px; --smush-placeholder-aspect-ratio: 812\/421;\" \/><\/a><\/figure>\n\n\n\n<h4 class=\"wp-block-heading\"><strong>Lideran\u00e7a e mentalidade de alta performance<\/strong><\/h4>\n\n\n\n<p>Gustavo Borges \u00e9 mais do que um \u00edcone esportivo. Ao longo da carreira, o nadador conquistou quatro medalhas ol\u00edmpicas, recordes e resultados expressivos em competi\u00e7\u00f5es mundiais. S\u00e3o feitos constru\u00eddos com disciplina, foco, organiza\u00e7\u00e3o e capacidade de tomar decis\u00f5es sob press\u00e3o.<\/p>\n\n\n\n<p>Depois das piscinas, Gustavo migrou para o universo empresarial e educacional, estruturando uma das maiores redes de ensino de nata\u00e7\u00e3o do pa\u00eds. E consolidou-se como <strong>refer\u00eancia em lideran\u00e7a, gest\u00e3o, desenvolvimento humano e cultura de performance sustent\u00e1vel<\/strong>.<\/p>\n\n\n\n<p>A abertura da Fitness Brasil Expo com o keynote traduz exatamente o momento do setor. O mercado est\u00e1 em pleno crescimento, se profissionaliza e busca l\u00edderes capazes de tomar decis\u00f5es melhores, gerenciar times com efici\u00eancia. Al\u00e9m, \u00e9 claro, de criar academias mais preparadas, estrat\u00e9gicas e sustent\u00e1veis.<\/p>\n\n\n\n<figure class=\"wp-block-image aligncenter size-full\"><a href=\"https:\/\/www.fitnessbrasil.com.br\/wp-content\/uploads\/2026\/01\/Gustavo-Borges-campeao.jpg\"><img decoding=\"async\" width=\"1600\" height=\"1063\" data-src=\"https:\/\/www.fitnessbrasil.com.br\/wp-content\/uploads\/2026\/01\/Gustavo-Borges-campeao.jpg\" alt=\"\" class=\"wp-image-131037 lazyload\" data-srcset=\"https:\/\/www.fitnessbrasil.com.br\/wp-content\/uploads\/2026\/01\/Gustavo-Borges-campeao.jpg 1600w, https:\/\/www.fitnessbrasil.com.br\/wp-content\/uploads\/2026\/01\/Gustavo-Borges-campeao-602x400.jpg 602w, https:\/\/www.fitnessbrasil.com.br\/wp-content\/uploads\/2026\/01\/Gustavo-Borges-campeao-1204x800.jpg 1204w, https:\/\/www.fitnessbrasil.com.br\/wp-content\/uploads\/2026\/01\/Gustavo-Borges-campeao-768x510.jpg 768w, https:\/\/www.fitnessbrasil.com.br\/wp-content\/uploads\/2026\/01\/Gustavo-Borges-campeao-1536x1020.jpg 1536w, https:\/\/www.fitnessbrasil.com.br\/wp-content\/uploads\/2026\/01\/Gustavo-Borges-campeao-18x12.jpg 18w, https:\/\/www.fitnessbrasil.com.br\/wp-content\/uploads\/2026\/01\/Gustavo-Borges-campeao-510x339.jpg 510w\" data-sizes=\"(max-width: 1600px) 100vw, 1600px\" src=\"data:image\/svg+xml;base64,PHN2ZyB3aWR0aD0iMSIgaGVpZ2h0PSIxIiB4bWxucz0iaHR0cDovL3d3dy53My5vcmcvMjAwMC9zdmciPjwvc3ZnPg==\" style=\"--smush-placeholder-width: 1600px; --smush-placeholder-aspect-ratio: 1600\/1063;\" \/><\/a><\/figure>\n\n\n\n<p><span style=\"color: #ffffff;\" class=\"stk-highlight\">Gustavo Borges<\/span><\/p>\n\n\n\n<h4 class=\"wp-block-heading\"><strong>Um evento que s\u00f3 cresce<\/strong><\/h4>\n\n\n\n<p>A edi\u00e7\u00e3o da Fitness Brasil Expo 2026 ser\u00e1 a maior j\u00e1 realizada. Com <strong>36 mil m\u00b2 de \u00e1rea ampliada<\/strong>, o evento no Transamerica Expo Center receber\u00e1 <strong>marcas nacionais e internacionais<\/strong>, <strong>lan\u00e7amentos de produtos e tecnologias<\/strong>,<strong>\u00e1reas de experi\u00eancia e neg\u00f3cios<\/strong>, <strong>sete plen\u00e1rias simult\u00e2neas. <\/strong>Ou seja, muito conte\u00fado voltado para gestores, profissionais de Educa\u00e7\u00e3o F\u00edsica, coordenadores, empreendedores e decisores do setor.<\/p>\n\n\n\n<p><strong><a href=\"https:\/\/www.fitnessbrasil.com.br\/es\/panorama-setorial-2025-4a-edicao\/\">+ Baixe gratuitamente o Panorama Setorial Fitness Brasil 2025\u00a0\u2013 patroc\u00ednio de\u00a0<strong>ABC Evo\u00a0<\/strong>e<strong>\u00a0Matrix\u00a0Fitness<\/strong><\/a><\/strong><\/p>\n\n\n\n<p>As plen\u00e1rias, por exemplo, tornaram-se, ao longo dos anos, <strong>um espa\u00e7o de atualiza\u00e7\u00e3o essencial<\/strong> para profissionais que buscam se firmar em um mercado cada vez mais exigente. Assim, mais do que nunca, os keynotes ganham for\u00e7a. Eles n\u00e3o apenas inspiram, mas <strong>colocam em perspectiva o que realmente importa para quem lidera opera\u00e7\u00f5es, toma decis\u00f5es e precisa transformar desafios em estrat\u00e9gia<\/strong>.<\/p>\n\n\n\n<p>Estar presente na Expo significa compreender tend\u00eancias, antecipar movimentos, formar redes, tomar decis\u00f5es melhores e posicionar seu neg\u00f3cio para os pr\u00f3ximos anos.<\/p>\n\n\n\n<p>A <strong>Fitness Brasil Expo 2026 acontece de 27 a 29 de agosto, no Transamerica Expo Center, em S\u00e3o Paulo. <a href=\"https:\/\/www.fitnessbrasil.com.br\/es\/fitness-brasil-expo-2026\/\">Inscreva-se j\u00e1<\/a>!<\/strong><\/p>\n\n\n\n<p><\/p>","protected":false},"excerpt":{"rendered":"<p>Maior evento de fitness da Am\u00e9rica Latina abre a programa\u00e7\u00e3o com um grande nome do esporte brasileiro<\/p>","protected":false},"author":40,"featured_media":131030,"comment_status":"closed","ping_status":"closed","sticky":false,"template":"","format":"standard","meta":{"_acf_changed":false,"footnotes":""},"categories":[430,1,70],"tags":[],"post_folder":[],"class_list":["post-131023","post","type-post","status-publish","format-standard","has-post-thumbnail","hentry","category-destaques","category-gestao-e-negocios","category-noticias"],"acf":[],"yoast_head":"<!-- This site is optimized with the Yoast SEO plugin v27.4 - https:\/\/yoast.com\/product\/yoast-seo-wordpress\/ -->\n<title>Fitness Brasil Expo 2026 anuncia Gustavo Borges como primeiro keynote de sua programa\u00e7\u00e3o - Fitness Brasil<\/title>\n<meta name=\"description\" content=\"Maior evento de fitness da Am\u00e9rica Latina abre a programa\u00e7\u00e3o com um dos maiores nomes do esporte brasileiro\" \/>\n<meta name=\"robots\" content=\"index, follow, max-snippet:-1, max-image-preview:large, max-video-preview:-1\" \/>\n<link rel=\"canonical\" href=\"https:\/\/www.fitnessbrasil.com.br\/es\/newsfitbr\/fitness-brasil-expo-2026-anuncia-gustavo-borges-como-primeiro-keynote-de-sua-programacao\/\" \/>\n<meta property=\"og:locale\" content=\"es_ES\" \/>\n<meta property=\"og:type\" content=\"article\" \/>\n<meta property=\"og:title\" content=\"Fitness Brasil Expo 2026 anuncia Gustavo Borges como primeiro keynote de sua programa\u00e7\u00e3o - Fitness Brasil\" \/>\n<meta property=\"og:description\" content=\"Maior evento de fitness da Am\u00e9rica Latina abre a programa\u00e7\u00e3o com um dos maiores nomes do esporte brasileiro\" \/>\n<meta property=\"og:url\" content=\"https:\/\/www.fitnessbrasil.com.br\/es\/newsfitbr\/fitness-brasil-expo-2026-anuncia-gustavo-borges-como-primeiro-keynote-de-sua-programacao\/\" \/>\n<meta property=\"og:site_name\" content=\"Fitness Brasil\" \/>\n<meta property=\"article:published_time\" content=\"2026-01-16T21:00:00+00:00\" \/>\n<meta property=\"article:modified_time\" content=\"2026-01-16T21:10:18+00:00\" \/>\n<meta property=\"og:image\" content=\"https:\/\/www.fitnessbrasil.com.br\/wp-content\/uploads\/2026\/01\/Gustavo-Borges--e1768593379144.png\" \/>\n\t<meta property=\"og:image:width\" content=\"812\" \/>\n\t<meta property=\"og:image:height\" content=\"421\" \/>\n\t<meta property=\"og:image:type\" content=\"image\/png\" \/>\n<meta name=\"author\" content=\"Yara Achoa\" \/>\n<meta name=\"twitter:card\" content=\"summary_large_image\" \/>\n<meta name=\"twitter:label1\" content=\"Escrito por\" \/>\n\t<meta name=\"twitter:data1\" content=\"Yara Achoa\" \/>\n\t<meta name=\"twitter:label2\" content=\"Tiempo de lectura\" \/>\n\t<meta name=\"twitter:data2\" content=\"4 minutos\" \/>\n<script type=\"application\/ld+json\" class=\"yoast-schema-graph\">{\"@context\":\"https:\\\/\\\/schema.org\",\"@graph\":[{\"@type\":\"Article\",\"@id\":\"https:\\\/\\\/www.fitnessbrasil.com.br\\\/newsfitbr\\\/fitness-brasil-expo-2026-anuncia-gustavo-borges-como-primeiro-keynote-de-sua-programacao\\\/#article\",\"isPartOf\":{\"@id\":\"https:\\\/\\\/www.fitnessbrasil.com.br\\\/newsfitbr\\\/fitness-brasil-expo-2026-anuncia-gustavo-borges-como-primeiro-keynote-de-sua-programacao\\\/\"},\"author\":{\"name\":\"Yara Achoa\",\"@id\":\"https:\\\/\\\/www.fitnessbrasil.com.br\\\/#\\\/schema\\\/person\\\/44332d981b99ed3bec8d1f53079a3ad4\"},\"headline\":\"Fitness Brasil Expo 2026 anuncia Gustavo Borges como primeiro keynote de sua programa\u00e7\u00e3o\",\"datePublished\":\"2026-01-16T21:00:00+00:00\",\"dateModified\":\"2026-01-16T21:10:18+00:00\",\"mainEntityOfPage\":{\"@id\":\"https:\\\/\\\/www.fitnessbrasil.com.br\\\/newsfitbr\\\/fitness-brasil-expo-2026-anuncia-gustavo-borges-como-primeiro-keynote-de-sua-programacao\\\/\"},\"wordCount\":563,\"publisher\":{\"@id\":\"https:\\\/\\\/www.fitnessbrasil.com.br\\\/#organization\"},\"image\":{\"@id\":\"https:\\\/\\\/www.fitnessbrasil.com.br\\\/newsfitbr\\\/fitness-brasil-expo-2026-anuncia-gustavo-borges-como-primeiro-keynote-de-sua-programacao\\\/#primaryimage\"},\"thumbnailUrl\":\"https:\\\/\\\/www.fitnessbrasil.com.br\\\/wp-content\\\/uploads\\\/2026\\\/01\\\/Gustavo-Borges--e1768593379144.png\",\"articleSection\":[\"Destaques\",\"Gest\u00e3o e neg\u00f3cios\",\"Not\u00edcias\"],\"inLanguage\":\"es\"},{\"@type\":\"WebPage\",\"@id\":\"https:\\\/\\\/www.fitnessbrasil.com.br\\\/newsfitbr\\\/fitness-brasil-expo-2026-anuncia-gustavo-borges-como-primeiro-keynote-de-sua-programacao\\\/\",\"url\":\"https:\\\/\\\/www.fitnessbrasil.com.br\\\/newsfitbr\\\/fitness-brasil-expo-2026-anuncia-gustavo-borges-como-primeiro-keynote-de-sua-programacao\\\/\",\"name\":\"Fitness Brasil Expo 2026 anuncia Gustavo Borges como primeiro keynote de sua programa\u00e7\u00e3o - Fitness Brasil\",\"isPartOf\":{\"@id\":\"https:\\\/\\\/www.fitnessbrasil.com.br\\\/#website\"},\"primaryImageOfPage\":{\"@id\":\"https:\\\/\\\/www.fitnessbrasil.com.br\\\/newsfitbr\\\/fitness-brasil-expo-2026-anuncia-gustavo-borges-como-primeiro-keynote-de-sua-programacao\\\/#primaryimage\"},\"image\":{\"@id\":\"https:\\\/\\\/www.fitnessbrasil.com.br\\\/newsfitbr\\\/fitness-brasil-expo-2026-anuncia-gustavo-borges-como-primeiro-keynote-de-sua-programacao\\\/#primaryimage\"},\"thumbnailUrl\":\"https:\\\/\\\/www.fitnessbrasil.com.br\\\/wp-content\\\/uploads\\\/2026\\\/01\\\/Gustavo-Borges--e1768593379144.png\",\"datePublished\":\"2026-01-16T21:00:00+00:00\",\"dateModified\":\"2026-01-16T21:10:18+00:00\",\"description\":\"Maior evento de fitness da Am\u00e9rica Latina abre a programa\u00e7\u00e3o com um dos maiores nomes do esporte brasileiro\",\"breadcrumb\":{\"@id\":\"https:\\\/\\\/www.fitnessbrasil.com.br\\\/newsfitbr\\\/fitness-brasil-expo-2026-anuncia-gustavo-borges-como-primeiro-keynote-de-sua-programacao\\\/#breadcrumb\"},\"inLanguage\":\"es\",\"potentialAction\":[{\"@type\":\"ReadAction\",\"target\":[\"https:\\\/\\\/www.fitnessbrasil.com.br\\\/newsfitbr\\\/fitness-brasil-expo-2026-anuncia-gustavo-borges-como-primeiro-keynote-de-sua-programacao\\\/\"]}]},{\"@type\":\"ImageObject\",\"inLanguage\":\"es\",\"@id\":\"https:\\\/\\\/www.fitnessbrasil.com.br\\\/newsfitbr\\\/fitness-brasil-expo-2026-anuncia-gustavo-borges-como-primeiro-keynote-de-sua-programacao\\\/#primaryimage\",\"url\":\"https:\\\/\\\/www.fitnessbrasil.com.br\\\/wp-content\\\/uploads\\\/2026\\\/01\\\/Gustavo-Borges--e1768593379144.png\",\"contentUrl\":\"https:\\\/\\\/www.fitnessbrasil.com.br\\\/wp-content\\\/uploads\\\/2026\\\/01\\\/Gustavo-Borges--e1768593379144.png\",\"width\":812,\"height\":421},{\"@type\":\"BreadcrumbList\",\"@id\":\"https:\\\/\\\/www.fitnessbrasil.com.br\\\/newsfitbr\\\/fitness-brasil-expo-2026-anuncia-gustavo-borges-como-primeiro-keynote-de-sua-programacao\\\/#breadcrumb\",\"itemListElement\":[{\"@type\":\"ListItem\",\"position\":1,\"name\":\"In\u00edcio\",\"item\":\"https:\\\/\\\/www.fitnessbrasil.com.br\\\/\"},{\"@type\":\"ListItem\",\"position\":2,\"name\":\"Fitness Brasil Expo 2026 anuncia Gustavo Borges como primeiro keynote de sua programa\u00e7\u00e3o\"}]},{\"@type\":\"WebSite\",\"@id\":\"https:\\\/\\\/www.fitnessbrasil.com.br\\\/#website\",\"url\":\"https:\\\/\\\/www.fitnessbrasil.com.br\\\/\",\"name\":\"Fitness Brasil\",\"description\":\"\",\"publisher\":{\"@id\":\"https:\\\/\\\/www.fitnessbrasil.com.br\\\/#organization\"},\"potentialAction\":[{\"@type\":\"SearchAction\",\"target\":{\"@type\":\"EntryPoint\",\"urlTemplate\":\"https:\\\/\\\/www.fitnessbrasil.com.br\\\/?s={search_term_string}\"},\"query-input\":{\"@type\":\"PropertyValueSpecification\",\"valueRequired\":true,\"valueName\":\"search_term_string\"}}],\"inLanguage\":\"es\"},{\"@type\":\"Organization\",\"@id\":\"https:\\\/\\\/www.fitnessbrasil.com.br\\\/#organization\",\"name\":\"Fitness Brasil\",\"url\":\"https:\\\/\\\/www.fitnessbrasil.com.br\\\/\",\"logo\":{\"@type\":\"ImageObject\",\"inLanguage\":\"es\",\"@id\":\"https:\\\/\\\/www.fitnessbrasil.com.br\\\/#\\\/schema\\\/logo\\\/image\\\/\",\"url\":\"https:\\\/\\\/www.fitnessbrasil.com.br\\\/wp-content\\\/uploads\\\/2022\\\/01\\\/Logo-Fitness-Brasil_preto-e-cor.png\",\"contentUrl\":\"https:\\\/\\\/www.fitnessbrasil.com.br\\\/wp-content\\\/uploads\\\/2022\\\/01\\\/Logo-Fitness-Brasil_preto-e-cor.png\",\"width\":593,\"height\":316,\"caption\":\"Fitness Brasil\"},\"image\":{\"@id\":\"https:\\\/\\\/www.fitnessbrasil.com.br\\\/#\\\/schema\\\/logo\\\/image\\\/\"}},{\"@type\":\"Person\",\"@id\":\"https:\\\/\\\/www.fitnessbrasil.com.br\\\/#\\\/schema\\\/person\\\/44332d981b99ed3bec8d1f53079a3ad4\",\"name\":\"Yara Achoa\",\"image\":{\"@type\":\"ImageObject\",\"inLanguage\":\"es\",\"@id\":\"https:\\\/\\\/secure.gravatar.com\\\/avatar\\\/703d1497efa1686cdeb68ba91129ecb39a6e38dabd429d4b66e0f888e491d424?s=96&r=g&d=https:\\\/\\\/www.fitnessbrasil.com.br\\\/wp-content\\\/plugins\\\/userswp\\\/assets\\\/images\\\/no_profile.png\",\"url\":\"https:\\\/\\\/secure.gravatar.com\\\/avatar\\\/703d1497efa1686cdeb68ba91129ecb39a6e38dabd429d4b66e0f888e491d424?s=96&r=g&d=https:\\\/\\\/www.fitnessbrasil.com.br\\\/wp-content\\\/plugins\\\/userswp\\\/assets\\\/images\\\/no_profile.png\",\"contentUrl\":\"https:\\\/\\\/secure.gravatar.com\\\/avatar\\\/703d1497efa1686cdeb68ba91129ecb39a6e38dabd429d4b66e0f888e491d424?s=96&r=g&d=https:\\\/\\\/www.fitnessbrasil.com.br\\\/wp-content\\\/plugins\\\/userswp\\\/assets\\\/images\\\/no_profile.png\",\"caption\":\"Yara Achoa\"},\"sameAs\":[\"http:\\\/\\\/yara@fitnessbrasil.com.br\"],\"url\":\"https:\\\/\\\/www.fitnessbrasil.com.br\\\/es\\\/profile\\\/yara\\\/\"}]}<\/script>\n<!-- \/ Yoast SEO plugin. -->","yoast_head_json":{"title":"Fitness Brasil Expo 2026 anuncia Gustavo Borges como primeiro keynote de sua programa\u00e7\u00e3o - Fitness Brasil","description":"Maior evento de fitness da Am\u00e9rica Latina abre a programa\u00e7\u00e3o com um dos maiores nomes do esporte brasileiro","robots":{"index":"index","follow":"follow","max-snippet":"max-snippet:-1","max-image-preview":"max-image-preview:large","max-video-preview":"max-video-preview:-1"},"canonical":"https:\/\/www.fitnessbrasil.com.br\/es\/newsfitbr\/fitness-brasil-expo-2026-anuncia-gustavo-borges-como-primeiro-keynote-de-sua-programacao\/","og_locale":"es_ES","og_type":"article","og_title":"Fitness Brasil Expo 2026 anuncia Gustavo Borges como primeiro keynote de sua programa\u00e7\u00e3o - Fitness Brasil","og_description":"Maior evento de fitness da Am\u00e9rica Latina abre a programa\u00e7\u00e3o com um dos maiores nomes do esporte brasileiro","og_url":"https:\/\/www.fitnessbrasil.com.br\/es\/newsfitbr\/fitness-brasil-expo-2026-anuncia-gustavo-borges-como-primeiro-keynote-de-sua-programacao\/","og_site_name":"Fitness Brasil","article_published_time":"2026-01-16T21:00:00+00:00","article_modified_time":"2026-01-16T21:10:18+00:00","og_image":[{"width":812,"height":421,"url":"https:\/\/www.fitnessbrasil.com.br\/wp-content\/uploads\/2026\/01\/Gustavo-Borges--e1768593379144.png","type":"image\/png"}],"author":"Yara Achoa","twitter_card":"summary_large_image","twitter_misc":{"Escrito por":"Yara Achoa","Tiempo de lectura":"4 minutos"},"schema":{"@context":"https:\/\/schema.org","@graph":[{"@type":"Article","@id":"https:\/\/www.fitnessbrasil.com.br\/newsfitbr\/fitness-brasil-expo-2026-anuncia-gustavo-borges-como-primeiro-keynote-de-sua-programacao\/#article","isPartOf":{"@id":"https:\/\/www.fitnessbrasil.com.br\/newsfitbr\/fitness-brasil-expo-2026-anuncia-gustavo-borges-como-primeiro-keynote-de-sua-programacao\/"},"author":{"name":"Yara Achoa","@id":"https:\/\/www.fitnessbrasil.com.br\/#\/schema\/person\/44332d981b99ed3bec8d1f53079a3ad4"},"headline":"Fitness Brasil Expo 2026 anuncia Gustavo Borges como primeiro keynote de sua programa\u00e7\u00e3o","datePublished":"2026-01-16T21:00:00+00:00","dateModified":"2026-01-16T21:10:18+00:00","mainEntityOfPage":{"@id":"https:\/\/www.fitnessbrasil.com.br\/newsfitbr\/fitness-brasil-expo-2026-anuncia-gustavo-borges-como-primeiro-keynote-de-sua-programacao\/"},"wordCount":563,"publisher":{"@id":"https:\/\/www.fitnessbrasil.com.br\/#organization"},"image":{"@id":"https:\/\/www.fitnessbrasil.com.br\/newsfitbr\/fitness-brasil-expo-2026-anuncia-gustavo-borges-como-primeiro-keynote-de-sua-programacao\/#primaryimage"},"thumbnailUrl":"https:\/\/www.fitnessbrasil.com.br\/wp-content\/uploads\/2026\/01\/Gustavo-Borges--e1768593379144.png","articleSection":["Destaques","Gest\u00e3o e neg\u00f3cios","Not\u00edcias"],"inLanguage":"es"},{"@type":"WebPage","@id":"https:\/\/www.fitnessbrasil.com.br\/newsfitbr\/fitness-brasil-expo-2026-anuncia-gustavo-borges-como-primeiro-keynote-de-sua-programacao\/","url":"https:\/\/www.fitnessbrasil.com.br\/newsfitbr\/fitness-brasil-expo-2026-anuncia-gustavo-borges-como-primeiro-keynote-de-sua-programacao\/","name":"Fitness Brasil Expo 2026 anuncia Gustavo Borges como primeiro keynote de sua programa\u00e7\u00e3o - Fitness Brasil","isPartOf":{"@id":"https:\/\/www.fitnessbrasil.com.br\/#website"},"primaryImageOfPage":{"@id":"https:\/\/www.fitnessbrasil.com.br\/newsfitbr\/fitness-brasil-expo-2026-anuncia-gustavo-borges-como-primeiro-keynote-de-sua-programacao\/#primaryimage"},"image":{"@id":"https:\/\/www.fitnessbrasil.com.br\/newsfitbr\/fitness-brasil-expo-2026-anuncia-gustavo-borges-como-primeiro-keynote-de-sua-programacao\/#primaryimage"},"thumbnailUrl":"https:\/\/www.fitnessbrasil.com.br\/wp-content\/uploads\/2026\/01\/Gustavo-Borges--e1768593379144.png","datePublished":"2026-01-16T21:00:00+00:00","dateModified":"2026-01-16T21:10:18+00:00","description":"Maior evento de fitness da Am\u00e9rica Latina abre a programa\u00e7\u00e3o com um dos maiores nomes do esporte brasileiro","breadcrumb":{"@id":"https:\/\/www.fitnessbrasil.com.br\/newsfitbr\/fitness-brasil-expo-2026-anuncia-gustavo-borges-como-primeiro-keynote-de-sua-programacao\/#breadcrumb"},"inLanguage":"es","potentialAction":[{"@type":"ReadAction","target":["https:\/\/www.fitnessbrasil.com.br\/newsfitbr\/fitness-brasil-expo-2026-anuncia-gustavo-borges-como-primeiro-keynote-de-sua-programacao\/"]}]},{"@type":"ImageObject","inLanguage":"es","@id":"https:\/\/www.fitnessbrasil.com.br\/newsfitbr\/fitness-brasil-expo-2026-anuncia-gustavo-borges-como-primeiro-keynote-de-sua-programacao\/#primaryimage","url":"https:\/\/www.fitnessbrasil.com.br\/wp-content\/uploads\/2026\/01\/Gustavo-Borges--e1768593379144.png","contentUrl":"https:\/\/www.fitnessbrasil.com.br\/wp-content\/uploads\/2026\/01\/Gustavo-Borges--e1768593379144.png","width":812,"height":421},{"@type":"BreadcrumbList","@id":"https:\/\/www.fitnessbrasil.com.br\/newsfitbr\/fitness-brasil-expo-2026-anuncia-gustavo-borges-como-primeiro-keynote-de-sua-programacao\/#breadcrumb","itemListElement":[{"@type":"ListItem","position":1,"name":"In\u00edcio","item":"https:\/\/www.fitnessbrasil.com.br\/"},{"@type":"ListItem","position":2,"name":"Fitness Brasil Expo 2026 anuncia Gustavo Borges como primeiro keynote de sua programa\u00e7\u00e3o"}]},{"@type":"WebSite","@id":"https:\/\/www.fitnessbrasil.com.br\/#website","url":"https:\/\/www.fitnessbrasil.com.br\/","name":"Fitness Brasil","description":"","publisher":{"@id":"https:\/\/www.fitnessbrasil.com.br\/#organization"},"potentialAction":[{"@type":"SearchAction","target":{"@type":"EntryPoint","urlTemplate":"https:\/\/www.fitnessbrasil.com.br\/?s={search_term_string}"},"query-input":{"@type":"PropertyValueSpecification","valueRequired":true,"valueName":"search_term_string"}}],"inLanguage":"es"},{"@type":"Organization","@id":"https:\/\/www.fitnessbrasil.com.br\/#organization","name":"Fitness Brasil","url":"https:\/\/www.fitnessbrasil.com.br\/","logo":{"@type":"ImageObject","inLanguage":"es","@id":"https:\/\/www.fitnessbrasil.com.br\/#\/schema\/logo\/image\/","url":"https:\/\/www.fitnessbrasil.com.br\/wp-content\/uploads\/2022\/01\/Logo-Fitness-Brasil_preto-e-cor.png","contentUrl":"https:\/\/www.fitnessbrasil.com.br\/wp-content\/uploads\/2022\/01\/Logo-Fitness-Brasil_preto-e-cor.png","width":593,"height":316,"caption":"Fitness Brasil"},"image":{"@id":"https:\/\/www.fitnessbrasil.com.br\/#\/schema\/logo\/image\/"}},{"@type":"Person","@id":"https:\/\/www.fitnessbrasil.com.br\/#\/schema\/person\/44332d981b99ed3bec8d1f53079a3ad4","name":"Yara Achoa","image":{"@type":"ImageObject","inLanguage":"es","@id":"https:\/\/secure.gravatar.com\/avatar\/703d1497efa1686cdeb68ba91129ecb39a6e38dabd429d4b66e0f888e491d424?s=96&r=g&d=https:\/\/www.fitnessbrasil.com.br\/wp-content\/plugins\/userswp\/assets\/images\/no_profile.png","url":"https:\/\/secure.gravatar.com\/avatar\/703d1497efa1686cdeb68ba91129ecb39a6e38dabd429d4b66e0f888e491d424?s=96&r=g&d=https:\/\/www.fitnessbrasil.com.br\/wp-content\/plugins\/userswp\/assets\/images\/no_profile.png","contentUrl":"https:\/\/secure.gravatar.com\/avatar\/703d1497efa1686cdeb68ba91129ecb39a6e38dabd429d4b66e0f888e491d424?s=96&r=g&d=https:\/\/www.fitnessbrasil.com.br\/wp-content\/plugins\/userswp\/assets\/images\/no_profile.png","caption":"Yara Achoa"},"sameAs":["http:\/\/yara@fitnessbrasil.com.br"],"url":"https:\/\/www.fitnessbrasil.com.br\/es\/profile\/yara\/"}]}},"_links":{"self":[{"href":"https:\/\/www.fitnessbrasil.com.br\/es\/wp-json\/wp\/v2\/posts\/131023","targetHints":{"allow":["GET"]}}],"collection":[{"href":"https:\/\/www.fitnessbrasil.com.br\/es\/wp-json\/wp\/v2\/posts"}],"about":[{"href":"https:\/\/www.fitnessbrasil.com.br\/es\/wp-json\/wp\/v2\/types\/post"}],"author":[{"embeddable":true,"href":"https:\/\/www.fitnessbrasil.com.br\/es\/wp-json\/wp\/v2\/users\/40"}],"replies":[{"embeddable":true,"href":"https:\/\/www.fitnessbrasil.com.br\/es\/wp-json\/wp\/v2\/comments?post=131023"}],"version-history":[{"count":7,"href":"https:\/\/www.fitnessbrasil.com.br\/es\/wp-json\/wp\/v2\/posts\/131023\/revisions"}],"predecessor-version":[{"id":131038,"href":"https:\/\/www.fitnessbrasil.com.br\/es\/wp-json\/wp\/v2\/posts\/131023\/revisions\/131038"}],"wp:featuredmedia":[{"embeddable":true,"href":"https:\/\/www.fitnessbrasil.com.br\/es\/wp-json\/wp\/v2\/media\/131030"}],"wp:attachment":[{"href":"https:\/\/www.fitnessbrasil.com.br\/es\/wp-json\/wp\/v2\/media?parent=131023"}],"wp:term":[{"taxonomy":"category","embeddable":true,"href":"https:\/\/www.fitnessbrasil.com.br\/es\/wp-json\/wp\/v2\/categories?post=131023"},{"taxonomy":"post_tag","embeddable":true,"href":"https:\/\/www.fitnessbrasil.com.br\/es\/wp-json\/wp\/v2\/tags?post=131023"},{"taxonomy":"post_folder","embeddable":true,"href":"https:\/\/www.fitnessbrasil.com.br\/es\/wp-json\/wp\/v2\/post_folder?post=131023"}],"curies":[{"name":"wp","href":"https:\/\/api.w.org\/{rel}","templated":true}]}}