{"id":131047,"date":"2026-01-19T15:00:49","date_gmt":"2026-01-19T18:00:49","guid":{"rendered":"https:\/\/www.fitnessbrasil.com.br\/?p=131047"},"modified":"2026-01-19T15:02:11","modified_gmt":"2026-01-19T18:02:11","slug":"escolas-de-natacao-um-modelo-de-negocio-alinhado-ao-calendario-escolar-e-a-gestao-comercial-e-pedagogica","status":"publish","type":"post","link":"https:\/\/www.fitnessbrasil.com.br\/es\/newsfitbr\/escolas-de-natacao-um-modelo-de-negocio-alinhado-ao-calendario-escolar-e-a-gestao-comercial-e-pedagogica\/","title":{"rendered":"Escuelas de nataci\u00f3n: un modelo de negocio alineado con el calendario escolar y la gesti\u00f3n comercial y pedag\u00f3gica."},"content":{"rendered":"<p>Entender o ritmo escolar \u00e9 essencial para estruturar campanhas, turmas, finan\u00e7as e decis\u00f5es estrat\u00e9gicas nas escolas de nata\u00e7\u00e3o<\/p>\n\n\n\n<p>Por Almir Marchetti, colunista Fitness Brasil<br>19\/1\/2026<\/p>\n\n\n\n<p><strong>O modelo de neg\u00f3cio das escolas de nata\u00e7\u00e3o apresenta caracter\u00edsticas que o aproximam muito mais do ambiente escolar do que do mercado tradicional de fitness.<\/strong> Diferentemente das academias, cujo foco est\u00e1 majoritariamente no p\u00fablico adulto e na l\u00f3gica de consumo cont\u00ednuo ao longo do ano, as escolas de nata\u00e7\u00e3o t\u00eam como principal p\u00fablico crian\u00e7as e adolescentes, o que estabelece uma rela\u00e7\u00e3o direta com a din\u00e2mica familiar e, consequentemente, com o calend\u00e1rio letivo. <\/p>\n\n\n\n<p><a href=\"https:\/\/www.fitnessbrasil.com.br\/es\/fitness-brasil-expo-2026\/\"><strong>+ Fitness Brasil Expo: o maior evento de fitness, sa\u00fade e bem-estar da Am\u00e9rica Latina<br><\/strong><\/a><a href=\"https:\/\/www.instagram.com\/fitnessbrasil_oficial\/\"><strong>+ Siga a Fitness Brasil no Instagram<\/strong><\/a><br><a href=\"https:\/\/www.whatsapp.com\/channel\/0029VarCqD5InlqU52KNAv3J\"><strong>+ Fa\u00e7a parte do nosso Canal no WhatsApp<\/strong><\/a><\/p>\n\n\n\n<p>Essa conex\u00e3o faz com que a gest\u00e3o do neg\u00f3cio deva ser planejada e executada considerando datas escolares estrat\u00e9gicas, como in\u00edcio e t\u00e9rmino do ano letivo, f\u00e9rias de meio e final de ano e per\u00edodos de volta \u00e0s aulas, que impactam diretamente a capta\u00e7\u00e3o, a perman\u00eancia e a evas\u00e3o de alunos. <\/p>\n\n\n\n<figure class=\"wp-block-image size-large\"><a href=\"https:\/\/www.fitnessbrasil.com.br\/wp-content\/uploads\/2026\/01\/Almir-Marchetti-janeiro-2026-AdobeStock_282609990.jpg\"><img decoding=\"async\" width=\"1200\" height=\"800\" data-src=\"https:\/\/www.fitnessbrasil.com.br\/wp-content\/uploads\/2026\/01\/Almir-Marchetti-janeiro-2026-AdobeStock_282609990-1200x800.jpg\" alt=\"\" class=\"wp-image-131050 lazyload\" data-srcset=\"https:\/\/www.fitnessbrasil.com.br\/wp-content\/uploads\/2026\/01\/Almir-Marchetti-janeiro-2026-AdobeStock_282609990-1200x800.jpg 1200w, https:\/\/www.fitnessbrasil.com.br\/wp-content\/uploads\/2026\/01\/Almir-Marchetti-janeiro-2026-AdobeStock_282609990-600x400.jpg 600w, https:\/\/www.fitnessbrasil.com.br\/wp-content\/uploads\/2026\/01\/Almir-Marchetti-janeiro-2026-AdobeStock_282609990-768x512.jpg 768w, https:\/\/www.fitnessbrasil.com.br\/wp-content\/uploads\/2026\/01\/Almir-Marchetti-janeiro-2026-AdobeStock_282609990-1536x1024.jpg 1536w, https:\/\/www.fitnessbrasil.com.br\/wp-content\/uploads\/2026\/01\/Almir-Marchetti-janeiro-2026-AdobeStock_282609990-18x12.jpg 18w, https:\/\/www.fitnessbrasil.com.br\/wp-content\/uploads\/2026\/01\/Almir-Marchetti-janeiro-2026-AdobeStock_282609990-510x340.jpg 510w, https:\/\/www.fitnessbrasil.com.br\/wp-content\/uploads\/2026\/01\/Almir-Marchetti-janeiro-2026-AdobeStock_282609990.jpg 1600w\" data-sizes=\"(max-width: 1200px) 100vw, 1200px\" src=\"data:image\/svg+xml;base64,PHN2ZyB3aWR0aD0iMSIgaGVpZ2h0PSIxIiB4bWxucz0iaHR0cDovL3d3dy53My5vcmcvMjAwMC9zdmciPjwvc3ZnPg==\" style=\"--smush-placeholder-width: 1200px; --smush-placeholder-aspect-ratio: 1200\/800;\" \/><\/a><\/figure>\n\n\n\n<p>Nesse contexto, <strong>as a\u00e7\u00f5es comerciais e pedag\u00f3gicas das escolas de nata\u00e7\u00e3o precisam estar alinhadas a esses ciclos. <\/strong>Campanhas de matr\u00edcula e rematr\u00edcula tendem a ser mais eficazes quando realizadas nos mesmos per\u00edodos em que as fam\u00edlias reorganizam suas rotinas escolares. Da mesma forma, o planejamento financeiro, a forma\u00e7\u00e3o de turmas, a contrata\u00e7\u00e3o de profissionais e a organiza\u00e7\u00e3o da grade hor\u00e1ria devem considerar a sazonalidade imposta pelo calend\u00e1rio escolar.  <\/p>\n\n\n\n<h4 class=\"wp-block-heading\">Gest\u00e3o baseada em indicadores<\/h4>\n\n\n\n<p><strong>Essa l\u00f3gica refor\u00e7a que a nata\u00e7\u00e3o, especialmente no segmento infantil, n\u00e3o deve ser tratada apenas como uma atividade f\u00edsica complementar, mas como parte integrante do processo educativo e de desenvolvimento das crian\u00e7as.<\/strong><\/p>\n\n\n\n<p>Para garantir a sustentabilidade e o sucesso desse modelo, a<strong> gest\u00e3o baseada em indicadores de performance torna-se essencial.<\/strong> Indicadores como taxa de matr\u00edcula e rematr\u00edcula permitem avaliar a efici\u00eancia das estrat\u00e9gias de capta\u00e7\u00e3o e fideliza\u00e7\u00e3o, enquanto a taxa de evas\u00e3o fornece sinais claros sobre a satisfa\u00e7\u00e3o das fam\u00edlias e a qualidade do servi\u00e7o prestado. <\/p>\n\n\n\n<p><strong>A ocupa\u00e7\u00e3o das turmas \u00e9 um indicador diretamente ligado \u00e0 rentabilidade do neg\u00f3cio<\/strong>, pois revela o n\u00edvel de aproveitamento da estrutura f\u00edsica e da equipe dispon\u00edvel. J\u00e1 o ticket m\u00e9dio por aluno auxilia a gest\u00e3o financeira na defini\u00e7\u00e3o de pre\u00e7os, pacotes e pol\u00edticas comerciais coerentes com o mercado e com o posicionamento da escola.<\/p>\n\n\n\n<h4 class=\"wp-block-heading\"><strong><a href=\"https:\/\/www.fitnessbrasil.com.br\/es\/panorama-setorial-2025-4a-edicao\/\">+ Baixe gratuitamente o Panorama Setorial Fitness Brasil \u2013 patroc\u00ednio de\u00a0<strong>ABC Evo\u00a0<\/strong>e<strong>\u00a0Matrix\u00a0Fitness<\/strong><\/a><\/strong><\/h4>\n\n\n\n<p>Al\u00e9m disso, <strong>a assiduidade dos alunos \u00e9 um indicador pedag\u00f3gico e gerencial relevante,<\/strong> pois a frequ\u00eancia regular est\u00e1 associada tanto \u00e0 evolu\u00e7\u00e3o t\u00e9cnica quanto \u00e0 perman\u00eancia do aluno no programa. A responsabilidade pelo acompanhamento desses indicadores deve ser compartilhada entre gest\u00e3o administrativa, coordena\u00e7\u00e3o pedag\u00f3gica e equipe t\u00e9cnica, garantindo uma vis\u00e3o integrada do neg\u00f3cio. <\/p>\n\n\n\n<p><strong>Assim, quando a escola de nata\u00e7\u00e3o compreende sua proximidade com o universo escolar e orienta suas decis\u00f5es estrat\u00e9gicas a partir desse entendimento, aumenta significativamente suas chances de crescimento sustent\u00e1vel<\/strong>, fortalecimento da marca e gera\u00e7\u00e3o de valor para alunos, fam\u00edlias e profissionais envolvidos.<\/p>\n\n\n\n<p class=\"has-small-font-size\"><em>Almir Marchetti formou-se em Educa\u00e7\u00e3o F\u00edsica pela UMC, fez p\u00f3s-gradua\u00e7\u00e3o em Administra\u00e7\u00e3o de Recursos Humanos nas Faculdades Anhembi Morumbi e especializou-se em Fisiologia do Exerc\u00edcio pela UNIFESP. Tamb\u00e9m possui forma\u00e7\u00e3o em Gest\u00e3o CMA e Lideran\u00e7a de Alto Valor pelo programa Metan\u00f3ia Prop\u00f3sito nos Neg\u00f3cios. Com 36 anos de experi\u00eancia em coordena\u00e7\u00e3o e gest\u00e3o de academias e escolas de nata\u00e7\u00e3o, atua como s\u00f3cio gestor da Escola de Esportes Gustavo Borges e consultor pedag\u00f3gico da Metodologia Gustavo Borges, al\u00e9m de ser palestrante e professor nas \u00e1reas de nata\u00e7\u00e3o e gest\u00e3o aqu\u00e1tica.<\/em><\/p>\n\n\n\n<p><\/p>","protected":false},"excerpt":{"rendered":"<p>Entender o ritmo escolar \u00e9 essencial para estruturar campanhas, turmas, finan\u00e7as e decis\u00f5es estrat\u00e9gicas<\/p>","protected":false},"author":113,"featured_media":131050,"comment_status":"closed","ping_status":"closed","sticky":false,"template":"","format":"standard","meta":{"_acf_changed":false,"footnotes":""},"categories":[72,74,430,70],"tags":[],"post_folder":[],"class_list":["post-131047","post","type-post","status-publish","format-standard","has-post-thumbnail","hentry","category-almir-marchetti","category-colunistas","category-destaques","category-noticias"],"acf":[],"yoast_head":"<!-- This site is optimized with the Yoast SEO plugin v27.4 - https:\/\/yoast.com\/product\/yoast-seo-wordpress\/ -->\n<title>Escolas de nata\u00e7\u00e3o: um modelo de neg\u00f3cio alinhado ao calend\u00e1rio escolar e \u00e0 gest\u00e3o comercial e pedag\u00f3gica - Fitness Brasil<\/title>\n<meta name=\"description\" content=\"Entender o ritmo escolar \u00e9 essencial para estruturar campanhas, turmas, finan\u00e7as e decis\u00f5es estrat\u00e9gicas nas escolas de nata\u00e7\u00e3o\" \/>\n<meta name=\"robots\" content=\"index, follow, max-snippet:-1, max-image-preview:large, max-video-preview:-1\" \/>\n<link rel=\"canonical\" href=\"https:\/\/www.fitnessbrasil.com.br\/es\/newsfitbr\/escolas-de-natacao-um-modelo-de-negocio-alinhado-ao-calendario-escolar-e-a-gestao-comercial-e-pedagogica\/\" \/>\n<meta property=\"og:locale\" content=\"es_ES\" \/>\n<meta property=\"og:type\" content=\"article\" \/>\n<meta property=\"og:title\" content=\"Escolas de nata\u00e7\u00e3o: um modelo de neg\u00f3cio alinhado ao calend\u00e1rio escolar e \u00e0 gest\u00e3o comercial e pedag\u00f3gica - Fitness Brasil\" \/>\n<meta property=\"og:description\" content=\"Entender o ritmo escolar \u00e9 essencial para estruturar campanhas, turmas, finan\u00e7as e decis\u00f5es estrat\u00e9gicas nas escolas de nata\u00e7\u00e3o\" \/>\n<meta property=\"og:url\" content=\"https:\/\/www.fitnessbrasil.com.br\/es\/newsfitbr\/escolas-de-natacao-um-modelo-de-negocio-alinhado-ao-calendario-escolar-e-a-gestao-comercial-e-pedagogica\/\" \/>\n<meta property=\"og:site_name\" content=\"Fitness Brasil\" \/>\n<meta property=\"article:published_time\" content=\"2026-01-19T18:00:49+00:00\" \/>\n<meta property=\"article:modified_time\" content=\"2026-01-19T18:02:11+00:00\" \/>\n<meta property=\"og:image\" content=\"https:\/\/www.fitnessbrasil.com.br\/wp-content\/uploads\/2026\/01\/Almir-Marchetti-janeiro-2026-AdobeStock_282609990.jpg\" \/>\n\t<meta property=\"og:image:width\" content=\"1600\" \/>\n\t<meta property=\"og:image:height\" content=\"1067\" \/>\n\t<meta property=\"og:image:type\" content=\"image\/jpeg\" \/>\n<meta name=\"author\" content=\"Almir Marchetti\" \/>\n<meta name=\"twitter:card\" content=\"summary_large_image\" \/>\n<meta name=\"twitter:label1\" content=\"Escrito por\" \/>\n\t<meta name=\"twitter:data1\" content=\"Almir Marchetti\" \/>\n\t<meta name=\"twitter:label2\" content=\"Tiempo de lectura\" \/>\n\t<meta name=\"twitter:data2\" content=\"4 minutos\" \/>\n<script type=\"application\/ld+json\" class=\"yoast-schema-graph\">{\"@context\":\"https:\\\/\\\/schema.org\",\"@graph\":[{\"@type\":\"Article\",\"@id\":\"https:\\\/\\\/www.fitnessbrasil.com.br\\\/newsfitbr\\\/escolas-de-natacao-um-modelo-de-negocio-alinhado-ao-calendario-escolar-e-a-gestao-comercial-e-pedagogica\\\/#article\",\"isPartOf\":{\"@id\":\"https:\\\/\\\/www.fitnessbrasil.com.br\\\/newsfitbr\\\/escolas-de-natacao-um-modelo-de-negocio-alinhado-ao-calendario-escolar-e-a-gestao-comercial-e-pedagogica\\\/\"},\"author\":{\"name\":\"Almir Marchetti\",\"@id\":\"https:\\\/\\\/www.fitnessbrasil.com.br\\\/#\\\/schema\\\/person\\\/a49eb50eb47c2cfecc5a184d46111fa6\"},\"headline\":\"Escolas de nata\u00e7\u00e3o: um modelo de neg\u00f3cio alinhado ao calend\u00e1rio escolar e \u00e0 gest\u00e3o comercial e pedag\u00f3gica\",\"datePublished\":\"2026-01-19T18:00:49+00:00\",\"dateModified\":\"2026-01-19T18:02:11+00:00\",\"mainEntityOfPage\":{\"@id\":\"https:\\\/\\\/www.fitnessbrasil.com.br\\\/newsfitbr\\\/escolas-de-natacao-um-modelo-de-negocio-alinhado-ao-calendario-escolar-e-a-gestao-comercial-e-pedagogica\\\/\"},\"wordCount\":710,\"publisher\":{\"@id\":\"https:\\\/\\\/www.fitnessbrasil.com.br\\\/#organization\"},\"image\":{\"@id\":\"https:\\\/\\\/www.fitnessbrasil.com.br\\\/newsfitbr\\\/escolas-de-natacao-um-modelo-de-negocio-alinhado-ao-calendario-escolar-e-a-gestao-comercial-e-pedagogica\\\/#primaryimage\"},\"thumbnailUrl\":\"https:\\\/\\\/www.fitnessbrasil.com.br\\\/wp-content\\\/uploads\\\/2026\\\/01\\\/Almir-Marchetti-janeiro-2026-AdobeStock_282609990.jpg\",\"articleSection\":[\"Almir Marchetti\",\"Colunistas\",\"Destaques\",\"Not\u00edcias\"],\"inLanguage\":\"es\"},{\"@type\":\"WebPage\",\"@id\":\"https:\\\/\\\/www.fitnessbrasil.com.br\\\/newsfitbr\\\/escolas-de-natacao-um-modelo-de-negocio-alinhado-ao-calendario-escolar-e-a-gestao-comercial-e-pedagogica\\\/\",\"url\":\"https:\\\/\\\/www.fitnessbrasil.com.br\\\/newsfitbr\\\/escolas-de-natacao-um-modelo-de-negocio-alinhado-ao-calendario-escolar-e-a-gestao-comercial-e-pedagogica\\\/\",\"name\":\"Escolas de nata\u00e7\u00e3o: um modelo de neg\u00f3cio alinhado ao calend\u00e1rio escolar e \u00e0 gest\u00e3o comercial e pedag\u00f3gica - Fitness Brasil\",\"isPartOf\":{\"@id\":\"https:\\\/\\\/www.fitnessbrasil.com.br\\\/#website\"},\"primaryImageOfPage\":{\"@id\":\"https:\\\/\\\/www.fitnessbrasil.com.br\\\/newsfitbr\\\/escolas-de-natacao-um-modelo-de-negocio-alinhado-ao-calendario-escolar-e-a-gestao-comercial-e-pedagogica\\\/#primaryimage\"},\"image\":{\"@id\":\"https:\\\/\\\/www.fitnessbrasil.com.br\\\/newsfitbr\\\/escolas-de-natacao-um-modelo-de-negocio-alinhado-ao-calendario-escolar-e-a-gestao-comercial-e-pedagogica\\\/#primaryimage\"},\"thumbnailUrl\":\"https:\\\/\\\/www.fitnessbrasil.com.br\\\/wp-content\\\/uploads\\\/2026\\\/01\\\/Almir-Marchetti-janeiro-2026-AdobeStock_282609990.jpg\",\"datePublished\":\"2026-01-19T18:00:49+00:00\",\"dateModified\":\"2026-01-19T18:02:11+00:00\",\"description\":\"Entender o ritmo escolar \u00e9 essencial para estruturar campanhas, turmas, finan\u00e7as e decis\u00f5es estrat\u00e9gicas nas escolas de nata\u00e7\u00e3o\",\"breadcrumb\":{\"@id\":\"https:\\\/\\\/www.fitnessbrasil.com.br\\\/newsfitbr\\\/escolas-de-natacao-um-modelo-de-negocio-alinhado-ao-calendario-escolar-e-a-gestao-comercial-e-pedagogica\\\/#breadcrumb\"},\"inLanguage\":\"es\",\"potentialAction\":[{\"@type\":\"ReadAction\",\"target\":[\"https:\\\/\\\/www.fitnessbrasil.com.br\\\/newsfitbr\\\/escolas-de-natacao-um-modelo-de-negocio-alinhado-ao-calendario-escolar-e-a-gestao-comercial-e-pedagogica\\\/\"]}]},{\"@type\":\"ImageObject\",\"inLanguage\":\"es\",\"@id\":\"https:\\\/\\\/www.fitnessbrasil.com.br\\\/newsfitbr\\\/escolas-de-natacao-um-modelo-de-negocio-alinhado-ao-calendario-escolar-e-a-gestao-comercial-e-pedagogica\\\/#primaryimage\",\"url\":\"https:\\\/\\\/www.fitnessbrasil.com.br\\\/wp-content\\\/uploads\\\/2026\\\/01\\\/Almir-Marchetti-janeiro-2026-AdobeStock_282609990.jpg\",\"contentUrl\":\"https:\\\/\\\/www.fitnessbrasil.com.br\\\/wp-content\\\/uploads\\\/2026\\\/01\\\/Almir-Marchetti-janeiro-2026-AdobeStock_282609990.jpg\",\"width\":1600,\"height\":1067,\"caption\":\"aula de nata\u00e7\u00e3o Almir Marchetti\"},{\"@type\":\"BreadcrumbList\",\"@id\":\"https:\\\/\\\/www.fitnessbrasil.com.br\\\/newsfitbr\\\/escolas-de-natacao-um-modelo-de-negocio-alinhado-ao-calendario-escolar-e-a-gestao-comercial-e-pedagogica\\\/#breadcrumb\",\"itemListElement\":[{\"@type\":\"ListItem\",\"position\":1,\"name\":\"In\u00edcio\",\"item\":\"https:\\\/\\\/www.fitnessbrasil.com.br\\\/\"},{\"@type\":\"ListItem\",\"position\":2,\"name\":\"Escolas de nata\u00e7\u00e3o: um modelo de neg\u00f3cio alinhado ao calend\u00e1rio escolar e \u00e0 gest\u00e3o comercial e pedag\u00f3gica\"}]},{\"@type\":\"WebSite\",\"@id\":\"https:\\\/\\\/www.fitnessbrasil.com.br\\\/#website\",\"url\":\"https:\\\/\\\/www.fitnessbrasil.com.br\\\/\",\"name\":\"Fitness Brasil\",\"description\":\"\",\"publisher\":{\"@id\":\"https:\\\/\\\/www.fitnessbrasil.com.br\\\/#organization\"},\"potentialAction\":[{\"@type\":\"SearchAction\",\"target\":{\"@type\":\"EntryPoint\",\"urlTemplate\":\"https:\\\/\\\/www.fitnessbrasil.com.br\\\/?s={search_term_string}\"},\"query-input\":{\"@type\":\"PropertyValueSpecification\",\"valueRequired\":true,\"valueName\":\"search_term_string\"}}],\"inLanguage\":\"es\"},{\"@type\":\"Organization\",\"@id\":\"https:\\\/\\\/www.fitnessbrasil.com.br\\\/#organization\",\"name\":\"Fitness Brasil\",\"url\":\"https:\\\/\\\/www.fitnessbrasil.com.br\\\/\",\"logo\":{\"@type\":\"ImageObject\",\"inLanguage\":\"es\",\"@id\":\"https:\\\/\\\/www.fitnessbrasil.com.br\\\/#\\\/schema\\\/logo\\\/image\\\/\",\"url\":\"https:\\\/\\\/www.fitnessbrasil.com.br\\\/wp-content\\\/uploads\\\/2022\\\/01\\\/Logo-Fitness-Brasil_preto-e-cor.png\",\"contentUrl\":\"https:\\\/\\\/www.fitnessbrasil.com.br\\\/wp-content\\\/uploads\\\/2022\\\/01\\\/Logo-Fitness-Brasil_preto-e-cor.png\",\"width\":593,\"height\":316,\"caption\":\"Fitness Brasil\"},\"image\":{\"@id\":\"https:\\\/\\\/www.fitnessbrasil.com.br\\\/#\\\/schema\\\/logo\\\/image\\\/\"}},{\"@type\":\"Person\",\"@id\":\"https:\\\/\\\/www.fitnessbrasil.com.br\\\/#\\\/schema\\\/person\\\/a49eb50eb47c2cfecc5a184d46111fa6\",\"name\":\"Almir Marchetti\",\"image\":{\"@type\":\"ImageObject\",\"inLanguage\":\"es\",\"@id\":\"https:\\\/\\\/secure.gravatar.com\\\/avatar\\\/77bf5d67ae54f311ecfbeecbbe94ca249739ac193c2b6ddceecbca1406d5aa5f?s=96&r=g&d=https:\\\/\\\/www.fitnessbrasil.com.br\\\/wp-content\\\/plugins\\\/userswp\\\/assets\\\/images\\\/no_profile.png\",\"url\":\"https:\\\/\\\/secure.gravatar.com\\\/avatar\\\/77bf5d67ae54f311ecfbeecbbe94ca249739ac193c2b6ddceecbca1406d5aa5f?s=96&r=g&d=https:\\\/\\\/www.fitnessbrasil.com.br\\\/wp-content\\\/plugins\\\/userswp\\\/assets\\\/images\\\/no_profile.png\",\"contentUrl\":\"https:\\\/\\\/secure.gravatar.com\\\/avatar\\\/77bf5d67ae54f311ecfbeecbbe94ca249739ac193c2b6ddceecbca1406d5aa5f?s=96&r=g&d=https:\\\/\\\/www.fitnessbrasil.com.br\\\/wp-content\\\/plugins\\\/userswp\\\/assets\\\/images\\\/no_profile.png\",\"caption\":\"Almir Marchetti\"},\"url\":\"https:\\\/\\\/www.fitnessbrasil.com.br\\\/es\\\/profile\\\/almir-marchetti\\\/\"}]}<\/script>\n<!-- \/ Yoast SEO plugin. -->","yoast_head_json":{"title":"Escolas de nata\u00e7\u00e3o: um modelo de neg\u00f3cio alinhado ao calend\u00e1rio escolar e \u00e0 gest\u00e3o comercial e pedag\u00f3gica - Fitness Brasil","description":"Entender o ritmo escolar \u00e9 essencial para estruturar campanhas, turmas, finan\u00e7as e decis\u00f5es estrat\u00e9gicas nas escolas de nata\u00e7\u00e3o","robots":{"index":"index","follow":"follow","max-snippet":"max-snippet:-1","max-image-preview":"max-image-preview:large","max-video-preview":"max-video-preview:-1"},"canonical":"https:\/\/www.fitnessbrasil.com.br\/es\/newsfitbr\/escolas-de-natacao-um-modelo-de-negocio-alinhado-ao-calendario-escolar-e-a-gestao-comercial-e-pedagogica\/","og_locale":"es_ES","og_type":"article","og_title":"Escolas de nata\u00e7\u00e3o: um modelo de neg\u00f3cio alinhado ao calend\u00e1rio escolar e \u00e0 gest\u00e3o comercial e pedag\u00f3gica - Fitness Brasil","og_description":"Entender o ritmo escolar \u00e9 essencial para estruturar campanhas, turmas, finan\u00e7as e decis\u00f5es estrat\u00e9gicas nas escolas de nata\u00e7\u00e3o","og_url":"https:\/\/www.fitnessbrasil.com.br\/es\/newsfitbr\/escolas-de-natacao-um-modelo-de-negocio-alinhado-ao-calendario-escolar-e-a-gestao-comercial-e-pedagogica\/","og_site_name":"Fitness Brasil","article_published_time":"2026-01-19T18:00:49+00:00","article_modified_time":"2026-01-19T18:02:11+00:00","og_image":[{"width":1600,"height":1067,"url":"https:\/\/www.fitnessbrasil.com.br\/wp-content\/uploads\/2026\/01\/Almir-Marchetti-janeiro-2026-AdobeStock_282609990.jpg","type":"image\/jpeg"}],"author":"Almir Marchetti","twitter_card":"summary_large_image","twitter_misc":{"Escrito por":"Almir Marchetti","Tiempo de lectura":"4 minutos"},"schema":{"@context":"https:\/\/schema.org","@graph":[{"@type":"Article","@id":"https:\/\/www.fitnessbrasil.com.br\/newsfitbr\/escolas-de-natacao-um-modelo-de-negocio-alinhado-ao-calendario-escolar-e-a-gestao-comercial-e-pedagogica\/#article","isPartOf":{"@id":"https:\/\/www.fitnessbrasil.com.br\/newsfitbr\/escolas-de-natacao-um-modelo-de-negocio-alinhado-ao-calendario-escolar-e-a-gestao-comercial-e-pedagogica\/"},"author":{"name":"Almir Marchetti","@id":"https:\/\/www.fitnessbrasil.com.br\/#\/schema\/person\/a49eb50eb47c2cfecc5a184d46111fa6"},"headline":"Escolas de nata\u00e7\u00e3o: um modelo de neg\u00f3cio alinhado ao calend\u00e1rio escolar e \u00e0 gest\u00e3o comercial e pedag\u00f3gica","datePublished":"2026-01-19T18:00:49+00:00","dateModified":"2026-01-19T18:02:11+00:00","mainEntityOfPage":{"@id":"https:\/\/www.fitnessbrasil.com.br\/newsfitbr\/escolas-de-natacao-um-modelo-de-negocio-alinhado-ao-calendario-escolar-e-a-gestao-comercial-e-pedagogica\/"},"wordCount":710,"publisher":{"@id":"https:\/\/www.fitnessbrasil.com.br\/#organization"},"image":{"@id":"https:\/\/www.fitnessbrasil.com.br\/newsfitbr\/escolas-de-natacao-um-modelo-de-negocio-alinhado-ao-calendario-escolar-e-a-gestao-comercial-e-pedagogica\/#primaryimage"},"thumbnailUrl":"https:\/\/www.fitnessbrasil.com.br\/wp-content\/uploads\/2026\/01\/Almir-Marchetti-janeiro-2026-AdobeStock_282609990.jpg","articleSection":["Almir Marchetti","Colunistas","Destaques","Not\u00edcias"],"inLanguage":"es"},{"@type":"WebPage","@id":"https:\/\/www.fitnessbrasil.com.br\/newsfitbr\/escolas-de-natacao-um-modelo-de-negocio-alinhado-ao-calendario-escolar-e-a-gestao-comercial-e-pedagogica\/","url":"https:\/\/www.fitnessbrasil.com.br\/newsfitbr\/escolas-de-natacao-um-modelo-de-negocio-alinhado-ao-calendario-escolar-e-a-gestao-comercial-e-pedagogica\/","name":"Escolas de nata\u00e7\u00e3o: um modelo de neg\u00f3cio alinhado ao calend\u00e1rio escolar e \u00e0 gest\u00e3o comercial e pedag\u00f3gica - Fitness Brasil","isPartOf":{"@id":"https:\/\/www.fitnessbrasil.com.br\/#website"},"primaryImageOfPage":{"@id":"https:\/\/www.fitnessbrasil.com.br\/newsfitbr\/escolas-de-natacao-um-modelo-de-negocio-alinhado-ao-calendario-escolar-e-a-gestao-comercial-e-pedagogica\/#primaryimage"},"image":{"@id":"https:\/\/www.fitnessbrasil.com.br\/newsfitbr\/escolas-de-natacao-um-modelo-de-negocio-alinhado-ao-calendario-escolar-e-a-gestao-comercial-e-pedagogica\/#primaryimage"},"thumbnailUrl":"https:\/\/www.fitnessbrasil.com.br\/wp-content\/uploads\/2026\/01\/Almir-Marchetti-janeiro-2026-AdobeStock_282609990.jpg","datePublished":"2026-01-19T18:00:49+00:00","dateModified":"2026-01-19T18:02:11+00:00","description":"Entender o ritmo escolar \u00e9 essencial para estruturar campanhas, turmas, finan\u00e7as e decis\u00f5es estrat\u00e9gicas nas escolas de nata\u00e7\u00e3o","breadcrumb":{"@id":"https:\/\/www.fitnessbrasil.com.br\/newsfitbr\/escolas-de-natacao-um-modelo-de-negocio-alinhado-ao-calendario-escolar-e-a-gestao-comercial-e-pedagogica\/#breadcrumb"},"inLanguage":"es","potentialAction":[{"@type":"ReadAction","target":["https:\/\/www.fitnessbrasil.com.br\/newsfitbr\/escolas-de-natacao-um-modelo-de-negocio-alinhado-ao-calendario-escolar-e-a-gestao-comercial-e-pedagogica\/"]}]},{"@type":"ImageObject","inLanguage":"es","@id":"https:\/\/www.fitnessbrasil.com.br\/newsfitbr\/escolas-de-natacao-um-modelo-de-negocio-alinhado-ao-calendario-escolar-e-a-gestao-comercial-e-pedagogica\/#primaryimage","url":"https:\/\/www.fitnessbrasil.com.br\/wp-content\/uploads\/2026\/01\/Almir-Marchetti-janeiro-2026-AdobeStock_282609990.jpg","contentUrl":"https:\/\/www.fitnessbrasil.com.br\/wp-content\/uploads\/2026\/01\/Almir-Marchetti-janeiro-2026-AdobeStock_282609990.jpg","width":1600,"height":1067,"caption":"aula de nata\u00e7\u00e3o Almir Marchetti"},{"@type":"BreadcrumbList","@id":"https:\/\/www.fitnessbrasil.com.br\/newsfitbr\/escolas-de-natacao-um-modelo-de-negocio-alinhado-ao-calendario-escolar-e-a-gestao-comercial-e-pedagogica\/#breadcrumb","itemListElement":[{"@type":"ListItem","position":1,"name":"In\u00edcio","item":"https:\/\/www.fitnessbrasil.com.br\/"},{"@type":"ListItem","position":2,"name":"Escolas de nata\u00e7\u00e3o: um modelo de neg\u00f3cio alinhado ao calend\u00e1rio escolar e \u00e0 gest\u00e3o comercial e pedag\u00f3gica"}]},{"@type":"WebSite","@id":"https:\/\/www.fitnessbrasil.com.br\/#website","url":"https:\/\/www.fitnessbrasil.com.br\/","name":"Fitness Brasil","description":"","publisher":{"@id":"https:\/\/www.fitnessbrasil.com.br\/#organization"},"potentialAction":[{"@type":"SearchAction","target":{"@type":"EntryPoint","urlTemplate":"https:\/\/www.fitnessbrasil.com.br\/?s={search_term_string}"},"query-input":{"@type":"PropertyValueSpecification","valueRequired":true,"valueName":"search_term_string"}}],"inLanguage":"es"},{"@type":"Organization","@id":"https:\/\/www.fitnessbrasil.com.br\/#organization","name":"Fitness Brasil","url":"https:\/\/www.fitnessbrasil.com.br\/","logo":{"@type":"ImageObject","inLanguage":"es","@id":"https:\/\/www.fitnessbrasil.com.br\/#\/schema\/logo\/image\/","url":"https:\/\/www.fitnessbrasil.com.br\/wp-content\/uploads\/2022\/01\/Logo-Fitness-Brasil_preto-e-cor.png","contentUrl":"https:\/\/www.fitnessbrasil.com.br\/wp-content\/uploads\/2022\/01\/Logo-Fitness-Brasil_preto-e-cor.png","width":593,"height":316,"caption":"Fitness Brasil"},"image":{"@id":"https:\/\/www.fitnessbrasil.com.br\/#\/schema\/logo\/image\/"}},{"@type":"Person","@id":"https:\/\/www.fitnessbrasil.com.br\/#\/schema\/person\/a49eb50eb47c2cfecc5a184d46111fa6","name":"Almir Marchetti","image":{"@type":"ImageObject","inLanguage":"es","@id":"https:\/\/secure.gravatar.com\/avatar\/77bf5d67ae54f311ecfbeecbbe94ca249739ac193c2b6ddceecbca1406d5aa5f?s=96&r=g&d=https:\/\/www.fitnessbrasil.com.br\/wp-content\/plugins\/userswp\/assets\/images\/no_profile.png","url":"https:\/\/secure.gravatar.com\/avatar\/77bf5d67ae54f311ecfbeecbbe94ca249739ac193c2b6ddceecbca1406d5aa5f?s=96&r=g&d=https:\/\/www.fitnessbrasil.com.br\/wp-content\/plugins\/userswp\/assets\/images\/no_profile.png","contentUrl":"https:\/\/secure.gravatar.com\/avatar\/77bf5d67ae54f311ecfbeecbbe94ca249739ac193c2b6ddceecbca1406d5aa5f?s=96&r=g&d=https:\/\/www.fitnessbrasil.com.br\/wp-content\/plugins\/userswp\/assets\/images\/no_profile.png","caption":"Almir Marchetti"},"url":"https:\/\/www.fitnessbrasil.com.br\/es\/profile\/almir-marchetti\/"}]}},"_links":{"self":[{"href":"https:\/\/www.fitnessbrasil.com.br\/es\/wp-json\/wp\/v2\/posts\/131047","targetHints":{"allow":["GET"]}}],"collection":[{"href":"https:\/\/www.fitnessbrasil.com.br\/es\/wp-json\/wp\/v2\/posts"}],"about":[{"href":"https:\/\/www.fitnessbrasil.com.br\/es\/wp-json\/wp\/v2\/types\/post"}],"author":[{"embeddable":true,"href":"https:\/\/www.fitnessbrasil.com.br\/es\/wp-json\/wp\/v2\/users\/113"}],"replies":[{"embeddable":true,"href":"https:\/\/www.fitnessbrasil.com.br\/es\/wp-json\/wp\/v2\/comments?post=131047"}],"version-history":[{"count":5,"href":"https:\/\/www.fitnessbrasil.com.br\/es\/wp-json\/wp\/v2\/posts\/131047\/revisions"}],"predecessor-version":[{"id":131054,"href":"https:\/\/www.fitnessbrasil.com.br\/es\/wp-json\/wp\/v2\/posts\/131047\/revisions\/131054"}],"wp:featuredmedia":[{"embeddable":true,"href":"https:\/\/www.fitnessbrasil.com.br\/es\/wp-json\/wp\/v2\/media\/131050"}],"wp:attachment":[{"href":"https:\/\/www.fitnessbrasil.com.br\/es\/wp-json\/wp\/v2\/media?parent=131047"}],"wp:term":[{"taxonomy":"category","embeddable":true,"href":"https:\/\/www.fitnessbrasil.com.br\/es\/wp-json\/wp\/v2\/categories?post=131047"},{"taxonomy":"post_tag","embeddable":true,"href":"https:\/\/www.fitnessbrasil.com.br\/es\/wp-json\/wp\/v2\/tags?post=131047"},{"taxonomy":"post_folder","embeddable":true,"href":"https:\/\/www.fitnessbrasil.com.br\/es\/wp-json\/wp\/v2\/post_folder?post=131047"}],"curies":[{"name":"wp","href":"https:\/\/api.w.org\/{rel}","templated":true}]}}