{"id":132157,"date":"2026-03-05T17:31:04","date_gmt":"2026-03-05T20:31:04","guid":{"rendered":"https:\/\/www.fitnessbrasil.com.br\/?p=132157"},"modified":"2026-03-05T19:53:20","modified_gmt":"2026-03-05T22:53:20","slug":"fitness-brasil-visita-sede-da-matrix-em-jarinu","status":"publish","type":"post","link":"https:\/\/www.fitnessbrasil.com.br\/es\/newsfitbr\/fitness-brasil-visita-sede-da-matrix-em-jarinu\/","title":{"rendered":"Fitness Brasil visita sede da Matrix em Jarinu (SP) e fortalece di\u00e1logo com a ind\u00fastria de equipamentos"},"content":{"rendered":"<p>Equipe conheceu o novo centro log\u00edstico da marca e discutiu tend\u00eancias tecnol\u00f3gicas que devem impactar o mercado fitness<\/p>\n\n\n\n<p>Fitness Brasil<br>5\/3\/2026<\/p>\n\n\n\n<p>A cidade de Jarinu, no interior de S\u00e3o Paulo, abriga hoje um importante centro de opera\u00e7\u00e3o da <strong>Matrix no Brasil<\/strong>. Foi l\u00e1 que <strong>a equipe da Fitness Brasil esteve para conhecer de perto a estrutura log\u00edstica da empresa, discutir tend\u00eancias do setor e fortalecer o relacionamento<\/strong> com uma das principais marcas globais de equipamentos para academias.<\/p>\n\n\n\n<h4 class=\"wp-block-heading\"><a href=\"https:\/\/www.fitnessbrasil.com.br\/es\/fitness-brasil-expo-2026\/\"><strong>+ Fitness Brasil Expo: o maior evento de fitness, sa\u00fade e bem-estar da Am\u00e9rica Latina<\/strong><\/a><\/h4>\n\n\n\n<h4 class=\"wp-block-heading\"><a href=\"https:\/\/www.instagram.com\/fitnessbrasil_oficial\/\"><strong>+ Siga a Fitness Brasil no Instagram<\/strong><\/a><\/h4>\n\n\n\n<h4 class=\"wp-block-heading\"><a href=\"https:\/\/www.whatsapp.com\/channel\/0029VarCqD5InlqU52KNAv3J\"><strong>+ Fa\u00e7a parte do nosso Canal no WhatsApp<\/strong><\/a><\/h4>\n\n\n\n<p>Participaram da visita <strong>Gustavo Almeida, diretor executivo da Fitness Brasil, e Karina Bernini, gerente comercial<\/strong>. A recep\u00e7\u00e3o foi conduzida por <strong>Reginaldo Recchia, CEO da Johnson Health Tech no Brasil, grupo respons\u00e1vel pelas marcas Matrix e Vision, com o acompanhamento de Victor Soares Pinto, supervisor de marketing da Matrix<\/strong>.<\/p>\n\n\n\n<figure class=\"wp-block-image size-large\"><a href=\"https:\/\/www.fitnessbrasil.com.br\/wp-content\/uploads\/2026\/03\/MATRIX2a.jpeg\"><img decoding=\"async\" width=\"1067\" height=\"800\" data-src=\"https:\/\/www.fitnessbrasil.com.br\/wp-content\/uploads\/2026\/03\/MATRIX2a-1067x800.jpeg\" alt=\"\" class=\"wp-image-132161 lazyload\" data-srcset=\"https:\/\/www.fitnessbrasil.com.br\/wp-content\/uploads\/2026\/03\/MATRIX2a-1067x800.jpeg 1067w, https:\/\/www.fitnessbrasil.com.br\/wp-content\/uploads\/2026\/03\/MATRIX2a-533x400.jpeg 533w, https:\/\/www.fitnessbrasil.com.br\/wp-content\/uploads\/2026\/03\/MATRIX2a-768x576.jpeg 768w, https:\/\/www.fitnessbrasil.com.br\/wp-content\/uploads\/2026\/03\/MATRIX2a-16x12.jpeg 16w, https:\/\/www.fitnessbrasil.com.br\/wp-content\/uploads\/2026\/03\/MATRIX2a-510x383.jpeg 510w, https:\/\/www.fitnessbrasil.com.br\/wp-content\/uploads\/2026\/03\/MATRIX2a.jpeg 1200w\" data-sizes=\"(max-width: 1067px) 100vw, 1067px\" src=\"data:image\/svg+xml;base64,PHN2ZyB3aWR0aD0iMSIgaGVpZ2h0PSIxIiB4bWxucz0iaHR0cDovL3d3dy53My5vcmcvMjAwMC9zdmciPjwvc3ZnPg==\" style=\"--smush-placeholder-width: 1067px; --smush-placeholder-aspect-ratio: 1067\/800;\" \/><\/a><\/figure>\n\n\n\n<p>Durante o encontro, os representantes da FB conheceram o <strong>novo centro de distribui\u00e7\u00e3o da empresa, que recentemente transferiu suas opera\u00e7\u00f5es de Indaiatuba para Jarinu.<\/strong> A nova estrutura foi constru\u00edda sob medida e ampliou significativamente a capacidade log\u00edstica da companhia.<\/p>\n\n\n\n<p>\u201cO contato direto com a ind\u00fastria \u00e9 essencial para entender como o mercado est\u00e1 evoluindo\u201d, afirma Gustavo Almeida. <strong>\u201cVisitas como essa fortalecem conex\u00f5es e ajudam a compreender as inova\u00e7\u00f5es que chegam \u00e0s academias<\/strong>.\u201d<\/p>\n\n\n\n<h4 class=\"wp-block-heading\"><strong>Estrutura log\u00edstica e expans\u00e3o da opera\u00e7\u00e3o<\/strong><\/h4>\n\n\n\n<p>A mudan\u00e7a para Jarinu marcou uma nova etapa da opera\u00e7\u00e3o da Matrix no Brasil. <strong>O antigo centro de distribui\u00e7\u00e3o, com cerca de 3.600 m\u00b2, deu lugar a uma estrutura ampliada que hoje se aproxima de 9.000 m\u00b2<\/strong> \u2014 praticamente triplicando a capacidade log\u00edstica da empresa.<\/p>\n\n\n\n<p><strong>O espa\u00e7o concentra o armazenamento e a distribui\u00e7\u00e3o de equipamentos para todo o pa\u00eds. <\/strong>Para complementar a opera\u00e7\u00e3o, a companhia mant\u00e9m dois galp\u00f5es externos locados nas cidades de Caieiras e Indaiatuba.<\/p>\n\n\n\n<p>Segundo Recchia, a expans\u00e3o acompanha o crescimento do mercado fitness brasileiro. \u201c<strong>Essa nova estrutura foi pensada para dar mais efici\u00eancia \u00e0 opera\u00e7\u00e3o e atender melhor nossos clientes<\/strong>\u201d, explica. Os equipamentos comercializados pela empresa no Brasil s\u00e3o 100% importados, com a log\u00edstica concentrada na unidade de Jarinu.<\/p>\n\n\n\n<div class=\"wp-block-stackable-carousel stk-block-carousel stk--is-slide stk--arrows-justify-space-between stk--arrows-align-center stk-block stk-c146514\" data-slides-to-show=\"\" data-block-id=\"c146514\"><div class=\"stk-block-carousel__content-wrapper\"><div class=\"stk-row stk-inner-blocks has-text-align-center stk-block-content stk-block-carousel__slider-wrapper stk-content-align stk-c146514-column\"><div class=\"stk-block-carousel__slider\" role=\"list\" data-autoplay=\"4000\" data-label-slide-of=\"Slide %%d of %%d\" tabindex=\"0\">\n<div class=\"wp-block-stackable-column stk-block-column stk-column stk-block stk-c01ba9c\" data-v=\"4\" data-block-id=\"c01ba9c\"><div class=\"stk-column-wrapper stk-block-column__content stk-container stk-c01ba9c-container stk--no-background stk--no-padding\"><div class=\"stk-block-content stk-inner-blocks stk-c01ba9c-inner-blocks\">\n<figure class=\"wp-block-image size-large\"><a href=\"https:\/\/www.fitnessbrasil.com.br\/wp-content\/uploads\/2026\/03\/matrix7.jpeg\"><img decoding=\"async\" width=\"600\" height=\"800\" data-src=\"https:\/\/www.fitnessbrasil.com.br\/wp-content\/uploads\/2026\/03\/matrix7-600x800.jpeg\" alt=\"\" class=\"wp-image-132168 lazyload\" data-srcset=\"https:\/\/www.fitnessbrasil.com.br\/wp-content\/uploads\/2026\/03\/matrix7-600x800.jpeg 600w, https:\/\/www.fitnessbrasil.com.br\/wp-content\/uploads\/2026\/03\/matrix7-300x400.jpeg 300w, https:\/\/www.fitnessbrasil.com.br\/wp-content\/uploads\/2026\/03\/matrix7-768x1024.jpeg 768w, https:\/\/www.fitnessbrasil.com.br\/wp-content\/uploads\/2026\/03\/matrix7-1152x1536.jpeg 1152w, https:\/\/www.fitnessbrasil.com.br\/wp-content\/uploads\/2026\/03\/matrix7-9x12.jpeg 9w, https:\/\/www.fitnessbrasil.com.br\/wp-content\/uploads\/2026\/03\/matrix7-510x680.jpeg 510w, https:\/\/www.fitnessbrasil.com.br\/wp-content\/uploads\/2026\/03\/matrix7.jpeg 1200w\" data-sizes=\"(max-width: 600px) 100vw, 600px\" src=\"data:image\/svg+xml;base64,PHN2ZyB3aWR0aD0iMSIgaGVpZ2h0PSIxIiB4bWxucz0iaHR0cDovL3d3dy53My5vcmcvMjAwMC9zdmciPjwvc3ZnPg==\" style=\"--smush-placeholder-width: 600px; --smush-placeholder-aspect-ratio: 600\/800;\" \/><\/a><\/figure>\n<\/div><\/div><\/div>\n\n\n\n<div class=\"wp-block-stackable-column stk-block-column stk-column stk-block stk-e6e1737\" data-v=\"4\" data-block-id=\"e6e1737\"><div class=\"stk-column-wrapper stk-block-column__content stk-container stk-e6e1737-container stk--no-background stk--no-padding\"><div class=\"stk-block-content stk-inner-blocks stk-e6e1737-inner-blocks\">\n<figure class=\"wp-block-image size-large\"><a href=\"https:\/\/www.fitnessbrasil.com.br\/wp-content\/uploads\/2026\/03\/matrix4.jpeg\"><img decoding=\"async\" width=\"600\" height=\"800\" data-src=\"https:\/\/www.fitnessbrasil.com.br\/wp-content\/uploads\/2026\/03\/matrix4-600x800.jpeg\" alt=\"\" class=\"wp-image-132166 lazyload\" data-srcset=\"https:\/\/www.fitnessbrasil.com.br\/wp-content\/uploads\/2026\/03\/matrix4-600x800.jpeg 600w, https:\/\/www.fitnessbrasil.com.br\/wp-content\/uploads\/2026\/03\/matrix4-300x400.jpeg 300w, https:\/\/www.fitnessbrasil.com.br\/wp-content\/uploads\/2026\/03\/matrix4-768x1024.jpeg 768w, https:\/\/www.fitnessbrasil.com.br\/wp-content\/uploads\/2026\/03\/matrix4-1152x1536.jpeg 1152w, https:\/\/www.fitnessbrasil.com.br\/wp-content\/uploads\/2026\/03\/matrix4-9x12.jpeg 9w, https:\/\/www.fitnessbrasil.com.br\/wp-content\/uploads\/2026\/03\/matrix4-510x680.jpeg 510w, https:\/\/www.fitnessbrasil.com.br\/wp-content\/uploads\/2026\/03\/matrix4.jpeg 1200w\" data-sizes=\"(max-width: 600px) 100vw, 600px\" src=\"data:image\/svg+xml;base64,PHN2ZyB3aWR0aD0iMSIgaGVpZ2h0PSIxIiB4bWxucz0iaHR0cDovL3d3dy53My5vcmcvMjAwMC9zdmciPjwvc3ZnPg==\" style=\"--smush-placeholder-width: 600px; --smush-placeholder-aspect-ratio: 600\/800;\" \/><\/a><\/figure>\n<\/div><\/div><\/div>\n\n\n\n<div class=\"wp-block-stackable-column stk-block-column stk-column stk-block stk-9b12e9f\" data-v=\"4\" data-block-id=\"9b12e9f\"><div class=\"stk-column-wrapper stk-block-column__content stk-container stk-9b12e9f-container stk--no-background stk--no-padding\"><div class=\"stk-block-content stk-inner-blocks stk-9b12e9f-inner-blocks\">\n<figure class=\"wp-block-image aligncenter size-large\"><a href=\"https:\/\/www.fitnessbrasil.com.br\/wp-content\/uploads\/2026\/03\/MATRIX1.jpeg\"><img decoding=\"async\" width=\"600\" height=\"800\" data-src=\"https:\/\/www.fitnessbrasil.com.br\/wp-content\/uploads\/2026\/03\/MATRIX1-600x800.jpeg\" alt=\"\" class=\"wp-image-132164 lazyload\" data-srcset=\"https:\/\/www.fitnessbrasil.com.br\/wp-content\/uploads\/2026\/03\/MATRIX1-600x800.jpeg 600w, https:\/\/www.fitnessbrasil.com.br\/wp-content\/uploads\/2026\/03\/MATRIX1-300x400.jpeg 300w, https:\/\/www.fitnessbrasil.com.br\/wp-content\/uploads\/2026\/03\/MATRIX1-768x1024.jpeg 768w, https:\/\/www.fitnessbrasil.com.br\/wp-content\/uploads\/2026\/03\/MATRIX1-1152x1536.jpeg 1152w, https:\/\/www.fitnessbrasil.com.br\/wp-content\/uploads\/2026\/03\/MATRIX1-9x12.jpeg 9w, https:\/\/www.fitnessbrasil.com.br\/wp-content\/uploads\/2026\/03\/MATRIX1-510x680.jpeg 510w, https:\/\/www.fitnessbrasil.com.br\/wp-content\/uploads\/2026\/03\/MATRIX1.jpeg 1200w\" data-sizes=\"(max-width: 600px) 100vw, 600px\" src=\"data:image\/svg+xml;base64,PHN2ZyB3aWR0aD0iMSIgaGVpZ2h0PSIxIiB4bWxucz0iaHR0cDovL3d3dy53My5vcmcvMjAwMC9zdmciPjwvc3ZnPg==\" style=\"--smush-placeholder-width: 600px; --smush-placeholder-aspect-ratio: 600\/800;\" \/><\/a><\/figure>\n<\/div><\/div><\/div>\n<\/div><div class=\"stk-block-carousel__buttons\"><button class=\"stk-block-carousel__button stk-block-carousel__button__prev\" aria-label=\"Previous slide\"><svg aria-hidden=\"true\" focusable=\"false\" data-prefix=\"fas\" data-icon=\"chevron-left\" class=\"svg-inline--fa fa-chevron-left\" xmlns=\"http:\/\/www.w3.org\/2000\/svg\" viewbox=\"0 0 320 512\" width=\"32\" height=\"32\"><path d=\"M34.52 239.03L228.87 44.69c9.37-9.37 24.57-9.37 33.94 0l22.67 22.67c9.36 9.36 9.37 24.52.04 33.9L131.49 256l154.02 154.75c9.34 9.38 9.32 24.54-.04 33.9l-22.67 22.67c-9.37 9.37-24.57 9.37-33.94 0L34.52 272.97c-9.37-9.37-9.37-24.57 0-33.94z\"><\/path><\/svg><\/button><button class=\"stk-block-carousel__button stk-block-carousel__button__next\" aria-label=\"Next slide\"><svg aria-hidden=\"true\" focusable=\"false\" data-prefix=\"fas\" data-icon=\"chevron-right\" class=\"svg-inline--fa fa-chevron-right\" xmlns=\"http:\/\/www.w3.org\/2000\/svg\" viewbox=\"0 0 320 512\" width=\"32\" height=\"32\"><path d=\"M285.476 272.971L91.132 467.314c-9.373 9.373-24.569 9.373-33.941 0l-22.667-22.667c-9.357-9.357-9.375-24.522-.04-33.901L188.505 256 34.484 101.255c-9.335-9.379-9.317-24.544.04-33.901l22.667-22.667c9.373-9.373 24.569-9.373 33.941 0L285.475 239.03c9.373 9.372 9.373 24.568.001 33.941z\"><\/path><\/svg><\/button><\/div><\/div><div class=\"stk-block-carousel__dots\" role=\"list\" data-label=\"Slide %%d\"><\/div><\/div><\/div>\n\n\n\n<p>Durante a conversa com a equipe da Fitness Brasil, <strong>Recchia destacou duas tend\u00eancias que devem transformar o mercado fitness nos pr\u00f3ximos anos: tecnologia e intelig\u00eancia artificial.<\/strong><\/p>\n\n\n\n<p>\u201cHoje os novos desenvolvimentos j\u00e1 est\u00e3o baseados em tecnologia e IA. <strong>Equipamentos, softwares e sistemas est\u00e3o sendo criados para melhorar a experi\u00eancia do aluno<\/strong> e aumentar os resultados do treino\u201d, afirma.<\/p>\n\n\n\n<p>Ele tamb\u00e9m destacou que <strong>gestores de academias precisam observar alguns pilares na escolha de equipamentos<\/strong>: proced\u00eancia, qualidade, suporte p\u00f3s-venda e valor de revenda. \u201cExistem muitos equipamentos com pre\u00e7o baixo, mas que acabam gerando custo no futuro. Comprar bem significa preservar o investimento e garantir longevidade \u00e0 opera\u00e7\u00e3o.\u201d<\/p>\n\n\n\n<div class=\"wp-block-stackable-carousel aligncenter stk-block-carousel stk--is-slide stk--arrows-justify-space-between stk--arrows-align-center stk-block stk-50aea9b\" data-slides-to-show=\"\" data-block-id=\"50aea9b\"><div class=\"stk-block-carousel__content-wrapper\"><div class=\"stk-row stk-inner-blocks has-text-align-center stk-block-content stk-block-carousel__slider-wrapper stk-content-align stk-50aea9b-column\"><div class=\"stk-block-carousel__slider\" role=\"list\" data-autoplay=\"4000\" data-label-slide-of=\"Slide %%d of %%d\" tabindex=\"0\">\n<div class=\"wp-block-stackable-column stk-block-column stk-column stk-block stk-6f5f77e\" data-v=\"4\" data-block-id=\"6f5f77e\"><div class=\"stk-column-wrapper stk-block-column__content stk-container stk-6f5f77e-container stk--no-background stk--no-padding\"><div class=\"stk-block-content stk-inner-blocks stk-6f5f77e-inner-blocks\">\n<figure class=\"wp-block-image size-large\"><a href=\"https:\/\/www.fitnessbrasil.com.br\/wp-content\/uploads\/2026\/03\/matrix5.jpeg\"><img decoding=\"async\" width=\"600\" height=\"800\" data-src=\"https:\/\/www.fitnessbrasil.com.br\/wp-content\/uploads\/2026\/03\/matrix5-600x800.jpeg\" alt=\"\" class=\"wp-image-132162 lazyload\" data-srcset=\"https:\/\/www.fitnessbrasil.com.br\/wp-content\/uploads\/2026\/03\/matrix5-600x800.jpeg 600w, https:\/\/www.fitnessbrasil.com.br\/wp-content\/uploads\/2026\/03\/matrix5-300x400.jpeg 300w, https:\/\/www.fitnessbrasil.com.br\/wp-content\/uploads\/2026\/03\/matrix5-768x1024.jpeg 768w, https:\/\/www.fitnessbrasil.com.br\/wp-content\/uploads\/2026\/03\/matrix5-1152x1536.jpeg 1152w, https:\/\/www.fitnessbrasil.com.br\/wp-content\/uploads\/2026\/03\/matrix5-9x12.jpeg 9w, https:\/\/www.fitnessbrasil.com.br\/wp-content\/uploads\/2026\/03\/matrix5-510x680.jpeg 510w, https:\/\/www.fitnessbrasil.com.br\/wp-content\/uploads\/2026\/03\/matrix5.jpeg 1200w\" data-sizes=\"(max-width: 600px) 100vw, 600px\" src=\"data:image\/svg+xml;base64,PHN2ZyB3aWR0aD0iMSIgaGVpZ2h0PSIxIiB4bWxucz0iaHR0cDovL3d3dy53My5vcmcvMjAwMC9zdmciPjwvc3ZnPg==\" style=\"--smush-placeholder-width: 600px; --smush-placeholder-aspect-ratio: 600\/800;\" \/><\/a><\/figure>\n<\/div><\/div><\/div>\n\n\n\n<div class=\"wp-block-stackable-column stk-block-column stk-column stk-block stk-081e9c0\" data-v=\"4\" data-block-id=\"081e9c0\"><div class=\"stk-column-wrapper stk-block-column__content stk-container stk-081e9c0-container stk--no-background stk--no-padding\"><div class=\"stk-block-content stk-inner-blocks stk-081e9c0-inner-blocks\">\n<figure class=\"wp-block-image size-large\"><a href=\"https:\/\/www.fitnessbrasil.com.br\/wp-content\/uploads\/2026\/03\/matrix3.jpeg\"><img decoding=\"async\" width=\"600\" height=\"800\" data-src=\"https:\/\/www.fitnessbrasil.com.br\/wp-content\/uploads\/2026\/03\/matrix3-600x800.jpeg\" alt=\"\" class=\"wp-image-132163 lazyload\" data-srcset=\"https:\/\/www.fitnessbrasil.com.br\/wp-content\/uploads\/2026\/03\/matrix3-600x800.jpeg 600w, https:\/\/www.fitnessbrasil.com.br\/wp-content\/uploads\/2026\/03\/matrix3-300x400.jpeg 300w, https:\/\/www.fitnessbrasil.com.br\/wp-content\/uploads\/2026\/03\/matrix3-768x1024.jpeg 768w, https:\/\/www.fitnessbrasil.com.br\/wp-content\/uploads\/2026\/03\/matrix3-1152x1536.jpeg 1152w, https:\/\/www.fitnessbrasil.com.br\/wp-content\/uploads\/2026\/03\/matrix3-9x12.jpeg 9w, https:\/\/www.fitnessbrasil.com.br\/wp-content\/uploads\/2026\/03\/matrix3-510x680.jpeg 510w, https:\/\/www.fitnessbrasil.com.br\/wp-content\/uploads\/2026\/03\/matrix3.jpeg 1200w\" data-sizes=\"(max-width: 600px) 100vw, 600px\" src=\"data:image\/svg+xml;base64,PHN2ZyB3aWR0aD0iMSIgaGVpZ2h0PSIxIiB4bWxucz0iaHR0cDovL3d3dy53My5vcmcvMjAwMC9zdmciPjwvc3ZnPg==\" style=\"--smush-placeholder-width: 600px; --smush-placeholder-aspect-ratio: 600\/800;\" \/><\/a><\/figure>\n<\/div><\/div><\/div>\n\n\n\n<div class=\"wp-block-stackable-column stk-block-column stk-column stk-block stk-c78c672\" data-v=\"4\" data-block-id=\"c78c672\"><div class=\"stk-column-wrapper stk-block-column__content stk-container stk-c78c672-container stk--no-background stk--no-padding\"><div class=\"stk-block-content stk-inner-blocks stk-c78c672-inner-blocks\">\n<figure class=\"wp-block-image size-large\"><a href=\"https:\/\/www.fitnessbrasil.com.br\/wp-content\/uploads\/2026\/03\/matrix6.jpeg\"><img decoding=\"async\" width=\"600\" height=\"800\" data-src=\"https:\/\/www.fitnessbrasil.com.br\/wp-content\/uploads\/2026\/03\/matrix6-600x800.jpeg\" alt=\"MATRIX FB\" class=\"wp-image-132167 lazyload\" data-srcset=\"https:\/\/www.fitnessbrasil.com.br\/wp-content\/uploads\/2026\/03\/matrix6-600x800.jpeg 600w, https:\/\/www.fitnessbrasil.com.br\/wp-content\/uploads\/2026\/03\/matrix6-300x400.jpeg 300w, https:\/\/www.fitnessbrasil.com.br\/wp-content\/uploads\/2026\/03\/matrix6-768x1024.jpeg 768w, https:\/\/www.fitnessbrasil.com.br\/wp-content\/uploads\/2026\/03\/matrix6-1152x1536.jpeg 1152w, https:\/\/www.fitnessbrasil.com.br\/wp-content\/uploads\/2026\/03\/matrix6-9x12.jpeg 9w, https:\/\/www.fitnessbrasil.com.br\/wp-content\/uploads\/2026\/03\/matrix6-510x680.jpeg 510w, https:\/\/www.fitnessbrasil.com.br\/wp-content\/uploads\/2026\/03\/matrix6.jpeg 1200w\" data-sizes=\"(max-width: 600px) 100vw, 600px\" src=\"data:image\/svg+xml;base64,PHN2ZyB3aWR0aD0iMSIgaGVpZ2h0PSIxIiB4bWxucz0iaHR0cDovL3d3dy53My5vcmcvMjAwMC9zdmciPjwvc3ZnPg==\" style=\"--smush-placeholder-width: 600px; --smush-placeholder-aspect-ratio: 600\/800;\" \/><\/a><\/figure>\n<\/div><\/div><\/div>\n<\/div><div class=\"stk-block-carousel__buttons\"><button class=\"stk-block-carousel__button stk-block-carousel__button__prev\" aria-label=\"Previous slide\"><svg aria-hidden=\"true\" focusable=\"false\" data-prefix=\"fas\" data-icon=\"chevron-left\" class=\"svg-inline--fa fa-chevron-left\" xmlns=\"http:\/\/www.w3.org\/2000\/svg\" viewbox=\"0 0 320 512\" width=\"32\" height=\"32\"><path d=\"M34.52 239.03L228.87 44.69c9.37-9.37 24.57-9.37 33.94 0l22.67 22.67c9.36 9.36 9.37 24.52.04 33.9L131.49 256l154.02 154.75c9.34 9.38 9.32 24.54-.04 33.9l-22.67 22.67c-9.37 9.37-24.57 9.37-33.94 0L34.52 272.97c-9.37-9.37-9.37-24.57 0-33.94z\"><\/path><\/svg><\/button><button class=\"stk-block-carousel__button stk-block-carousel__button__next\" aria-label=\"Next slide\"><svg aria-hidden=\"true\" focusable=\"false\" data-prefix=\"fas\" data-icon=\"chevron-right\" class=\"svg-inline--fa fa-chevron-right\" xmlns=\"http:\/\/www.w3.org\/2000\/svg\" viewbox=\"0 0 320 512\" width=\"32\" height=\"32\"><path d=\"M285.476 272.971L91.132 467.314c-9.373 9.373-24.569 9.373-33.941 0l-22.667-22.667c-9.357-9.357-9.375-24.522-.04-33.901L188.505 256 34.484 101.255c-9.335-9.379-9.317-24.544.04-33.901l22.667-22.667c9.373-9.373 24.569-9.373 33.941 0L285.475 239.03c9.373 9.372 9.373 24.568.001 33.941z\"><\/path><\/svg><\/button><\/div><\/div><div class=\"stk-block-carousel__dots\" role=\"list\" data-label=\"Slide %%d\"><\/div><\/div><\/div>\n\n\n\n<h4 class=\"wp-block-heading\"><strong>Parceria com a Seca e uso de dados &nbsp;<\/strong><\/h4>\n\n\n\n<p>Outro destaque \u00e9 a <strong>parceria da Johnson Health Tech com a empresa Seca, refer\u00eancia global em bioimped\u00e2ncia e avalia\u00e7\u00e3o corporal<\/strong>. A tecnologia permite acompanhar dados precisos sobre a evolu\u00e7\u00e3o f\u00edsica do aluno ao longo do tempo, contribuindo para um treinamento mais monitorado e eficiente.<\/p>\n\n\n\n<p><strong>\u201cHoje a gest\u00e3o de dados \u00e9 fundamental.<\/strong> Existe uma frase muito conhecida: o que n\u00e3o se mede, n\u00e3o se acompanha \u2014 e o que n\u00e3o se acompanha n\u00e3o evolui\u201d, diz Recchia.<\/p>\n\n\n\n<h4 class=\"wp-block-heading\"><strong>Expectativas para a FB Expo 2026<\/strong><\/h4>\n\n\n\n<p>A conversa tamb\u00e9m antecipou algumas <strong>novidades que a Matrix pretende apresentar na Fitness Brasil Expo 2026<\/strong>. Segundo Recchia, a empresa levar\u00e1 novos produtos e experi\u00eancias voltadas \u00e0 demonstra\u00e7\u00e3o das <strong>tecnologias das marcas Matrix e Vision.<\/strong><\/p>\n\n\n\n<p>A <strong>Onyx, linha Ultra Premium<\/strong> da empresa, deve ganhar destaque na feira, refor\u00e7ando seu posicionamento tecnol\u00f3gico. \u201cNosso objetivo \u00e9 <strong>demonstrar ao mercado o impacto que equipamentos de alta qualidade e tecnologia podem gerar para academias e alunos<\/strong>\u201d, afirma.<\/p>\n\n\n\n<p><strong><a href=\"https:\/\/www.fitnessbrasil.com.br\/es\/panorama-setorial-2025-4a-edicao\/\">+ Baixe gratuitamente o Panorama Setorial Fitness Brasil \u2013 patroc\u00ednio de&nbsp;<strong>ABC Evo&nbsp;<\/strong>e<strong>&nbsp;Matrix&nbsp;Fitness<\/strong><\/a><\/strong><\/p>\n\n\n\n<p><strong>J\u00e1 a Vision representa atualmente cerca de 30% do faturamento da opera\u00e7\u00e3o brasileira,<\/strong> com expectativa de crescimento nos pr\u00f3ximos anos.<\/p>\n\n\n\n<p>Para a Fitness Brasil, visitas como essa refor\u00e7am a import\u00e2ncia do di\u00e1logo entre entidades, ind\u00fastria e operadores. <strong>\u201cConhecer de perto as opera\u00e7\u00f5es e as estrat\u00e9gias das empresas ajuda a ampliar a vis\u00e3o sobre o futuro do setor\u201d,<\/strong> conclui Gustavo Almeida. \u201cEssas trocas fortalecem o mercado e estimulam inova\u00e7\u00e3o e qualidade.\u201d<\/p>\n\n\n\n<p><\/p>\n\n\n\n<p><\/p>","protected":false},"excerpt":{"rendered":"<p>Equipe conheceu o novo centro log\u00edstico da marca e discutiu tend\u00eancias  <\/p>","protected":false},"author":40,"featured_media":132161,"comment_status":"closed","ping_status":"closed","sticky":false,"template":"","format":"standard","meta":{"_acf_changed":false,"footnotes":""},"categories":[430,1,70],"tags":[],"post_folder":[],"class_list":["post-132157","post","type-post","status-publish","format-standard","has-post-thumbnail","hentry","category-destaques","category-gestao-e-negocios","category-noticias"],"acf":[],"yoast_head":"<!-- This site is optimized with the Yoast SEO plugin v27.4 - https:\/\/yoast.com\/product\/yoast-seo-wordpress\/ -->\n<title>Fitness Brasil visita sede da Matrix em Jarinu (SP) e fortalece di\u00e1logo com a ind\u00fastria de equipamentos - Fitness Brasil<\/title>\n<meta name=\"description\" content=\"Equipe da Fitness Brasil conheceu o novo centro log\u00edstico da Matrix e discutiu tend\u00eancias tecnol\u00f3gicas que devem impactar o mercado fitness\" \/>\n<meta name=\"robots\" content=\"index, follow, max-snippet:-1, max-image-preview:large, max-video-preview:-1\" \/>\n<link rel=\"canonical\" href=\"https:\/\/www.fitnessbrasil.com.br\/es\/newsfitbr\/fitness-brasil-visita-sede-da-matrix-em-jarinu\/\" \/>\n<meta property=\"og:locale\" content=\"es_ES\" \/>\n<meta property=\"og:type\" content=\"article\" \/>\n<meta property=\"og:title\" content=\"Fitness Brasil visita sede da Matrix em Jarinu (SP) e fortalece di\u00e1logo com a ind\u00fastria de equipamentos - Fitness Brasil\" \/>\n<meta property=\"og:description\" content=\"Equipe da Fitness Brasil conheceu o novo centro log\u00edstico da Matrix e discutiu tend\u00eancias tecnol\u00f3gicas que devem impactar o mercado fitness\" \/>\n<meta property=\"og:url\" content=\"https:\/\/www.fitnessbrasil.com.br\/es\/newsfitbr\/fitness-brasil-visita-sede-da-matrix-em-jarinu\/\" \/>\n<meta property=\"og:site_name\" content=\"Fitness Brasil\" \/>\n<meta property=\"article:published_time\" content=\"2026-03-05T20:31:04+00:00\" \/>\n<meta property=\"article:modified_time\" content=\"2026-03-05T22:53:20+00:00\" \/>\n<meta property=\"og:image\" content=\"https:\/\/www.fitnessbrasil.com.br\/wp-content\/uploads\/2026\/03\/MATRIX2a.jpeg\" \/>\n\t<meta property=\"og:image:width\" content=\"1200\" \/>\n\t<meta property=\"og:image:height\" content=\"900\" \/>\n\t<meta property=\"og:image:type\" content=\"image\/jpeg\" \/>\n<meta name=\"author\" content=\"Yara Achoa\" \/>\n<meta name=\"twitter:card\" content=\"summary_large_image\" \/>\n<meta name=\"twitter:label1\" content=\"Escrito por\" \/>\n\t<meta name=\"twitter:data1\" content=\"Yara Achoa\" \/>\n\t<meta name=\"twitter:label2\" content=\"Tiempo de lectura\" \/>\n\t<meta name=\"twitter:data2\" content=\"6 minutos\" \/>\n<script type=\"application\/ld+json\" class=\"yoast-schema-graph\">{\"@context\":\"https:\\\/\\\/schema.org\",\"@graph\":[{\"@type\":\"Article\",\"@id\":\"https:\\\/\\\/www.fitnessbrasil.com.br\\\/newsfitbr\\\/fitness-brasil-visita-sede-da-matrix-em-jarinu\\\/#article\",\"isPartOf\":{\"@id\":\"https:\\\/\\\/www.fitnessbrasil.com.br\\\/newsfitbr\\\/fitness-brasil-visita-sede-da-matrix-em-jarinu\\\/\"},\"author\":{\"name\":\"Yara Achoa\",\"@id\":\"https:\\\/\\\/www.fitnessbrasil.com.br\\\/#\\\/schema\\\/person\\\/44332d981b99ed3bec8d1f53079a3ad4\"},\"headline\":\"Fitness Brasil visita sede da Matrix em Jarinu (SP) e fortalece di\u00e1logo com a ind\u00fastria de equipamentos\",\"datePublished\":\"2026-03-05T20:31:04+00:00\",\"dateModified\":\"2026-03-05T22:53:20+00:00\",\"mainEntityOfPage\":{\"@id\":\"https:\\\/\\\/www.fitnessbrasil.com.br\\\/newsfitbr\\\/fitness-brasil-visita-sede-da-matrix-em-jarinu\\\/\"},\"wordCount\":784,\"publisher\":{\"@id\":\"https:\\\/\\\/www.fitnessbrasil.com.br\\\/#organization\"},\"image\":{\"@id\":\"https:\\\/\\\/www.fitnessbrasil.com.br\\\/newsfitbr\\\/fitness-brasil-visita-sede-da-matrix-em-jarinu\\\/#primaryimage\"},\"thumbnailUrl\":\"https:\\\/\\\/www.fitnessbrasil.com.br\\\/wp-content\\\/uploads\\\/2026\\\/03\\\/MATRIX2a.jpeg\",\"articleSection\":[\"Destaques\",\"Gest\u00e3o e neg\u00f3cios\",\"Not\u00edcias\"],\"inLanguage\":\"es\"},{\"@type\":\"WebPage\",\"@id\":\"https:\\\/\\\/www.fitnessbrasil.com.br\\\/newsfitbr\\\/fitness-brasil-visita-sede-da-matrix-em-jarinu\\\/\",\"url\":\"https:\\\/\\\/www.fitnessbrasil.com.br\\\/newsfitbr\\\/fitness-brasil-visita-sede-da-matrix-em-jarinu\\\/\",\"name\":\"Fitness Brasil visita sede da Matrix em Jarinu (SP) e fortalece di\u00e1logo com a ind\u00fastria de equipamentos - Fitness Brasil\",\"isPartOf\":{\"@id\":\"https:\\\/\\\/www.fitnessbrasil.com.br\\\/#website\"},\"primaryImageOfPage\":{\"@id\":\"https:\\\/\\\/www.fitnessbrasil.com.br\\\/newsfitbr\\\/fitness-brasil-visita-sede-da-matrix-em-jarinu\\\/#primaryimage\"},\"image\":{\"@id\":\"https:\\\/\\\/www.fitnessbrasil.com.br\\\/newsfitbr\\\/fitness-brasil-visita-sede-da-matrix-em-jarinu\\\/#primaryimage\"},\"thumbnailUrl\":\"https:\\\/\\\/www.fitnessbrasil.com.br\\\/wp-content\\\/uploads\\\/2026\\\/03\\\/MATRIX2a.jpeg\",\"datePublished\":\"2026-03-05T20:31:04+00:00\",\"dateModified\":\"2026-03-05T22:53:20+00:00\",\"description\":\"Equipe da Fitness Brasil conheceu o novo centro log\u00edstico da Matrix e discutiu tend\u00eancias tecnol\u00f3gicas que devem impactar o mercado fitness\",\"breadcrumb\":{\"@id\":\"https:\\\/\\\/www.fitnessbrasil.com.br\\\/newsfitbr\\\/fitness-brasil-visita-sede-da-matrix-em-jarinu\\\/#breadcrumb\"},\"inLanguage\":\"es\",\"potentialAction\":[{\"@type\":\"ReadAction\",\"target\":[\"https:\\\/\\\/www.fitnessbrasil.com.br\\\/newsfitbr\\\/fitness-brasil-visita-sede-da-matrix-em-jarinu\\\/\"]}]},{\"@type\":\"ImageObject\",\"inLanguage\":\"es\",\"@id\":\"https:\\\/\\\/www.fitnessbrasil.com.br\\\/newsfitbr\\\/fitness-brasil-visita-sede-da-matrix-em-jarinu\\\/#primaryimage\",\"url\":\"https:\\\/\\\/www.fitnessbrasil.com.br\\\/wp-content\\\/uploads\\\/2026\\\/03\\\/MATRIX2a.jpeg\",\"contentUrl\":\"https:\\\/\\\/www.fitnessbrasil.com.br\\\/wp-content\\\/uploads\\\/2026\\\/03\\\/MATRIX2a.jpeg\",\"width\":1200,\"height\":900},{\"@type\":\"BreadcrumbList\",\"@id\":\"https:\\\/\\\/www.fitnessbrasil.com.br\\\/newsfitbr\\\/fitness-brasil-visita-sede-da-matrix-em-jarinu\\\/#breadcrumb\",\"itemListElement\":[{\"@type\":\"ListItem\",\"position\":1,\"name\":\"In\u00edcio\",\"item\":\"https:\\\/\\\/www.fitnessbrasil.com.br\\\/\"},{\"@type\":\"ListItem\",\"position\":2,\"name\":\"Fitness Brasil visita sede da Matrix em Jarinu (SP) e fortalece di\u00e1logo com a ind\u00fastria de equipamentos\"}]},{\"@type\":\"WebSite\",\"@id\":\"https:\\\/\\\/www.fitnessbrasil.com.br\\\/#website\",\"url\":\"https:\\\/\\\/www.fitnessbrasil.com.br\\\/\",\"name\":\"Fitness Brasil\",\"description\":\"\",\"publisher\":{\"@id\":\"https:\\\/\\\/www.fitnessbrasil.com.br\\\/#organization\"},\"potentialAction\":[{\"@type\":\"SearchAction\",\"target\":{\"@type\":\"EntryPoint\",\"urlTemplate\":\"https:\\\/\\\/www.fitnessbrasil.com.br\\\/?s={search_term_string}\"},\"query-input\":{\"@type\":\"PropertyValueSpecification\",\"valueRequired\":true,\"valueName\":\"search_term_string\"}}],\"inLanguage\":\"es\"},{\"@type\":\"Organization\",\"@id\":\"https:\\\/\\\/www.fitnessbrasil.com.br\\\/#organization\",\"name\":\"Fitness Brasil\",\"url\":\"https:\\\/\\\/www.fitnessbrasil.com.br\\\/\",\"logo\":{\"@type\":\"ImageObject\",\"inLanguage\":\"es\",\"@id\":\"https:\\\/\\\/www.fitnessbrasil.com.br\\\/#\\\/schema\\\/logo\\\/image\\\/\",\"url\":\"https:\\\/\\\/www.fitnessbrasil.com.br\\\/wp-content\\\/uploads\\\/2022\\\/01\\\/Logo-Fitness-Brasil_preto-e-cor.png\",\"contentUrl\":\"https:\\\/\\\/www.fitnessbrasil.com.br\\\/wp-content\\\/uploads\\\/2022\\\/01\\\/Logo-Fitness-Brasil_preto-e-cor.png\",\"width\":593,\"height\":316,\"caption\":\"Fitness Brasil\"},\"image\":{\"@id\":\"https:\\\/\\\/www.fitnessbrasil.com.br\\\/#\\\/schema\\\/logo\\\/image\\\/\"}},{\"@type\":\"Person\",\"@id\":\"https:\\\/\\\/www.fitnessbrasil.com.br\\\/#\\\/schema\\\/person\\\/44332d981b99ed3bec8d1f53079a3ad4\",\"name\":\"Yara Achoa\",\"image\":{\"@type\":\"ImageObject\",\"inLanguage\":\"es\",\"@id\":\"https:\\\/\\\/secure.gravatar.com\\\/avatar\\\/703d1497efa1686cdeb68ba91129ecb39a6e38dabd429d4b66e0f888e491d424?s=96&r=g&d=https:\\\/\\\/www.fitnessbrasil.com.br\\\/wp-content\\\/plugins\\\/userswp\\\/assets\\\/images\\\/no_profile.png\",\"url\":\"https:\\\/\\\/secure.gravatar.com\\\/avatar\\\/703d1497efa1686cdeb68ba91129ecb39a6e38dabd429d4b66e0f888e491d424?s=96&r=g&d=https:\\\/\\\/www.fitnessbrasil.com.br\\\/wp-content\\\/plugins\\\/userswp\\\/assets\\\/images\\\/no_profile.png\",\"contentUrl\":\"https:\\\/\\\/secure.gravatar.com\\\/avatar\\\/703d1497efa1686cdeb68ba91129ecb39a6e38dabd429d4b66e0f888e491d424?s=96&r=g&d=https:\\\/\\\/www.fitnessbrasil.com.br\\\/wp-content\\\/plugins\\\/userswp\\\/assets\\\/images\\\/no_profile.png\",\"caption\":\"Yara Achoa\"},\"sameAs\":[\"http:\\\/\\\/yara@fitnessbrasil.com.br\"],\"url\":\"https:\\\/\\\/www.fitnessbrasil.com.br\\\/es\\\/profile\\\/yara\\\/\"}]}<\/script>\n<!-- \/ Yoast SEO plugin. -->","yoast_head_json":{"title":"Fitness Brasil visita sede da Matrix em Jarinu (SP) e fortalece di\u00e1logo com a ind\u00fastria de equipamentos - Fitness Brasil","description":"Equipe da Fitness Brasil conheceu o novo centro log\u00edstico da Matrix e discutiu tend\u00eancias tecnol\u00f3gicas que devem impactar o mercado fitness","robots":{"index":"index","follow":"follow","max-snippet":"max-snippet:-1","max-image-preview":"max-image-preview:large","max-video-preview":"max-video-preview:-1"},"canonical":"https:\/\/www.fitnessbrasil.com.br\/es\/newsfitbr\/fitness-brasil-visita-sede-da-matrix-em-jarinu\/","og_locale":"es_ES","og_type":"article","og_title":"Fitness Brasil visita sede da Matrix em Jarinu (SP) e fortalece di\u00e1logo com a ind\u00fastria de equipamentos - Fitness Brasil","og_description":"Equipe da Fitness Brasil conheceu o novo centro log\u00edstico da Matrix e discutiu tend\u00eancias tecnol\u00f3gicas que devem impactar o mercado fitness","og_url":"https:\/\/www.fitnessbrasil.com.br\/es\/newsfitbr\/fitness-brasil-visita-sede-da-matrix-em-jarinu\/","og_site_name":"Fitness Brasil","article_published_time":"2026-03-05T20:31:04+00:00","article_modified_time":"2026-03-05T22:53:20+00:00","og_image":[{"width":1200,"height":900,"url":"https:\/\/www.fitnessbrasil.com.br\/wp-content\/uploads\/2026\/03\/MATRIX2a.jpeg","type":"image\/jpeg"}],"author":"Yara Achoa","twitter_card":"summary_large_image","twitter_misc":{"Escrito por":"Yara Achoa","Tiempo de lectura":"6 minutos"},"schema":{"@context":"https:\/\/schema.org","@graph":[{"@type":"Article","@id":"https:\/\/www.fitnessbrasil.com.br\/newsfitbr\/fitness-brasil-visita-sede-da-matrix-em-jarinu\/#article","isPartOf":{"@id":"https:\/\/www.fitnessbrasil.com.br\/newsfitbr\/fitness-brasil-visita-sede-da-matrix-em-jarinu\/"},"author":{"name":"Yara Achoa","@id":"https:\/\/www.fitnessbrasil.com.br\/#\/schema\/person\/44332d981b99ed3bec8d1f53079a3ad4"},"headline":"Fitness Brasil visita sede da Matrix em Jarinu (SP) e fortalece di\u00e1logo com a ind\u00fastria de equipamentos","datePublished":"2026-03-05T20:31:04+00:00","dateModified":"2026-03-05T22:53:20+00:00","mainEntityOfPage":{"@id":"https:\/\/www.fitnessbrasil.com.br\/newsfitbr\/fitness-brasil-visita-sede-da-matrix-em-jarinu\/"},"wordCount":784,"publisher":{"@id":"https:\/\/www.fitnessbrasil.com.br\/#organization"},"image":{"@id":"https:\/\/www.fitnessbrasil.com.br\/newsfitbr\/fitness-brasil-visita-sede-da-matrix-em-jarinu\/#primaryimage"},"thumbnailUrl":"https:\/\/www.fitnessbrasil.com.br\/wp-content\/uploads\/2026\/03\/MATRIX2a.jpeg","articleSection":["Destaques","Gest\u00e3o e neg\u00f3cios","Not\u00edcias"],"inLanguage":"es"},{"@type":"WebPage","@id":"https:\/\/www.fitnessbrasil.com.br\/newsfitbr\/fitness-brasil-visita-sede-da-matrix-em-jarinu\/","url":"https:\/\/www.fitnessbrasil.com.br\/newsfitbr\/fitness-brasil-visita-sede-da-matrix-em-jarinu\/","name":"Fitness Brasil visita sede da Matrix em Jarinu (SP) e fortalece di\u00e1logo com a ind\u00fastria de equipamentos - Fitness Brasil","isPartOf":{"@id":"https:\/\/www.fitnessbrasil.com.br\/#website"},"primaryImageOfPage":{"@id":"https:\/\/www.fitnessbrasil.com.br\/newsfitbr\/fitness-brasil-visita-sede-da-matrix-em-jarinu\/#primaryimage"},"image":{"@id":"https:\/\/www.fitnessbrasil.com.br\/newsfitbr\/fitness-brasil-visita-sede-da-matrix-em-jarinu\/#primaryimage"},"thumbnailUrl":"https:\/\/www.fitnessbrasil.com.br\/wp-content\/uploads\/2026\/03\/MATRIX2a.jpeg","datePublished":"2026-03-05T20:31:04+00:00","dateModified":"2026-03-05T22:53:20+00:00","description":"Equipe da Fitness Brasil conheceu o novo centro log\u00edstico da Matrix e discutiu tend\u00eancias tecnol\u00f3gicas que devem impactar o mercado fitness","breadcrumb":{"@id":"https:\/\/www.fitnessbrasil.com.br\/newsfitbr\/fitness-brasil-visita-sede-da-matrix-em-jarinu\/#breadcrumb"},"inLanguage":"es","potentialAction":[{"@type":"ReadAction","target":["https:\/\/www.fitnessbrasil.com.br\/newsfitbr\/fitness-brasil-visita-sede-da-matrix-em-jarinu\/"]}]},{"@type":"ImageObject","inLanguage":"es","@id":"https:\/\/www.fitnessbrasil.com.br\/newsfitbr\/fitness-brasil-visita-sede-da-matrix-em-jarinu\/#primaryimage","url":"https:\/\/www.fitnessbrasil.com.br\/wp-content\/uploads\/2026\/03\/MATRIX2a.jpeg","contentUrl":"https:\/\/www.fitnessbrasil.com.br\/wp-content\/uploads\/2026\/03\/MATRIX2a.jpeg","width":1200,"height":900},{"@type":"BreadcrumbList","@id":"https:\/\/www.fitnessbrasil.com.br\/newsfitbr\/fitness-brasil-visita-sede-da-matrix-em-jarinu\/#breadcrumb","itemListElement":[{"@type":"ListItem","position":1,"name":"In\u00edcio","item":"https:\/\/www.fitnessbrasil.com.br\/"},{"@type":"ListItem","position":2,"name":"Fitness Brasil visita sede da Matrix em Jarinu (SP) e fortalece di\u00e1logo com a ind\u00fastria de equipamentos"}]},{"@type":"WebSite","@id":"https:\/\/www.fitnessbrasil.com.br\/#website","url":"https:\/\/www.fitnessbrasil.com.br\/","name":"Fitness Brasil","description":"","publisher":{"@id":"https:\/\/www.fitnessbrasil.com.br\/#organization"},"potentialAction":[{"@type":"SearchAction","target":{"@type":"EntryPoint","urlTemplate":"https:\/\/www.fitnessbrasil.com.br\/?s={search_term_string}"},"query-input":{"@type":"PropertyValueSpecification","valueRequired":true,"valueName":"search_term_string"}}],"inLanguage":"es"},{"@type":"Organization","@id":"https:\/\/www.fitnessbrasil.com.br\/#organization","name":"Fitness Brasil","url":"https:\/\/www.fitnessbrasil.com.br\/","logo":{"@type":"ImageObject","inLanguage":"es","@id":"https:\/\/www.fitnessbrasil.com.br\/#\/schema\/logo\/image\/","url":"https:\/\/www.fitnessbrasil.com.br\/wp-content\/uploads\/2022\/01\/Logo-Fitness-Brasil_preto-e-cor.png","contentUrl":"https:\/\/www.fitnessbrasil.com.br\/wp-content\/uploads\/2022\/01\/Logo-Fitness-Brasil_preto-e-cor.png","width":593,"height":316,"caption":"Fitness Brasil"},"image":{"@id":"https:\/\/www.fitnessbrasil.com.br\/#\/schema\/logo\/image\/"}},{"@type":"Person","@id":"https:\/\/www.fitnessbrasil.com.br\/#\/schema\/person\/44332d981b99ed3bec8d1f53079a3ad4","name":"Yara Achoa","image":{"@type":"ImageObject","inLanguage":"es","@id":"https:\/\/secure.gravatar.com\/avatar\/703d1497efa1686cdeb68ba91129ecb39a6e38dabd429d4b66e0f888e491d424?s=96&r=g&d=https:\/\/www.fitnessbrasil.com.br\/wp-content\/plugins\/userswp\/assets\/images\/no_profile.png","url":"https:\/\/secure.gravatar.com\/avatar\/703d1497efa1686cdeb68ba91129ecb39a6e38dabd429d4b66e0f888e491d424?s=96&r=g&d=https:\/\/www.fitnessbrasil.com.br\/wp-content\/plugins\/userswp\/assets\/images\/no_profile.png","contentUrl":"https:\/\/secure.gravatar.com\/avatar\/703d1497efa1686cdeb68ba91129ecb39a6e38dabd429d4b66e0f888e491d424?s=96&r=g&d=https:\/\/www.fitnessbrasil.com.br\/wp-content\/plugins\/userswp\/assets\/images\/no_profile.png","caption":"Yara Achoa"},"sameAs":["http:\/\/yara@fitnessbrasil.com.br"],"url":"https:\/\/www.fitnessbrasil.com.br\/es\/profile\/yara\/"}]}},"_links":{"self":[{"href":"https:\/\/www.fitnessbrasil.com.br\/es\/wp-json\/wp\/v2\/posts\/132157","targetHints":{"allow":["GET"]}}],"collection":[{"href":"https:\/\/www.fitnessbrasil.com.br\/es\/wp-json\/wp\/v2\/posts"}],"about":[{"href":"https:\/\/www.fitnessbrasil.com.br\/es\/wp-json\/wp\/v2\/types\/post"}],"author":[{"embeddable":true,"href":"https:\/\/www.fitnessbrasil.com.br\/es\/wp-json\/wp\/v2\/users\/40"}],"replies":[{"embeddable":true,"href":"https:\/\/www.fitnessbrasil.com.br\/es\/wp-json\/wp\/v2\/comments?post=132157"}],"version-history":[{"count":7,"href":"https:\/\/www.fitnessbrasil.com.br\/es\/wp-json\/wp\/v2\/posts\/132157\/revisions"}],"predecessor-version":[{"id":132180,"href":"https:\/\/www.fitnessbrasil.com.br\/es\/wp-json\/wp\/v2\/posts\/132157\/revisions\/132180"}],"wp:featuredmedia":[{"embeddable":true,"href":"https:\/\/www.fitnessbrasil.com.br\/es\/wp-json\/wp\/v2\/media\/132161"}],"wp:attachment":[{"href":"https:\/\/www.fitnessbrasil.com.br\/es\/wp-json\/wp\/v2\/media?parent=132157"}],"wp:term":[{"taxonomy":"category","embeddable":true,"href":"https:\/\/www.fitnessbrasil.com.br\/es\/wp-json\/wp\/v2\/categories?post=132157"},{"taxonomy":"post_tag","embeddable":true,"href":"https:\/\/www.fitnessbrasil.com.br\/es\/wp-json\/wp\/v2\/tags?post=132157"},{"taxonomy":"post_folder","embeddable":true,"href":"https:\/\/www.fitnessbrasil.com.br\/es\/wp-json\/wp\/v2\/post_folder?post=132157"}],"curies":[{"name":"wp","href":"https:\/\/api.w.org\/{rel}","templated":true}]}}