{"id":132196,"date":"2026-03-06T16:58:39","date_gmt":"2026-03-06T19:58:39","guid":{"rendered":"https:\/\/www.fitnessbrasil.com.br\/?p=132196"},"modified":"2026-03-06T17:12:28","modified_gmt":"2026-03-06T20:12:28","slug":"konnen-fitness-anuncia-juju-salimeni-como-embaixadora-e-reforca-estrategia-premium","status":"publish","type":"post","link":"https:\/\/www.fitnessbrasil.com.br\/es\/newsfitbr\/konnen-fitness-anuncia-juju-salimeni-como-embaixadora-e-reforca-estrategia-premium\/","title":{"rendered":"Konnen Fitness anuncia influenciadora Juju Salimeni como embaixadora e refor\u00e7a estrat\u00e9gia premium"},"content":{"rendered":"<p>Parceria integra plano de expans\u00e3o no mercado de equipamentos para academias<\/p>\n\n\n\n<p>Yara Ach\u00f4a, Fitness Brasil<br>6\/3\/2026<\/p>\n\n\n\n<p><strong>A influenciadora e empres\u00e1ria Juju Salimeni acaba de ser anunciada oficialmente como a nova embaixadora da Konnen Fitness. <\/strong>A parceria estrat\u00e9gica faz parte do plano de branding e expans\u00e3o nacional da companhia para 2026. O foco \u00e9 fortalecer a presen\u00e7a no segmento premium de academias e a amplia\u00e7\u00e3o de share no mercado brasileiro.<\/p>\n\n\n\n<figure class=\"wp-block-image aligncenter size-full is-resized\"><a href=\"https:\/\/www.fitnessbrasil.com.br\/wp-content\/uploads\/2026\/03\/Juju-Salimeni-Konnen-4.jpg\"><img decoding=\"async\" width=\"640\" height=\"427\" data-src=\"https:\/\/www.fitnessbrasil.com.br\/wp-content\/uploads\/2026\/03\/Juju-Salimeni-Konnen-4.jpg\" alt=\"\" class=\"wp-image-132197 lazyload\" style=\"--smush-placeholder-width: 640px; --smush-placeholder-aspect-ratio: 640\/427;width:840px;height:auto\" data-srcset=\"https:\/\/www.fitnessbrasil.com.br\/wp-content\/uploads\/2026\/03\/Juju-Salimeni-Konnen-4.jpg 640w, https:\/\/www.fitnessbrasil.com.br\/wp-content\/uploads\/2026\/03\/Juju-Salimeni-Konnen-4-600x400.jpg 600w, https:\/\/www.fitnessbrasil.com.br\/wp-content\/uploads\/2026\/03\/Juju-Salimeni-Konnen-4-18x12.jpg 18w, https:\/\/www.fitnessbrasil.com.br\/wp-content\/uploads\/2026\/03\/Juju-Salimeni-Konnen-4-510x340.jpg 510w\" data-sizes=\"(max-width: 640px) 100vw, 640px\" src=\"data:image\/svg+xml;base64,PHN2ZyB3aWR0aD0iMSIgaGVpZ2h0PSIxIiB4bWxucz0iaHR0cDovL3d3dy53My5vcmcvMjAwMC9zdmciPjwvc3ZnPg==\" \/><\/a><figcaption class=\"wp-element-caption\">Juju Salimeni, embaixadora da Konnen Fitness<\/figcaption><\/figure>\n\n\n\n<p>A escolha tem conex\u00e3o com a trajet\u00f3ria de Juju no setor. Ela ganhou proje\u00e7\u00e3o nacional no programa <em>P\u00e2nico na TV<\/em> e, ao longo dos anos, ampliou sua atua\u00e7\u00e3o no universo fitness, transitando entre m\u00eddia, produ\u00e7\u00e3o de conte\u00fado e empreendedorismo.<\/p>\n\n\n\n<h4 class=\"wp-block-heading\"><a href=\"https:\/\/www.fitnessbrasil.com.br\/es\/fitness-brasil-expo-2026\/\"><strong>+ Fitness Brasil Expo: o maior evento de fitness, sa\u00fade e bem-estar da Am\u00e9rica Latina<\/strong><\/a><\/h4>\n\n\n\n<h4 class=\"wp-block-heading\"><a href=\"https:\/\/www.instagram.com\/fitnessbrasil_oficial\/\"><strong>+ Siga a Fitness Brasil no Instagram<\/strong><\/a><\/h4>\n\n\n\n<h4 class=\"wp-block-heading\"><a href=\"https:\/\/www.whatsapp.com\/channel\/0029VarCqD5InlqU52KNAv3J\"><strong>+ Fa\u00e7a parte do nosso Canal no WhatsApp<\/strong><\/a><\/h4>\n\n\n\n<p><strong>Nos \u00faltimos anos, passou tamb\u00e9m a atuar diretamente no mercado de academias.<\/strong> Inclusive \u00e9 <strong>s\u00f3cia de uma unidade da Ironberg<\/strong> em Alphaville, al\u00e9m de produzir conte\u00fados digitais voltados a treinamento, performance e estilo de vida.<\/p>\n\n\n\n<p><span style=\"color: #00000000;\" class=\"stk-highlight\">espa\u00e7o<\/span><\/p>\n\n\n\n<div class=\"wp-block-stackable-carousel aligncenter stk-block-carousel stk--is-slide stk--arrows-justify-space-between stk--arrows-align-center stk-block stk-acf5664\" data-slides-to-show=\"\" data-block-id=\"acf5664\"><div class=\"stk-block-carousel__content-wrapper\"><div class=\"stk-row stk-inner-blocks has-text-align-center stk-block-content stk-block-carousel__slider-wrapper stk-content-align stk-acf5664-column\"><div class=\"stk-block-carousel__slider\" role=\"list\" data-autoplay=\"4000\" data-label-slide-of=\"Slide %%d of %%d\" tabindex=\"0\">\n<div class=\"wp-block-stackable-column stk-block-column stk-column stk-block stk-910c544\" data-v=\"4\" data-block-id=\"910c544\"><div class=\"stk-column-wrapper stk-block-column__content stk-container stk-910c544-container stk--no-background stk--no-padding\"><div class=\"stk-block-content stk-inner-blocks stk-910c544-inner-blocks\">\n<figure class=\"wp-block-image size-full is-resized\"><a href=\"https:\/\/www.fitnessbrasil.com.br\/wp-content\/uploads\/2026\/03\/Juju-Salimeni-Konnen-3.jpg\"><img decoding=\"async\" width=\"640\" height=\"800\" data-src=\"https:\/\/www.fitnessbrasil.com.br\/wp-content\/uploads\/2026\/03\/Juju-Salimeni-Konnen-3.jpg\" alt=\"\" class=\"wp-image-132198 lazyload\" style=\"--smush-placeholder-width: 640px; --smush-placeholder-aspect-ratio: 640\/800;width:494px;height:auto\" data-srcset=\"https:\/\/www.fitnessbrasil.com.br\/wp-content\/uploads\/2026\/03\/Juju-Salimeni-Konnen-3.jpg 640w, https:\/\/www.fitnessbrasil.com.br\/wp-content\/uploads\/2026\/03\/Juju-Salimeni-Konnen-3-320x400.jpg 320w, https:\/\/www.fitnessbrasil.com.br\/wp-content\/uploads\/2026\/03\/Juju-Salimeni-Konnen-3-10x12.jpg 10w, https:\/\/www.fitnessbrasil.com.br\/wp-content\/uploads\/2026\/03\/Juju-Salimeni-Konnen-3-510x638.jpg 510w\" data-sizes=\"(max-width: 640px) 100vw, 640px\" src=\"data:image\/svg+xml;base64,PHN2ZyB3aWR0aD0iMSIgaGVpZ2h0PSIxIiB4bWxucz0iaHR0cDovL3d3dy53My5vcmcvMjAwMC9zdmciPjwvc3ZnPg==\" \/><\/a><\/figure>\n<\/div><\/div><\/div>\n\n\n\n<div class=\"wp-block-stackable-column stk-block-column stk-column stk-block stk-cb44c49\" data-v=\"4\" data-block-id=\"cb44c49\"><div class=\"stk-column-wrapper stk-block-column__content stk-container stk-cb44c49-container stk--no-background stk--no-padding\"><div class=\"stk-block-content stk-inner-blocks stk-cb44c49-inner-blocks\">\n<figure class=\"wp-block-image size-full\"><a href=\"https:\/\/www.fitnessbrasil.com.br\/wp-content\/uploads\/2026\/03\/Juju-Salimeni-Konnen-2.jpg\"><img decoding=\"async\" width=\"512\" height=\"640\" data-src=\"https:\/\/www.fitnessbrasil.com.br\/wp-content\/uploads\/2026\/03\/Juju-Salimeni-Konnen-2.jpg\" alt=\"\" class=\"wp-image-132199 lazyload\" data-srcset=\"https:\/\/www.fitnessbrasil.com.br\/wp-content\/uploads\/2026\/03\/Juju-Salimeni-Konnen-2.jpg 512w, https:\/\/www.fitnessbrasil.com.br\/wp-content\/uploads\/2026\/03\/Juju-Salimeni-Konnen-2-320x400.jpg 320w, https:\/\/www.fitnessbrasil.com.br\/wp-content\/uploads\/2026\/03\/Juju-Salimeni-Konnen-2-10x12.jpg 10w, https:\/\/www.fitnessbrasil.com.br\/wp-content\/uploads\/2026\/03\/Juju-Salimeni-Konnen-2-510x638.jpg 510w\" data-sizes=\"(max-width: 512px) 100vw, 512px\" src=\"data:image\/svg+xml;base64,PHN2ZyB3aWR0aD0iMSIgaGVpZ2h0PSIxIiB4bWxucz0iaHR0cDovL3d3dy53My5vcmcvMjAwMC9zdmciPjwvc3ZnPg==\" style=\"--smush-placeholder-width: 512px; --smush-placeholder-aspect-ratio: 512\/640;\" \/><\/a><\/figure>\n<\/div><\/div><\/div>\n\n\n\n<div class=\"wp-block-stackable-column stk-block-column stk-column stk-block stk-181f87c\" data-v=\"4\" data-block-id=\"181f87c\"><div class=\"stk-column-wrapper stk-block-column__content stk-container stk-181f87c-container stk--no-background stk--no-padding\"><div class=\"stk-block-content stk-inner-blocks stk-181f87c-inner-blocks\">\n<figure class=\"wp-block-image aligncenter size-full\"><a href=\"https:\/\/www.fitnessbrasil.com.br\/wp-content\/uploads\/2026\/03\/Juju-Salimeni-Konnen-1.jpg\"><img decoding=\"async\" width=\"512\" height=\"640\" data-src=\"https:\/\/www.fitnessbrasil.com.br\/wp-content\/uploads\/2026\/03\/Juju-Salimeni-Konnen-1.jpg\" alt=\"\" class=\"wp-image-132200 lazyload\" data-srcset=\"https:\/\/www.fitnessbrasil.com.br\/wp-content\/uploads\/2026\/03\/Juju-Salimeni-Konnen-1.jpg 512w, https:\/\/www.fitnessbrasil.com.br\/wp-content\/uploads\/2026\/03\/Juju-Salimeni-Konnen-1-320x400.jpg 320w, https:\/\/www.fitnessbrasil.com.br\/wp-content\/uploads\/2026\/03\/Juju-Salimeni-Konnen-1-10x12.jpg 10w, https:\/\/www.fitnessbrasil.com.br\/wp-content\/uploads\/2026\/03\/Juju-Salimeni-Konnen-1-510x638.jpg 510w\" data-sizes=\"(max-width: 512px) 100vw, 512px\" src=\"data:image\/svg+xml;base64,PHN2ZyB3aWR0aD0iMSIgaGVpZ2h0PSIxIiB4bWxucz0iaHR0cDovL3d3dy53My5vcmcvMjAwMC9zdmciPjwvc3ZnPg==\" style=\"--smush-placeholder-width: 512px; --smush-placeholder-aspect-ratio: 512\/640;\" \/><\/a><\/figure>\n<\/div><\/div><\/div>\n<\/div><div class=\"stk-block-carousel__buttons\"><button class=\"stk-block-carousel__button stk-block-carousel__button__prev\" aria-label=\"Previous slide\"><svg aria-hidden=\"true\" focusable=\"false\" data-prefix=\"fas\" data-icon=\"chevron-left\" class=\"svg-inline--fa fa-chevron-left\" xmlns=\"http:\/\/www.w3.org\/2000\/svg\" viewbox=\"0 0 320 512\" width=\"32\" height=\"32\"><path d=\"M34.52 239.03L228.87 44.69c9.37-9.37 24.57-9.37 33.94 0l22.67 22.67c9.36 9.36 9.37 24.52.04 33.9L131.49 256l154.02 154.75c9.34 9.38 9.32 24.54-.04 33.9l-22.67 22.67c-9.37 9.37-24.57 9.37-33.94 0L34.52 272.97c-9.37-9.37-9.37-24.57 0-33.94z\"><\/path><\/svg><\/button><button class=\"stk-block-carousel__button stk-block-carousel__button__next\" aria-label=\"Next slide\"><svg aria-hidden=\"true\" focusable=\"false\" data-prefix=\"fas\" data-icon=\"chevron-right\" class=\"svg-inline--fa fa-chevron-right\" xmlns=\"http:\/\/www.w3.org\/2000\/svg\" viewbox=\"0 0 320 512\" width=\"32\" height=\"32\"><path d=\"M285.476 272.971L91.132 467.314c-9.373 9.373-24.569 9.373-33.941 0l-22.667-22.667c-9.357-9.357-9.375-24.522-.04-33.901L188.505 256 34.484 101.255c-9.335-9.379-9.317-24.544.04-33.901l22.667-22.667c9.373-9.373 24.569-9.373 33.941 0L285.475 239.03c9.373 9.372 9.373 24.568.001 33.941z\"><\/path><\/svg><\/button><\/div><\/div><div class=\"stk-block-carousel__dots\" role=\"list\" data-label=\"Slide %%d\"><\/div><\/div><\/div>\n\n\n\n<p><strong>Estrat\u00e9gia de marca<\/strong><\/p>\n\n\n\n<p><strong>A parceria prev\u00ea participa\u00e7\u00e3o da embaixadora em campanhas institucionais, lan\u00e7amentos de produtos, conte\u00fados t\u00e9cnicos <\/strong>demonstrando o uso dos equipamentos e presen\u00e7a em feiras e eventos do setor.<\/p>\n\n\n\n<p>Segundo Julio Miglioli, CMO da Konnen Fitness, a iniciativa busca refor\u00e7ar a autoridade da empresa no mercado. \u201c<strong>Nosso objetivo n\u00e3o \u00e9 apenas associar imagem, mas refor\u00e7ar autoridade.<\/strong> A Juju representa disciplina, \u00e9tica e resultado, valores que est\u00e3o no DNA da Konnen\u201d, afirma.<\/p>\n\n\n\n<p><strong>Mercado mais exigente<\/strong><\/p>\n\n\n\n<p><strong>O movimento ocorre em um momento de expans\u00e3o e maior profissionaliza\u00e7\u00e3o do mercado fitness brasileiro. <\/strong>O pa\u00eds conta hoje com mais de 62 mil CNPJs enquadrados na atividade de condicionamento f\u00edsico e figura entre os maiores mercados de academias do mundo.<\/p>\n\n\n\n<p><strong><a href=\"https:\/\/www.fitnessbrasil.com.br\/es\/panorama-setorial-2025-4a-edicao\/\">+ Baixe gratuitamente o Panorama Setorial Fitness Brasil<\/a><\/strong><\/p>\n\n\n\n<p>Com o crescimento, <strong>aumenta tamb\u00e9m o n\u00edvel de exig\u00eancia dos gestores em rela\u00e7\u00e3o \u00e0 estrutura e \u00e0 qualidade dos equipamentos<\/strong>. Durabilidade, biomec\u00e2nica e design passaram a ter peso relevante na experi\u00eancia do aluno e no posicionamento competitivo das academias.<\/p>\n\n\n\n<p><strong>Em um ambiente cada vez mais disputado, o parque de equipamentos torna-se parte importante da estrat\u00e9gia de reten\u00e7\u00e3o<\/strong> de alunos, diferencia\u00e7\u00e3o de marca e percep\u00e7\u00e3o de valor do servi\u00e7o.<\/p>","protected":false},"excerpt":{"rendered":"<p>Parceria integra plano de expans\u00e3o no mercado de equipamentos para academias<\/p>","protected":false},"author":40,"featured_media":132197,"comment_status":"closed","ping_status":"closed","sticky":false,"template":"","format":"standard","meta":{"_acf_changed":false,"footnotes":""},"categories":[430,1,70],"tags":[],"post_folder":[],"class_list":["post-132196","post","type-post","status-publish","format-standard","has-post-thumbnail","hentry","category-destaques","category-gestao-e-negocios","category-noticias"],"acf":[],"yoast_head":"<!-- This site is optimized with the Yoast SEO plugin v27.4 - https:\/\/yoast.com\/product\/yoast-seo-wordpress\/ -->\n<title>Konnen Fitness anuncia influenciadora Juju Salimeni como embaixadora e refor\u00e7a estrat\u00e9gia premium - Fitness Brasil<\/title>\n<meta name=\"description\" content=\"Parceria entre a Konnen e a influenciadora Juju Salimeni integra plano de expans\u00e3o no mercado de equipamentos para academias\" \/>\n<meta name=\"robots\" content=\"index, follow, max-snippet:-1, max-image-preview:large, max-video-preview:-1\" \/>\n<link rel=\"canonical\" href=\"https:\/\/www.fitnessbrasil.com.br\/es\/newsfitbr\/konnen-fitness-anuncia-juju-salimeni-como-embaixadora-e-reforca-estrategia-premium\/\" \/>\n<meta property=\"og:locale\" content=\"es_ES\" \/>\n<meta property=\"og:type\" content=\"article\" \/>\n<meta property=\"og:title\" content=\"Konnen Fitness anuncia influenciadora Juju Salimeni como embaixadora e refor\u00e7a estrat\u00e9gia premium - Fitness Brasil\" \/>\n<meta property=\"og:description\" content=\"Parceria entre a Konnen e a influenciadora Juju Salimeni integra plano de expans\u00e3o no mercado de equipamentos para academias\" \/>\n<meta property=\"og:url\" content=\"https:\/\/www.fitnessbrasil.com.br\/es\/newsfitbr\/konnen-fitness-anuncia-juju-salimeni-como-embaixadora-e-reforca-estrategia-premium\/\" \/>\n<meta property=\"og:site_name\" content=\"Fitness Brasil\" \/>\n<meta property=\"article:published_time\" content=\"2026-03-06T19:58:39+00:00\" \/>\n<meta property=\"article:modified_time\" content=\"2026-03-06T20:12:28+00:00\" \/>\n<meta property=\"og:image\" content=\"https:\/\/www.fitnessbrasil.com.br\/wp-content\/uploads\/2026\/03\/Juju-Salimeni-Konnen-4.jpg\" \/>\n\t<meta property=\"og:image:width\" content=\"640\" \/>\n\t<meta property=\"og:image:height\" content=\"427\" \/>\n\t<meta property=\"og:image:type\" content=\"image\/jpeg\" \/>\n<meta name=\"author\" content=\"Yara Achoa\" \/>\n<meta name=\"twitter:card\" content=\"summary_large_image\" \/>\n<meta name=\"twitter:label1\" content=\"Escrito por\" \/>\n\t<meta name=\"twitter:data1\" content=\"Yara Achoa\" \/>\n\t<meta name=\"twitter:label2\" content=\"Tiempo de lectura\" \/>\n\t<meta name=\"twitter:data2\" content=\"4 minutos\" \/>\n<script type=\"application\/ld+json\" class=\"yoast-schema-graph\">{\"@context\":\"https:\\\/\\\/schema.org\",\"@graph\":[{\"@type\":\"Article\",\"@id\":\"https:\\\/\\\/www.fitnessbrasil.com.br\\\/newsfitbr\\\/konnen-fitness-anuncia-juju-salimeni-como-embaixadora-e-reforca-estrategia-premium\\\/#article\",\"isPartOf\":{\"@id\":\"https:\\\/\\\/www.fitnessbrasil.com.br\\\/newsfitbr\\\/konnen-fitness-anuncia-juju-salimeni-como-embaixadora-e-reforca-estrategia-premium\\\/\"},\"author\":{\"name\":\"Yara Achoa\",\"@id\":\"https:\\\/\\\/www.fitnessbrasil.com.br\\\/#\\\/schema\\\/person\\\/44332d981b99ed3bec8d1f53079a3ad4\"},\"headline\":\"Konnen Fitness anuncia influenciadora Juju Salimeni como embaixadora e refor\u00e7a estrat\u00e9gia premium\",\"datePublished\":\"2026-03-06T19:58:39+00:00\",\"dateModified\":\"2026-03-06T20:12:28+00:00\",\"mainEntityOfPage\":{\"@id\":\"https:\\\/\\\/www.fitnessbrasil.com.br\\\/newsfitbr\\\/konnen-fitness-anuncia-juju-salimeni-como-embaixadora-e-reforca-estrategia-premium\\\/\"},\"wordCount\":422,\"publisher\":{\"@id\":\"https:\\\/\\\/www.fitnessbrasil.com.br\\\/#organization\"},\"image\":{\"@id\":\"https:\\\/\\\/www.fitnessbrasil.com.br\\\/newsfitbr\\\/konnen-fitness-anuncia-juju-salimeni-como-embaixadora-e-reforca-estrategia-premium\\\/#primaryimage\"},\"thumbnailUrl\":\"https:\\\/\\\/www.fitnessbrasil.com.br\\\/wp-content\\\/uploads\\\/2026\\\/03\\\/Juju-Salimeni-Konnen-4.jpg\",\"articleSection\":[\"Destaques\",\"Gest\u00e3o e neg\u00f3cios\",\"Not\u00edcias\"],\"inLanguage\":\"es\"},{\"@type\":\"WebPage\",\"@id\":\"https:\\\/\\\/www.fitnessbrasil.com.br\\\/newsfitbr\\\/konnen-fitness-anuncia-juju-salimeni-como-embaixadora-e-reforca-estrategia-premium\\\/\",\"url\":\"https:\\\/\\\/www.fitnessbrasil.com.br\\\/newsfitbr\\\/konnen-fitness-anuncia-juju-salimeni-como-embaixadora-e-reforca-estrategia-premium\\\/\",\"name\":\"Konnen Fitness anuncia influenciadora Juju Salimeni como embaixadora e refor\u00e7a estrat\u00e9gia premium - Fitness Brasil\",\"isPartOf\":{\"@id\":\"https:\\\/\\\/www.fitnessbrasil.com.br\\\/#website\"},\"primaryImageOfPage\":{\"@id\":\"https:\\\/\\\/www.fitnessbrasil.com.br\\\/newsfitbr\\\/konnen-fitness-anuncia-juju-salimeni-como-embaixadora-e-reforca-estrategia-premium\\\/#primaryimage\"},\"image\":{\"@id\":\"https:\\\/\\\/www.fitnessbrasil.com.br\\\/newsfitbr\\\/konnen-fitness-anuncia-juju-salimeni-como-embaixadora-e-reforca-estrategia-premium\\\/#primaryimage\"},\"thumbnailUrl\":\"https:\\\/\\\/www.fitnessbrasil.com.br\\\/wp-content\\\/uploads\\\/2026\\\/03\\\/Juju-Salimeni-Konnen-4.jpg\",\"datePublished\":\"2026-03-06T19:58:39+00:00\",\"dateModified\":\"2026-03-06T20:12:28+00:00\",\"description\":\"Parceria entre a Konnen e a influenciadora Juju Salimeni integra plano de expans\u00e3o no mercado de equipamentos para academias\",\"breadcrumb\":{\"@id\":\"https:\\\/\\\/www.fitnessbrasil.com.br\\\/newsfitbr\\\/konnen-fitness-anuncia-juju-salimeni-como-embaixadora-e-reforca-estrategia-premium\\\/#breadcrumb\"},\"inLanguage\":\"es\",\"potentialAction\":[{\"@type\":\"ReadAction\",\"target\":[\"https:\\\/\\\/www.fitnessbrasil.com.br\\\/newsfitbr\\\/konnen-fitness-anuncia-juju-salimeni-como-embaixadora-e-reforca-estrategia-premium\\\/\"]}]},{\"@type\":\"ImageObject\",\"inLanguage\":\"es\",\"@id\":\"https:\\\/\\\/www.fitnessbrasil.com.br\\\/newsfitbr\\\/konnen-fitness-anuncia-juju-salimeni-como-embaixadora-e-reforca-estrategia-premium\\\/#primaryimage\",\"url\":\"https:\\\/\\\/www.fitnessbrasil.com.br\\\/wp-content\\\/uploads\\\/2026\\\/03\\\/Juju-Salimeni-Konnen-4.jpg\",\"contentUrl\":\"https:\\\/\\\/www.fitnessbrasil.com.br\\\/wp-content\\\/uploads\\\/2026\\\/03\\\/Juju-Salimeni-Konnen-4.jpg\",\"width\":640,\"height\":427},{\"@type\":\"BreadcrumbList\",\"@id\":\"https:\\\/\\\/www.fitnessbrasil.com.br\\\/newsfitbr\\\/konnen-fitness-anuncia-juju-salimeni-como-embaixadora-e-reforca-estrategia-premium\\\/#breadcrumb\",\"itemListElement\":[{\"@type\":\"ListItem\",\"position\":1,\"name\":\"In\u00edcio\",\"item\":\"https:\\\/\\\/www.fitnessbrasil.com.br\\\/\"},{\"@type\":\"ListItem\",\"position\":2,\"name\":\"Konnen Fitness anuncia influenciadora Juju Salimeni como embaixadora e refor\u00e7a estrat\u00e9gia premium\"}]},{\"@type\":\"WebSite\",\"@id\":\"https:\\\/\\\/www.fitnessbrasil.com.br\\\/#website\",\"url\":\"https:\\\/\\\/www.fitnessbrasil.com.br\\\/\",\"name\":\"Fitness Brasil\",\"description\":\"\",\"publisher\":{\"@id\":\"https:\\\/\\\/www.fitnessbrasil.com.br\\\/#organization\"},\"potentialAction\":[{\"@type\":\"SearchAction\",\"target\":{\"@type\":\"EntryPoint\",\"urlTemplate\":\"https:\\\/\\\/www.fitnessbrasil.com.br\\\/?s={search_term_string}\"},\"query-input\":{\"@type\":\"PropertyValueSpecification\",\"valueRequired\":true,\"valueName\":\"search_term_string\"}}],\"inLanguage\":\"es\"},{\"@type\":\"Organization\",\"@id\":\"https:\\\/\\\/www.fitnessbrasil.com.br\\\/#organization\",\"name\":\"Fitness Brasil\",\"url\":\"https:\\\/\\\/www.fitnessbrasil.com.br\\\/\",\"logo\":{\"@type\":\"ImageObject\",\"inLanguage\":\"es\",\"@id\":\"https:\\\/\\\/www.fitnessbrasil.com.br\\\/#\\\/schema\\\/logo\\\/image\\\/\",\"url\":\"https:\\\/\\\/www.fitnessbrasil.com.br\\\/wp-content\\\/uploads\\\/2022\\\/01\\\/Logo-Fitness-Brasil_preto-e-cor.png\",\"contentUrl\":\"https:\\\/\\\/www.fitnessbrasil.com.br\\\/wp-content\\\/uploads\\\/2022\\\/01\\\/Logo-Fitness-Brasil_preto-e-cor.png\",\"width\":593,\"height\":316,\"caption\":\"Fitness Brasil\"},\"image\":{\"@id\":\"https:\\\/\\\/www.fitnessbrasil.com.br\\\/#\\\/schema\\\/logo\\\/image\\\/\"}},{\"@type\":\"Person\",\"@id\":\"https:\\\/\\\/www.fitnessbrasil.com.br\\\/#\\\/schema\\\/person\\\/44332d981b99ed3bec8d1f53079a3ad4\",\"name\":\"Yara Achoa\",\"image\":{\"@type\":\"ImageObject\",\"inLanguage\":\"es\",\"@id\":\"https:\\\/\\\/secure.gravatar.com\\\/avatar\\\/703d1497efa1686cdeb68ba91129ecb39a6e38dabd429d4b66e0f888e491d424?s=96&r=g&d=https:\\\/\\\/www.fitnessbrasil.com.br\\\/wp-content\\\/plugins\\\/userswp\\\/assets\\\/images\\\/no_profile.png\",\"url\":\"https:\\\/\\\/secure.gravatar.com\\\/avatar\\\/703d1497efa1686cdeb68ba91129ecb39a6e38dabd429d4b66e0f888e491d424?s=96&r=g&d=https:\\\/\\\/www.fitnessbrasil.com.br\\\/wp-content\\\/plugins\\\/userswp\\\/assets\\\/images\\\/no_profile.png\",\"contentUrl\":\"https:\\\/\\\/secure.gravatar.com\\\/avatar\\\/703d1497efa1686cdeb68ba91129ecb39a6e38dabd429d4b66e0f888e491d424?s=96&r=g&d=https:\\\/\\\/www.fitnessbrasil.com.br\\\/wp-content\\\/plugins\\\/userswp\\\/assets\\\/images\\\/no_profile.png\",\"caption\":\"Yara Achoa\"},\"sameAs\":[\"http:\\\/\\\/yara@fitnessbrasil.com.br\"],\"url\":\"https:\\\/\\\/www.fitnessbrasil.com.br\\\/es\\\/profile\\\/yara\\\/\"}]}<\/script>\n<!-- \/ Yoast SEO plugin. -->","yoast_head_json":{"title":"Konnen Fitness anuncia influenciadora Juju Salimeni como embaixadora e refor\u00e7a estrat\u00e9gia premium - Fitness Brasil","description":"Parceria entre a Konnen e a influenciadora Juju Salimeni integra plano de expans\u00e3o no mercado de equipamentos para academias","robots":{"index":"index","follow":"follow","max-snippet":"max-snippet:-1","max-image-preview":"max-image-preview:large","max-video-preview":"max-video-preview:-1"},"canonical":"https:\/\/www.fitnessbrasil.com.br\/es\/newsfitbr\/konnen-fitness-anuncia-juju-salimeni-como-embaixadora-e-reforca-estrategia-premium\/","og_locale":"es_ES","og_type":"article","og_title":"Konnen Fitness anuncia influenciadora Juju Salimeni como embaixadora e refor\u00e7a estrat\u00e9gia premium - Fitness Brasil","og_description":"Parceria entre a Konnen e a influenciadora Juju Salimeni integra plano de expans\u00e3o no mercado de equipamentos para academias","og_url":"https:\/\/www.fitnessbrasil.com.br\/es\/newsfitbr\/konnen-fitness-anuncia-juju-salimeni-como-embaixadora-e-reforca-estrategia-premium\/","og_site_name":"Fitness Brasil","article_published_time":"2026-03-06T19:58:39+00:00","article_modified_time":"2026-03-06T20:12:28+00:00","og_image":[{"width":640,"height":427,"url":"https:\/\/www.fitnessbrasil.com.br\/wp-content\/uploads\/2026\/03\/Juju-Salimeni-Konnen-4.jpg","type":"image\/jpeg"}],"author":"Yara Achoa","twitter_card":"summary_large_image","twitter_misc":{"Escrito por":"Yara Achoa","Tiempo de lectura":"4 minutos"},"schema":{"@context":"https:\/\/schema.org","@graph":[{"@type":"Article","@id":"https:\/\/www.fitnessbrasil.com.br\/newsfitbr\/konnen-fitness-anuncia-juju-salimeni-como-embaixadora-e-reforca-estrategia-premium\/#article","isPartOf":{"@id":"https:\/\/www.fitnessbrasil.com.br\/newsfitbr\/konnen-fitness-anuncia-juju-salimeni-como-embaixadora-e-reforca-estrategia-premium\/"},"author":{"name":"Yara Achoa","@id":"https:\/\/www.fitnessbrasil.com.br\/#\/schema\/person\/44332d981b99ed3bec8d1f53079a3ad4"},"headline":"Konnen Fitness anuncia influenciadora Juju Salimeni como embaixadora e refor\u00e7a estrat\u00e9gia premium","datePublished":"2026-03-06T19:58:39+00:00","dateModified":"2026-03-06T20:12:28+00:00","mainEntityOfPage":{"@id":"https:\/\/www.fitnessbrasil.com.br\/newsfitbr\/konnen-fitness-anuncia-juju-salimeni-como-embaixadora-e-reforca-estrategia-premium\/"},"wordCount":422,"publisher":{"@id":"https:\/\/www.fitnessbrasil.com.br\/#organization"},"image":{"@id":"https:\/\/www.fitnessbrasil.com.br\/newsfitbr\/konnen-fitness-anuncia-juju-salimeni-como-embaixadora-e-reforca-estrategia-premium\/#primaryimage"},"thumbnailUrl":"https:\/\/www.fitnessbrasil.com.br\/wp-content\/uploads\/2026\/03\/Juju-Salimeni-Konnen-4.jpg","articleSection":["Destaques","Gest\u00e3o e neg\u00f3cios","Not\u00edcias"],"inLanguage":"es"},{"@type":"WebPage","@id":"https:\/\/www.fitnessbrasil.com.br\/newsfitbr\/konnen-fitness-anuncia-juju-salimeni-como-embaixadora-e-reforca-estrategia-premium\/","url":"https:\/\/www.fitnessbrasil.com.br\/newsfitbr\/konnen-fitness-anuncia-juju-salimeni-como-embaixadora-e-reforca-estrategia-premium\/","name":"Konnen Fitness anuncia influenciadora Juju Salimeni como embaixadora e refor\u00e7a estrat\u00e9gia premium - Fitness Brasil","isPartOf":{"@id":"https:\/\/www.fitnessbrasil.com.br\/#website"},"primaryImageOfPage":{"@id":"https:\/\/www.fitnessbrasil.com.br\/newsfitbr\/konnen-fitness-anuncia-juju-salimeni-como-embaixadora-e-reforca-estrategia-premium\/#primaryimage"},"image":{"@id":"https:\/\/www.fitnessbrasil.com.br\/newsfitbr\/konnen-fitness-anuncia-juju-salimeni-como-embaixadora-e-reforca-estrategia-premium\/#primaryimage"},"thumbnailUrl":"https:\/\/www.fitnessbrasil.com.br\/wp-content\/uploads\/2026\/03\/Juju-Salimeni-Konnen-4.jpg","datePublished":"2026-03-06T19:58:39+00:00","dateModified":"2026-03-06T20:12:28+00:00","description":"Parceria entre a Konnen e a influenciadora Juju Salimeni integra plano de expans\u00e3o no mercado de equipamentos para academias","breadcrumb":{"@id":"https:\/\/www.fitnessbrasil.com.br\/newsfitbr\/konnen-fitness-anuncia-juju-salimeni-como-embaixadora-e-reforca-estrategia-premium\/#breadcrumb"},"inLanguage":"es","potentialAction":[{"@type":"ReadAction","target":["https:\/\/www.fitnessbrasil.com.br\/newsfitbr\/konnen-fitness-anuncia-juju-salimeni-como-embaixadora-e-reforca-estrategia-premium\/"]}]},{"@type":"ImageObject","inLanguage":"es","@id":"https:\/\/www.fitnessbrasil.com.br\/newsfitbr\/konnen-fitness-anuncia-juju-salimeni-como-embaixadora-e-reforca-estrategia-premium\/#primaryimage","url":"https:\/\/www.fitnessbrasil.com.br\/wp-content\/uploads\/2026\/03\/Juju-Salimeni-Konnen-4.jpg","contentUrl":"https:\/\/www.fitnessbrasil.com.br\/wp-content\/uploads\/2026\/03\/Juju-Salimeni-Konnen-4.jpg","width":640,"height":427},{"@type":"BreadcrumbList","@id":"https:\/\/www.fitnessbrasil.com.br\/newsfitbr\/konnen-fitness-anuncia-juju-salimeni-como-embaixadora-e-reforca-estrategia-premium\/#breadcrumb","itemListElement":[{"@type":"ListItem","position":1,"name":"In\u00edcio","item":"https:\/\/www.fitnessbrasil.com.br\/"},{"@type":"ListItem","position":2,"name":"Konnen Fitness anuncia influenciadora Juju Salimeni como embaixadora e refor\u00e7a estrat\u00e9gia premium"}]},{"@type":"WebSite","@id":"https:\/\/www.fitnessbrasil.com.br\/#website","url":"https:\/\/www.fitnessbrasil.com.br\/","name":"Fitness Brasil","description":"","publisher":{"@id":"https:\/\/www.fitnessbrasil.com.br\/#organization"},"potentialAction":[{"@type":"SearchAction","target":{"@type":"EntryPoint","urlTemplate":"https:\/\/www.fitnessbrasil.com.br\/?s={search_term_string}"},"query-input":{"@type":"PropertyValueSpecification","valueRequired":true,"valueName":"search_term_string"}}],"inLanguage":"es"},{"@type":"Organization","@id":"https:\/\/www.fitnessbrasil.com.br\/#organization","name":"Fitness Brasil","url":"https:\/\/www.fitnessbrasil.com.br\/","logo":{"@type":"ImageObject","inLanguage":"es","@id":"https:\/\/www.fitnessbrasil.com.br\/#\/schema\/logo\/image\/","url":"https:\/\/www.fitnessbrasil.com.br\/wp-content\/uploads\/2022\/01\/Logo-Fitness-Brasil_preto-e-cor.png","contentUrl":"https:\/\/www.fitnessbrasil.com.br\/wp-content\/uploads\/2022\/01\/Logo-Fitness-Brasil_preto-e-cor.png","width":593,"height":316,"caption":"Fitness Brasil"},"image":{"@id":"https:\/\/www.fitnessbrasil.com.br\/#\/schema\/logo\/image\/"}},{"@type":"Person","@id":"https:\/\/www.fitnessbrasil.com.br\/#\/schema\/person\/44332d981b99ed3bec8d1f53079a3ad4","name":"Yara Achoa","image":{"@type":"ImageObject","inLanguage":"es","@id":"https:\/\/secure.gravatar.com\/avatar\/703d1497efa1686cdeb68ba91129ecb39a6e38dabd429d4b66e0f888e491d424?s=96&r=g&d=https:\/\/www.fitnessbrasil.com.br\/wp-content\/plugins\/userswp\/assets\/images\/no_profile.png","url":"https:\/\/secure.gravatar.com\/avatar\/703d1497efa1686cdeb68ba91129ecb39a6e38dabd429d4b66e0f888e491d424?s=96&r=g&d=https:\/\/www.fitnessbrasil.com.br\/wp-content\/plugins\/userswp\/assets\/images\/no_profile.png","contentUrl":"https:\/\/secure.gravatar.com\/avatar\/703d1497efa1686cdeb68ba91129ecb39a6e38dabd429d4b66e0f888e491d424?s=96&r=g&d=https:\/\/www.fitnessbrasil.com.br\/wp-content\/plugins\/userswp\/assets\/images\/no_profile.png","caption":"Yara Achoa"},"sameAs":["http:\/\/yara@fitnessbrasil.com.br"],"url":"https:\/\/www.fitnessbrasil.com.br\/es\/profile\/yara\/"}]}},"_links":{"self":[{"href":"https:\/\/www.fitnessbrasil.com.br\/es\/wp-json\/wp\/v2\/posts\/132196","targetHints":{"allow":["GET"]}}],"collection":[{"href":"https:\/\/www.fitnessbrasil.com.br\/es\/wp-json\/wp\/v2\/posts"}],"about":[{"href":"https:\/\/www.fitnessbrasil.com.br\/es\/wp-json\/wp\/v2\/types\/post"}],"author":[{"embeddable":true,"href":"https:\/\/www.fitnessbrasil.com.br\/es\/wp-json\/wp\/v2\/users\/40"}],"replies":[{"embeddable":true,"href":"https:\/\/www.fitnessbrasil.com.br\/es\/wp-json\/wp\/v2\/comments?post=132196"}],"version-history":[{"count":7,"href":"https:\/\/www.fitnessbrasil.com.br\/es\/wp-json\/wp\/v2\/posts\/132196\/revisions"}],"predecessor-version":[{"id":132208,"href":"https:\/\/www.fitnessbrasil.com.br\/es\/wp-json\/wp\/v2\/posts\/132196\/revisions\/132208"}],"wp:featuredmedia":[{"embeddable":true,"href":"https:\/\/www.fitnessbrasil.com.br\/es\/wp-json\/wp\/v2\/media\/132197"}],"wp:attachment":[{"href":"https:\/\/www.fitnessbrasil.com.br\/es\/wp-json\/wp\/v2\/media?parent=132196"}],"wp:term":[{"taxonomy":"category","embeddable":true,"href":"https:\/\/www.fitnessbrasil.com.br\/es\/wp-json\/wp\/v2\/categories?post=132196"},{"taxonomy":"post_tag","embeddable":true,"href":"https:\/\/www.fitnessbrasil.com.br\/es\/wp-json\/wp\/v2\/tags?post=132196"},{"taxonomy":"post_folder","embeddable":true,"href":"https:\/\/www.fitnessbrasil.com.br\/es\/wp-json\/wp\/v2\/post_folder?post=132196"}],"curies":[{"name":"wp","href":"https:\/\/api.w.org\/{rel}","templated":true}]}}