{"id":132247,"date":"2026-03-10T10:06:00","date_gmt":"2026-03-10T13:06:00","guid":{"rendered":"https:\/\/www.fitnessbrasil.com.br\/?p=132247"},"modified":"2026-03-11T10:06:23","modified_gmt":"2026-03-11T13:06:23","slug":"peso-na-balanca-e-pressao-estetica-obsessao-com-o-corpo-afeta-saude-mental-de-jovens-aponta-pesquisa","status":"publish","type":"post","link":"https:\/\/www.fitnessbrasil.com.br\/es\/newsfitbr\/peso-na-balanca-e-pressao-estetica-obsessao-com-o-corpo-afeta-saude-mental-de-jovens-aponta-pesquisa\/","title":{"rendered":"Peso na balan\u00e7a e press\u00e3o est\u00e9tica: obsess\u00e3o com o corpo afeta sa\u00fade mental de jovens, aponta pesquisa"},"content":{"rendered":"<p>Estudo identificou maior sofrimento psicol\u00f3gico entre adolescentes com peso considerado adequado, mas que tinham preocupa\u00e7\u00e3o excessiva com o pr\u00f3prio corpo<\/p>\n\n\n\n<p>Por Fernanda Bassette, da Ag\u00eancia Einstein<br>10\/3\/2026<\/p>\n\n\n\n<p>Manter uma alimenta\u00e7\u00e3o equilibrada, praticar exerc\u00edcios f\u00edsicos regularmente e ter um peso considerado adequado s\u00e3o ind\u00edcios de boa sa\u00fade. Mas u<strong>m novo estudo da Universidade de Warwick, na Inglaterra, alerta que jovens aparentemente saud\u00e1veis que controlam rigorosamente o corpo por meio de dietas restritivas e atividades f\u00edsicas apresentam mais sintomas de ansiedade<\/strong>, depress\u00e3o e sofrimento psicol\u00f3gico na vida adulta.<\/p>\n\n\n\n<h4 class=\"wp-block-heading\"><a href=\"https:\/\/www.fitnessbrasil.com.br\/es\/fitness-brasil-expo-2026\/\"><strong>+ Fitness Brasil Expo: o maior evento de fitness, sa\u00fade e bem-estar da Am\u00e9rica Latina<\/strong><\/a><\/h4>\n\n\n\n<h4 class=\"wp-block-heading\"><a href=\"https:\/\/www.instagram.com\/fitnessbrasil_oficial\/\"><strong>+ Siga a Fitness Brasil no Instagram<\/strong><\/a><\/h4>\n\n\n\n<h4 class=\"wp-block-heading\"><a href=\"https:\/\/www.whatsapp.com\/channel\/0029VarCqD5InlqU52KNAv3J\"><strong>+ Fa\u00e7a parte do nosso Canal no WhatsApp<\/strong><\/a><\/h4>\n\n\n\n<p>Os resultados <a href=\"https:\/\/link.springer.com\/article\/10.1007\/s12144-025-08652-8\">foram publicados<\/a> em janeiro na revista <em>Current Psychology<\/em>. O estudo utilizou dados do <em>Millennium Cohort Study<\/em> (MCS), pesquisa brit\u00e2nica que acompanha milhares de jovens desde a inf\u00e2ncia. Para a an\u00e1lise, <strong>os pesquisadores consideraram informa\u00e7\u00f5es coletadas em dois momentos<\/strong>: entre 2018 e 2019, quando 10.625 adolescentes ent\u00e3o com 17 anos participaram da chamada Onda 7 do estudo; e em 2021, durante uma etapa realizada no contexto da pandemia de Covid-19 e quando os jovens estavam com 20 anos.<\/p>\n\n\n\n<figure class=\"wp-block-image size-large\"><a href=\"https:\/\/www.fitnessbrasil.com.br\/wp-content\/uploads\/2026\/03\/Balanca-Estudo-AdobeStock_355349948.jpg\"><img decoding=\"async\" width=\"1200\" height=\"800\" data-src=\"https:\/\/www.fitnessbrasil.com.br\/wp-content\/uploads\/2026\/03\/Balanca-Estudo-AdobeStock_355349948-1200x800.jpg\" alt=\"\" class=\"wp-image-132250 lazyload\" data-srcset=\"https:\/\/www.fitnessbrasil.com.br\/wp-content\/uploads\/2026\/03\/Balanca-Estudo-AdobeStock_355349948-1200x800.jpg 1200w, https:\/\/www.fitnessbrasil.com.br\/wp-content\/uploads\/2026\/03\/Balanca-Estudo-AdobeStock_355349948-600x400.jpg 600w, https:\/\/www.fitnessbrasil.com.br\/wp-content\/uploads\/2026\/03\/Balanca-Estudo-AdobeStock_355349948-768x512.jpg 768w, https:\/\/www.fitnessbrasil.com.br\/wp-content\/uploads\/2026\/03\/Balanca-Estudo-AdobeStock_355349948-1536x1024.jpg 1536w, https:\/\/www.fitnessbrasil.com.br\/wp-content\/uploads\/2026\/03\/Balanca-Estudo-AdobeStock_355349948-18x12.jpg 18w, https:\/\/www.fitnessbrasil.com.br\/wp-content\/uploads\/2026\/03\/Balanca-Estudo-AdobeStock_355349948-510x340.jpg 510w, https:\/\/www.fitnessbrasil.com.br\/wp-content\/uploads\/2026\/03\/Balanca-Estudo-AdobeStock_355349948.jpg 1600w\" data-sizes=\"(max-width: 1200px) 100vw, 1200px\" src=\"data:image\/svg+xml;base64,PHN2ZyB3aWR0aD0iMSIgaGVpZ2h0PSIxIiB4bWxucz0iaHR0cDovL3d3dy53My5vcmcvMjAwMC9zdmciPjwvc3ZnPg==\" style=\"--smush-placeholder-width: 1200px; --smush-placeholder-aspect-ratio: 1200\/800;\" \/><\/a><\/figure>\n\n\n\n<p>Os participantes responderam a entrevistas e question\u00e1rios sobre peso, h\u00e1bitos alimentares, pr\u00e1tica de exerc\u00edcios, sa\u00fade mental e bem-estar. A partir desses dados, <strong>os pesquisadores agruparam pessoas que apresentavam caracter\u00edsticas semelhantes entre si. <\/strong>Com isso, identificaram quatro perfis principais, combinando estado nutricional e comportamentos de controle do peso.<\/p>\n\n\n\n<p><strong>O grupo que apresentou os melhores desfechos psicol\u00f3gicos foi o de jovens com peso normal que n\u00e3o faziam dieta nem exerc\u00edcio com foco em emagrecimento. <\/strong>J\u00e1 aqueles com sobrepeso, baixo peso e os de peso normal que controlavam rigidamente alimenta\u00e7\u00e3o e a atividade f\u00edsica relataram piores indicadores de sa\u00fade mental aos 20 anos.<\/p>\n\n\n\n<h4 class=\"wp-block-heading\"><strong>Leia tamb\u00e9m<br><a href=\"https:\/\/www.fitnessbrasil.com.br\/es\/newsfitbr\/lideranca-feminina-no-esporte-estrategia-poder-e-os-espacos-que-definem-o-futuro-do-setor\/\">Lideran\u00e7a feminina no esporte: estrat\u00e9gia, poder e os espa\u00e7os que definem o futuro do setor<\/a><br><a href=\"https:\/\/www.fitnessbrasil.com.br\/es\/newsfitbr\/treinamento-hibrido-a-nova-fronteira-entre-estetica-e-performance-no-mercado-fitness\/\">Treinamento h\u00edbrido: a nova fronteira entre a busca por est\u00e9tica e performance no mercado fitness<\/a><\/strong><\/h4>\n\n\n\n<p>\u201c<strong>Dieta equilibrada e exerc\u00edcio f\u00edsico podem ser fatores protetivos para a sa\u00fade mental. Mas o que determina isso n\u00e3o \u00e9 o comportamento em si, e sim a rela\u00e7\u00e3o que o jovem tem com ele\u201d<\/strong>, analisa a psic\u00f3loga especialista em transtornos alimentares Patr\u00edcia Cristina Gomes, do Espa\u00e7o Einstein Bem-Estar e Sa\u00fade Mental, do Einstein Hospital Israelita. <strong>Quando a pessoa se cuida por medo de engordar, insatisfa\u00e7\u00e3o corporal, autocr\u00edtica intensa ou compara\u00e7\u00e3o social \u00e9 um sinal de alerta.<\/strong> \u201cNesse caso, o comportamento deixa de ser promotor de sa\u00fade e passa a funcionar como regulador de ansiedade e autoestima\u201d, observa Gomes.<\/p>\n\n\n\n<h4 class=\"wp-block-heading\"><strong>Estigma<\/strong><\/h4>\n\n\n\n<p>A nova pesquisa tamb\u00e9m alerta para o papel do estigma relacionado ao peso: na an\u00e1lise, ele esteve ligado a pior sa\u00fade mental independentemente do \u00edndice de massa corporal (IMC), indicador usado para estimar se o peso de uma pessoa est\u00e1 adequado \u00e0 sua altura. <strong>Muitos jovens com peso considerado normal, mas que faziam dieta e exerc\u00edcio, relataram sentir-se vigiados, cobrados e insatisfeitos com a pr\u00f3pria apar\u00eancia, al\u00e9m de sofrerem com coment\u00e1rios, compara\u00e7\u00f5es e press\u00f5es sociais.<\/strong><\/p>\n\n\n\n<p>E isso foi associado a mais ansiedade, sintomas depressivos e sofrimento psicol\u00f3gico. \u201c<strong>O estigma n\u00e3o est\u00e1 ligado apenas ao peso \u2018real\u2019, mas \u00e0 percep\u00e7\u00e3o corporal e \u00e0 press\u00e3o para se encaixar em ideais est\u00e9ticos\u201d, <\/strong>analisa a psic\u00f3loga. \u201cNa cl\u00ednica, isso costuma surgir na forma de autocobran\u00e7a, culpa moral ligada \u00e0 comida e exerc\u00edcio vivido como obriga\u00e7\u00e3o ou puni\u00e7\u00e3o. A mensagem internalizada \u00e9 de que o valor da pessoa depende da sua apar\u00eancia.\u201d<\/p>\n\n\n\n<p><strong><a href=\"https:\/\/www.fitnessbrasil.com.br\/es\/panorama-setorial-2025-4a-edicao\/\">+ Baixe gratuitamente o Panorama Setorial Fitness Brasil<\/a><\/strong><\/p>\n\n\n\n<p><strong>O estudo tamb\u00e9m identificou n\u00edveis mais altos de neuroticismo entre jovens de peso normal que tinha preocupa\u00e7\u00e3o excessiva com o corpo. <\/strong>O neuroticismo \u00e9 um tra\u00e7o de personalidade associado a uma maior tend\u00eancia a emo\u00e7\u00f5es negativas, preocupa\u00e7\u00e3o excessiva e dificuldade de lidar com frustra\u00e7\u00f5es. \u201c<strong>Quando o neuroticismo \u00e9 mais alto, o corpo vira um foco de vigil\u00e2ncia constante. A pessoa passa a monitorar cada detalhe, e o valor pessoal fica muito dependente da apar\u00eancia<\/strong> e do desempenho na dieta e no exerc\u00edcio, o que favorece ansiedade, depress\u00e3o e menor bem-estar\u201d, explica a especialista do Einstein.<\/p>\n\n\n\n<h4 class=\"wp-block-heading\"><strong>Meninas s\u00e3o mais vulner\u00e1veis<\/strong><\/h4>\n\n\n\n<p>Segundo a pesquisa, <strong>meninas e mulheres jovens foram particularmente mais vulner\u00e1veis a essas preocupa\u00e7\u00f5es.<\/strong> \u201cDesde cedo, meninas aprendem que apar\u00eancia importa. As redes sociais amplificam isso com corpos editados, rotinas perfeitas e discursos que misturam autocuidado com est\u00e9tica\u201d, alerta Patr\u00edcia Gomes.<\/p>\n\n\n\n<p>Entre os <strong>sinais de sofrimento psicol\u00f3gico ligado \u00e0 imagem corporal est\u00e3o: mudan\u00e7as bruscas no padr\u00e3o alimentar; pular refei\u00e7\u00f5es; rigidez excessiva com \u201ccomidas permitidas\u201d; culpa ap\u00f3s comer ou necessidade de compensar com exerc\u00edcio<\/strong>. \u201cDa mesma forma, atividade f\u00edsica vivida como obriga\u00e7\u00e3o, puni\u00e7\u00e3o ou fonte de ansiedade, e n\u00e3o de prazer, pode sinalizar sofrimento\u201d, adverte a psic\u00f3loga.<\/p>\n\n\n\n<p>Outro ponto de aten\u00e7\u00e3o para pais e cuidadores \u00e9 como o jovem fala sobre o pr\u00f3prio corpo e se comporta no dia a dia. <strong>Coment\u00e1rios frequentes de desvaloriza\u00e7\u00e3o<\/strong>, como \u201cmeu corpo \u00e9 horr\u00edvel\u201d ou \u201cnunca \u00e9 suficiente\u201d, medo intenso de engordar mesmo estando com peso normal ou baixo, compara\u00e7\u00e3o constante com outras pessoas e sensibilidade excessiva a cr\u00edticas sobre apar\u00eancia s\u00e3o sinais de insatisfa\u00e7\u00e3o corporal.<\/p>\n\n\n\n<p><strong>A terapia cognitivo-comportamental pode ajudar a reduzir a autocr\u00edtica, enfrentar o estigma e construir uma rela\u00e7\u00e3o mais saud\u00e1vel com o corpo<\/strong>. \u201cQuando o cuidado se reduz ao n\u00famero da balan\u00e7a, vira fonte de sofrimento. Por isso \u00e9 fundamental envolver a fam\u00edlia, evitar coment\u00e1rios sobre peso e refor\u00e7ar valores al\u00e9m da apar\u00eancia\u201d, orienta Gomes.<\/p>\n\n\n\n<p><em>Fonte: Ag\u00eancia Einstein<\/em><\/p>","protected":false},"excerpt":{"rendered":"<p>Estudo identificou maior sofrimento psicol\u00f3gico entre adolescentes<\/p>","protected":false},"author":40,"featured_media":132250,"comment_status":"closed","ping_status":"closed","sticky":false,"template":"","format":"standard","meta":{"_acf_changed":false,"footnotes":""},"categories":[430,70,28],"tags":[],"post_folder":[],"class_list":["post-132247","post","type-post","status-publish","format-standard","has-post-thumbnail","hentry","category-destaques","category-noticias","category-saude-e-bem-estar"],"acf":[],"yoast_head":"<!-- This site is optimized with the Yoast SEO plugin v27.4 - https:\/\/yoast.com\/product\/yoast-seo-wordpress\/ -->\n<title>Peso na balan\u00e7a e press\u00e3o est\u00e9tica: obsess\u00e3o com o corpo afeta sa\u00fade mental de jovens, aponta pesquisa - Fitness Brasil<\/title>\n<meta name=\"description\" content=\"Estudo identificou sofrimento psicol\u00f3gico entre adolescentes com peso considerado adequado, mas que tinham preocupa\u00e7\u00e3o excessiva com o corpo\" \/>\n<meta name=\"robots\" content=\"index, follow, max-snippet:-1, max-image-preview:large, max-video-preview:-1\" \/>\n<link rel=\"canonical\" href=\"https:\/\/www.fitnessbrasil.com.br\/es\/newsfitbr\/peso-na-balanca-e-pressao-estetica-obsessao-com-o-corpo-afeta-saude-mental-de-jovens-aponta-pesquisa\/\" \/>\n<meta property=\"og:locale\" content=\"es_ES\" \/>\n<meta property=\"og:type\" content=\"article\" \/>\n<meta property=\"og:title\" content=\"Peso na balan\u00e7a e press\u00e3o est\u00e9tica: obsess\u00e3o com o corpo afeta sa\u00fade mental de jovens, aponta pesquisa - Fitness Brasil\" \/>\n<meta property=\"og:description\" content=\"Estudo identificou sofrimento psicol\u00f3gico entre adolescentes com peso considerado adequado, mas que tinham preocupa\u00e7\u00e3o excessiva com o corpo\" \/>\n<meta property=\"og:url\" content=\"https:\/\/www.fitnessbrasil.com.br\/es\/newsfitbr\/peso-na-balanca-e-pressao-estetica-obsessao-com-o-corpo-afeta-saude-mental-de-jovens-aponta-pesquisa\/\" \/>\n<meta property=\"og:site_name\" content=\"Fitness Brasil\" \/>\n<meta property=\"article:published_time\" content=\"2026-03-10T13:06:00+00:00\" \/>\n<meta property=\"article:modified_time\" content=\"2026-03-11T13:06:23+00:00\" \/>\n<meta property=\"og:image\" content=\"https:\/\/www.fitnessbrasil.com.br\/wp-content\/uploads\/2026\/03\/Balanca-Estudo-AdobeStock_355349948.jpg\" \/>\n\t<meta property=\"og:image:width\" content=\"1600\" \/>\n\t<meta property=\"og:image:height\" content=\"1067\" \/>\n\t<meta property=\"og:image:type\" content=\"image\/jpeg\" \/>\n<meta name=\"author\" content=\"Yara Achoa\" \/>\n<meta name=\"twitter:card\" content=\"summary_large_image\" \/>\n<meta name=\"twitter:label1\" content=\"Escrito por\" \/>\n\t<meta name=\"twitter:data1\" content=\"Yara Achoa\" \/>\n\t<meta name=\"twitter:label2\" content=\"Tiempo de lectura\" \/>\n\t<meta name=\"twitter:data2\" content=\"6 minutos\" \/>\n<script type=\"application\/ld+json\" class=\"yoast-schema-graph\">{\"@context\":\"https:\\\/\\\/schema.org\",\"@graph\":[{\"@type\":\"Article\",\"@id\":\"https:\\\/\\\/www.fitnessbrasil.com.br\\\/newsfitbr\\\/peso-na-balanca-e-pressao-estetica-obsessao-com-o-corpo-afeta-saude-mental-de-jovens-aponta-pesquisa\\\/#article\",\"isPartOf\":{\"@id\":\"https:\\\/\\\/www.fitnessbrasil.com.br\\\/newsfitbr\\\/peso-na-balanca-e-pressao-estetica-obsessao-com-o-corpo-afeta-saude-mental-de-jovens-aponta-pesquisa\\\/\"},\"author\":{\"name\":\"Yara Achoa\",\"@id\":\"https:\\\/\\\/www.fitnessbrasil.com.br\\\/#\\\/schema\\\/person\\\/44332d981b99ed3bec8d1f53079a3ad4\"},\"headline\":\"Peso na balan\u00e7a e press\u00e3o est\u00e9tica: obsess\u00e3o com o corpo afeta sa\u00fade mental de jovens, aponta pesquisa\",\"datePublished\":\"2026-03-10T13:06:00+00:00\",\"dateModified\":\"2026-03-11T13:06:23+00:00\",\"mainEntityOfPage\":{\"@id\":\"https:\\\/\\\/www.fitnessbrasil.com.br\\\/newsfitbr\\\/peso-na-balanca-e-pressao-estetica-obsessao-com-o-corpo-afeta-saude-mental-de-jovens-aponta-pesquisa\\\/\"},\"wordCount\":1019,\"publisher\":{\"@id\":\"https:\\\/\\\/www.fitnessbrasil.com.br\\\/#organization\"},\"image\":{\"@id\":\"https:\\\/\\\/www.fitnessbrasil.com.br\\\/newsfitbr\\\/peso-na-balanca-e-pressao-estetica-obsessao-com-o-corpo-afeta-saude-mental-de-jovens-aponta-pesquisa\\\/#primaryimage\"},\"thumbnailUrl\":\"https:\\\/\\\/www.fitnessbrasil.com.br\\\/wp-content\\\/uploads\\\/2026\\\/03\\\/Balanca-Estudo-AdobeStock_355349948.jpg\",\"articleSection\":[\"Destaques\",\"Not\u00edcias\",\"Sa\u00fade e bem-estar\"],\"inLanguage\":\"es\"},{\"@type\":\"WebPage\",\"@id\":\"https:\\\/\\\/www.fitnessbrasil.com.br\\\/newsfitbr\\\/peso-na-balanca-e-pressao-estetica-obsessao-com-o-corpo-afeta-saude-mental-de-jovens-aponta-pesquisa\\\/\",\"url\":\"https:\\\/\\\/www.fitnessbrasil.com.br\\\/newsfitbr\\\/peso-na-balanca-e-pressao-estetica-obsessao-com-o-corpo-afeta-saude-mental-de-jovens-aponta-pesquisa\\\/\",\"name\":\"Peso na balan\u00e7a e press\u00e3o est\u00e9tica: obsess\u00e3o com o corpo afeta sa\u00fade mental de jovens, aponta pesquisa - Fitness Brasil\",\"isPartOf\":{\"@id\":\"https:\\\/\\\/www.fitnessbrasil.com.br\\\/#website\"},\"primaryImageOfPage\":{\"@id\":\"https:\\\/\\\/www.fitnessbrasil.com.br\\\/newsfitbr\\\/peso-na-balanca-e-pressao-estetica-obsessao-com-o-corpo-afeta-saude-mental-de-jovens-aponta-pesquisa\\\/#primaryimage\"},\"image\":{\"@id\":\"https:\\\/\\\/www.fitnessbrasil.com.br\\\/newsfitbr\\\/peso-na-balanca-e-pressao-estetica-obsessao-com-o-corpo-afeta-saude-mental-de-jovens-aponta-pesquisa\\\/#primaryimage\"},\"thumbnailUrl\":\"https:\\\/\\\/www.fitnessbrasil.com.br\\\/wp-content\\\/uploads\\\/2026\\\/03\\\/Balanca-Estudo-AdobeStock_355349948.jpg\",\"datePublished\":\"2026-03-10T13:06:00+00:00\",\"dateModified\":\"2026-03-11T13:06:23+00:00\",\"description\":\"Estudo identificou sofrimento psicol\u00f3gico entre adolescentes com peso considerado adequado, mas que tinham preocupa\u00e7\u00e3o excessiva com o corpo\",\"breadcrumb\":{\"@id\":\"https:\\\/\\\/www.fitnessbrasil.com.br\\\/newsfitbr\\\/peso-na-balanca-e-pressao-estetica-obsessao-com-o-corpo-afeta-saude-mental-de-jovens-aponta-pesquisa\\\/#breadcrumb\"},\"inLanguage\":\"es\",\"potentialAction\":[{\"@type\":\"ReadAction\",\"target\":[\"https:\\\/\\\/www.fitnessbrasil.com.br\\\/newsfitbr\\\/peso-na-balanca-e-pressao-estetica-obsessao-com-o-corpo-afeta-saude-mental-de-jovens-aponta-pesquisa\\\/\"]}]},{\"@type\":\"ImageObject\",\"inLanguage\":\"es\",\"@id\":\"https:\\\/\\\/www.fitnessbrasil.com.br\\\/newsfitbr\\\/peso-na-balanca-e-pressao-estetica-obsessao-com-o-corpo-afeta-saude-mental-de-jovens-aponta-pesquisa\\\/#primaryimage\",\"url\":\"https:\\\/\\\/www.fitnessbrasil.com.br\\\/wp-content\\\/uploads\\\/2026\\\/03\\\/Balanca-Estudo-AdobeStock_355349948.jpg\",\"contentUrl\":\"https:\\\/\\\/www.fitnessbrasil.com.br\\\/wp-content\\\/uploads\\\/2026\\\/03\\\/Balanca-Estudo-AdobeStock_355349948.jpg\",\"width\":1600,\"height\":1067},{\"@type\":\"BreadcrumbList\",\"@id\":\"https:\\\/\\\/www.fitnessbrasil.com.br\\\/newsfitbr\\\/peso-na-balanca-e-pressao-estetica-obsessao-com-o-corpo-afeta-saude-mental-de-jovens-aponta-pesquisa\\\/#breadcrumb\",\"itemListElement\":[{\"@type\":\"ListItem\",\"position\":1,\"name\":\"In\u00edcio\",\"item\":\"https:\\\/\\\/www.fitnessbrasil.com.br\\\/\"},{\"@type\":\"ListItem\",\"position\":2,\"name\":\"Peso na balan\u00e7a e press\u00e3o est\u00e9tica: obsess\u00e3o com o corpo afeta sa\u00fade mental de jovens, aponta pesquisa\"}]},{\"@type\":\"WebSite\",\"@id\":\"https:\\\/\\\/www.fitnessbrasil.com.br\\\/#website\",\"url\":\"https:\\\/\\\/www.fitnessbrasil.com.br\\\/\",\"name\":\"Fitness Brasil\",\"description\":\"\",\"publisher\":{\"@id\":\"https:\\\/\\\/www.fitnessbrasil.com.br\\\/#organization\"},\"potentialAction\":[{\"@type\":\"SearchAction\",\"target\":{\"@type\":\"EntryPoint\",\"urlTemplate\":\"https:\\\/\\\/www.fitnessbrasil.com.br\\\/?s={search_term_string}\"},\"query-input\":{\"@type\":\"PropertyValueSpecification\",\"valueRequired\":true,\"valueName\":\"search_term_string\"}}],\"inLanguage\":\"es\"},{\"@type\":\"Organization\",\"@id\":\"https:\\\/\\\/www.fitnessbrasil.com.br\\\/#organization\",\"name\":\"Fitness Brasil\",\"url\":\"https:\\\/\\\/www.fitnessbrasil.com.br\\\/\",\"logo\":{\"@type\":\"ImageObject\",\"inLanguage\":\"es\",\"@id\":\"https:\\\/\\\/www.fitnessbrasil.com.br\\\/#\\\/schema\\\/logo\\\/image\\\/\",\"url\":\"https:\\\/\\\/www.fitnessbrasil.com.br\\\/wp-content\\\/uploads\\\/2022\\\/01\\\/Logo-Fitness-Brasil_preto-e-cor.png\",\"contentUrl\":\"https:\\\/\\\/www.fitnessbrasil.com.br\\\/wp-content\\\/uploads\\\/2022\\\/01\\\/Logo-Fitness-Brasil_preto-e-cor.png\",\"width\":593,\"height\":316,\"caption\":\"Fitness Brasil\"},\"image\":{\"@id\":\"https:\\\/\\\/www.fitnessbrasil.com.br\\\/#\\\/schema\\\/logo\\\/image\\\/\"}},{\"@type\":\"Person\",\"@id\":\"https:\\\/\\\/www.fitnessbrasil.com.br\\\/#\\\/schema\\\/person\\\/44332d981b99ed3bec8d1f53079a3ad4\",\"name\":\"Yara Achoa\",\"image\":{\"@type\":\"ImageObject\",\"inLanguage\":\"es\",\"@id\":\"https:\\\/\\\/secure.gravatar.com\\\/avatar\\\/703d1497efa1686cdeb68ba91129ecb39a6e38dabd429d4b66e0f888e491d424?s=96&r=g&d=https:\\\/\\\/www.fitnessbrasil.com.br\\\/wp-content\\\/plugins\\\/userswp\\\/assets\\\/images\\\/no_profile.png\",\"url\":\"https:\\\/\\\/secure.gravatar.com\\\/avatar\\\/703d1497efa1686cdeb68ba91129ecb39a6e38dabd429d4b66e0f888e491d424?s=96&r=g&d=https:\\\/\\\/www.fitnessbrasil.com.br\\\/wp-content\\\/plugins\\\/userswp\\\/assets\\\/images\\\/no_profile.png\",\"contentUrl\":\"https:\\\/\\\/secure.gravatar.com\\\/avatar\\\/703d1497efa1686cdeb68ba91129ecb39a6e38dabd429d4b66e0f888e491d424?s=96&r=g&d=https:\\\/\\\/www.fitnessbrasil.com.br\\\/wp-content\\\/plugins\\\/userswp\\\/assets\\\/images\\\/no_profile.png\",\"caption\":\"Yara Achoa\"},\"sameAs\":[\"http:\\\/\\\/yara@fitnessbrasil.com.br\"],\"url\":\"https:\\\/\\\/www.fitnessbrasil.com.br\\\/es\\\/profile\\\/yara\\\/\"}]}<\/script>\n<!-- \/ Yoast SEO plugin. -->","yoast_head_json":{"title":"Peso na balan\u00e7a e press\u00e3o est\u00e9tica: obsess\u00e3o com o corpo afeta sa\u00fade mental de jovens, aponta pesquisa - Fitness Brasil","description":"Estudo identificou sofrimento psicol\u00f3gico entre adolescentes com peso considerado adequado, mas que tinham preocupa\u00e7\u00e3o excessiva com o corpo","robots":{"index":"index","follow":"follow","max-snippet":"max-snippet:-1","max-image-preview":"max-image-preview:large","max-video-preview":"max-video-preview:-1"},"canonical":"https:\/\/www.fitnessbrasil.com.br\/es\/newsfitbr\/peso-na-balanca-e-pressao-estetica-obsessao-com-o-corpo-afeta-saude-mental-de-jovens-aponta-pesquisa\/","og_locale":"es_ES","og_type":"article","og_title":"Peso na balan\u00e7a e press\u00e3o est\u00e9tica: obsess\u00e3o com o corpo afeta sa\u00fade mental de jovens, aponta pesquisa - Fitness Brasil","og_description":"Estudo identificou sofrimento psicol\u00f3gico entre adolescentes com peso considerado adequado, mas que tinham preocupa\u00e7\u00e3o excessiva com o corpo","og_url":"https:\/\/www.fitnessbrasil.com.br\/es\/newsfitbr\/peso-na-balanca-e-pressao-estetica-obsessao-com-o-corpo-afeta-saude-mental-de-jovens-aponta-pesquisa\/","og_site_name":"Fitness Brasil","article_published_time":"2026-03-10T13:06:00+00:00","article_modified_time":"2026-03-11T13:06:23+00:00","og_image":[{"width":1600,"height":1067,"url":"https:\/\/www.fitnessbrasil.com.br\/wp-content\/uploads\/2026\/03\/Balanca-Estudo-AdobeStock_355349948.jpg","type":"image\/jpeg"}],"author":"Yara Achoa","twitter_card":"summary_large_image","twitter_misc":{"Escrito por":"Yara Achoa","Tiempo de lectura":"6 minutos"},"schema":{"@context":"https:\/\/schema.org","@graph":[{"@type":"Article","@id":"https:\/\/www.fitnessbrasil.com.br\/newsfitbr\/peso-na-balanca-e-pressao-estetica-obsessao-com-o-corpo-afeta-saude-mental-de-jovens-aponta-pesquisa\/#article","isPartOf":{"@id":"https:\/\/www.fitnessbrasil.com.br\/newsfitbr\/peso-na-balanca-e-pressao-estetica-obsessao-com-o-corpo-afeta-saude-mental-de-jovens-aponta-pesquisa\/"},"author":{"name":"Yara Achoa","@id":"https:\/\/www.fitnessbrasil.com.br\/#\/schema\/person\/44332d981b99ed3bec8d1f53079a3ad4"},"headline":"Peso na balan\u00e7a e press\u00e3o est\u00e9tica: obsess\u00e3o com o corpo afeta sa\u00fade mental de jovens, aponta pesquisa","datePublished":"2026-03-10T13:06:00+00:00","dateModified":"2026-03-11T13:06:23+00:00","mainEntityOfPage":{"@id":"https:\/\/www.fitnessbrasil.com.br\/newsfitbr\/peso-na-balanca-e-pressao-estetica-obsessao-com-o-corpo-afeta-saude-mental-de-jovens-aponta-pesquisa\/"},"wordCount":1019,"publisher":{"@id":"https:\/\/www.fitnessbrasil.com.br\/#organization"},"image":{"@id":"https:\/\/www.fitnessbrasil.com.br\/newsfitbr\/peso-na-balanca-e-pressao-estetica-obsessao-com-o-corpo-afeta-saude-mental-de-jovens-aponta-pesquisa\/#primaryimage"},"thumbnailUrl":"https:\/\/www.fitnessbrasil.com.br\/wp-content\/uploads\/2026\/03\/Balanca-Estudo-AdobeStock_355349948.jpg","articleSection":["Destaques","Not\u00edcias","Sa\u00fade e bem-estar"],"inLanguage":"es"},{"@type":"WebPage","@id":"https:\/\/www.fitnessbrasil.com.br\/newsfitbr\/peso-na-balanca-e-pressao-estetica-obsessao-com-o-corpo-afeta-saude-mental-de-jovens-aponta-pesquisa\/","url":"https:\/\/www.fitnessbrasil.com.br\/newsfitbr\/peso-na-balanca-e-pressao-estetica-obsessao-com-o-corpo-afeta-saude-mental-de-jovens-aponta-pesquisa\/","name":"Peso na balan\u00e7a e press\u00e3o est\u00e9tica: obsess\u00e3o com o corpo afeta sa\u00fade mental de jovens, aponta pesquisa - Fitness Brasil","isPartOf":{"@id":"https:\/\/www.fitnessbrasil.com.br\/#website"},"primaryImageOfPage":{"@id":"https:\/\/www.fitnessbrasil.com.br\/newsfitbr\/peso-na-balanca-e-pressao-estetica-obsessao-com-o-corpo-afeta-saude-mental-de-jovens-aponta-pesquisa\/#primaryimage"},"image":{"@id":"https:\/\/www.fitnessbrasil.com.br\/newsfitbr\/peso-na-balanca-e-pressao-estetica-obsessao-com-o-corpo-afeta-saude-mental-de-jovens-aponta-pesquisa\/#primaryimage"},"thumbnailUrl":"https:\/\/www.fitnessbrasil.com.br\/wp-content\/uploads\/2026\/03\/Balanca-Estudo-AdobeStock_355349948.jpg","datePublished":"2026-03-10T13:06:00+00:00","dateModified":"2026-03-11T13:06:23+00:00","description":"Estudo identificou sofrimento psicol\u00f3gico entre adolescentes com peso considerado adequado, mas que tinham preocupa\u00e7\u00e3o excessiva com o corpo","breadcrumb":{"@id":"https:\/\/www.fitnessbrasil.com.br\/newsfitbr\/peso-na-balanca-e-pressao-estetica-obsessao-com-o-corpo-afeta-saude-mental-de-jovens-aponta-pesquisa\/#breadcrumb"},"inLanguage":"es","potentialAction":[{"@type":"ReadAction","target":["https:\/\/www.fitnessbrasil.com.br\/newsfitbr\/peso-na-balanca-e-pressao-estetica-obsessao-com-o-corpo-afeta-saude-mental-de-jovens-aponta-pesquisa\/"]}]},{"@type":"ImageObject","inLanguage":"es","@id":"https:\/\/www.fitnessbrasil.com.br\/newsfitbr\/peso-na-balanca-e-pressao-estetica-obsessao-com-o-corpo-afeta-saude-mental-de-jovens-aponta-pesquisa\/#primaryimage","url":"https:\/\/www.fitnessbrasil.com.br\/wp-content\/uploads\/2026\/03\/Balanca-Estudo-AdobeStock_355349948.jpg","contentUrl":"https:\/\/www.fitnessbrasil.com.br\/wp-content\/uploads\/2026\/03\/Balanca-Estudo-AdobeStock_355349948.jpg","width":1600,"height":1067},{"@type":"BreadcrumbList","@id":"https:\/\/www.fitnessbrasil.com.br\/newsfitbr\/peso-na-balanca-e-pressao-estetica-obsessao-com-o-corpo-afeta-saude-mental-de-jovens-aponta-pesquisa\/#breadcrumb","itemListElement":[{"@type":"ListItem","position":1,"name":"In\u00edcio","item":"https:\/\/www.fitnessbrasil.com.br\/"},{"@type":"ListItem","position":2,"name":"Peso na balan\u00e7a e press\u00e3o est\u00e9tica: obsess\u00e3o com o corpo afeta sa\u00fade mental de jovens, aponta pesquisa"}]},{"@type":"WebSite","@id":"https:\/\/www.fitnessbrasil.com.br\/#website","url":"https:\/\/www.fitnessbrasil.com.br\/","name":"Fitness Brasil","description":"","publisher":{"@id":"https:\/\/www.fitnessbrasil.com.br\/#organization"},"potentialAction":[{"@type":"SearchAction","target":{"@type":"EntryPoint","urlTemplate":"https:\/\/www.fitnessbrasil.com.br\/?s={search_term_string}"},"query-input":{"@type":"PropertyValueSpecification","valueRequired":true,"valueName":"search_term_string"}}],"inLanguage":"es"},{"@type":"Organization","@id":"https:\/\/www.fitnessbrasil.com.br\/#organization","name":"Fitness Brasil","url":"https:\/\/www.fitnessbrasil.com.br\/","logo":{"@type":"ImageObject","inLanguage":"es","@id":"https:\/\/www.fitnessbrasil.com.br\/#\/schema\/logo\/image\/","url":"https:\/\/www.fitnessbrasil.com.br\/wp-content\/uploads\/2022\/01\/Logo-Fitness-Brasil_preto-e-cor.png","contentUrl":"https:\/\/www.fitnessbrasil.com.br\/wp-content\/uploads\/2022\/01\/Logo-Fitness-Brasil_preto-e-cor.png","width":593,"height":316,"caption":"Fitness Brasil"},"image":{"@id":"https:\/\/www.fitnessbrasil.com.br\/#\/schema\/logo\/image\/"}},{"@type":"Person","@id":"https:\/\/www.fitnessbrasil.com.br\/#\/schema\/person\/44332d981b99ed3bec8d1f53079a3ad4","name":"Yara Achoa","image":{"@type":"ImageObject","inLanguage":"es","@id":"https:\/\/secure.gravatar.com\/avatar\/703d1497efa1686cdeb68ba91129ecb39a6e38dabd429d4b66e0f888e491d424?s=96&r=g&d=https:\/\/www.fitnessbrasil.com.br\/wp-content\/plugins\/userswp\/assets\/images\/no_profile.png","url":"https:\/\/secure.gravatar.com\/avatar\/703d1497efa1686cdeb68ba91129ecb39a6e38dabd429d4b66e0f888e491d424?s=96&r=g&d=https:\/\/www.fitnessbrasil.com.br\/wp-content\/plugins\/userswp\/assets\/images\/no_profile.png","contentUrl":"https:\/\/secure.gravatar.com\/avatar\/703d1497efa1686cdeb68ba91129ecb39a6e38dabd429d4b66e0f888e491d424?s=96&r=g&d=https:\/\/www.fitnessbrasil.com.br\/wp-content\/plugins\/userswp\/assets\/images\/no_profile.png","caption":"Yara Achoa"},"sameAs":["http:\/\/yara@fitnessbrasil.com.br"],"url":"https:\/\/www.fitnessbrasil.com.br\/es\/profile\/yara\/"}]}},"_links":{"self":[{"href":"https:\/\/www.fitnessbrasil.com.br\/es\/wp-json\/wp\/v2\/posts\/132247","targetHints":{"allow":["GET"]}}],"collection":[{"href":"https:\/\/www.fitnessbrasil.com.br\/es\/wp-json\/wp\/v2\/posts"}],"about":[{"href":"https:\/\/www.fitnessbrasil.com.br\/es\/wp-json\/wp\/v2\/types\/post"}],"author":[{"embeddable":true,"href":"https:\/\/www.fitnessbrasil.com.br\/es\/wp-json\/wp\/v2\/users\/40"}],"replies":[{"embeddable":true,"href":"https:\/\/www.fitnessbrasil.com.br\/es\/wp-json\/wp\/v2\/comments?post=132247"}],"version-history":[{"count":4,"href":"https:\/\/www.fitnessbrasil.com.br\/es\/wp-json\/wp\/v2\/posts\/132247\/revisions"}],"predecessor-version":[{"id":132252,"href":"https:\/\/www.fitnessbrasil.com.br\/es\/wp-json\/wp\/v2\/posts\/132247\/revisions\/132252"}],"wp:featuredmedia":[{"embeddable":true,"href":"https:\/\/www.fitnessbrasil.com.br\/es\/wp-json\/wp\/v2\/media\/132250"}],"wp:attachment":[{"href":"https:\/\/www.fitnessbrasil.com.br\/es\/wp-json\/wp\/v2\/media?parent=132247"}],"wp:term":[{"taxonomy":"category","embeddable":true,"href":"https:\/\/www.fitnessbrasil.com.br\/es\/wp-json\/wp\/v2\/categories?post=132247"},{"taxonomy":"post_tag","embeddable":true,"href":"https:\/\/www.fitnessbrasil.com.br\/es\/wp-json\/wp\/v2\/tags?post=132247"},{"taxonomy":"post_folder","embeddable":true,"href":"https:\/\/www.fitnessbrasil.com.br\/es\/wp-json\/wp\/v2\/post_folder?post=132247"}],"curies":[{"name":"wp","href":"https:\/\/api.w.org\/{rel}","templated":true}]}}