{"id":133065,"date":"2026-04-27T11:05:57","date_gmt":"2026-04-27T14:05:57","guid":{"rendered":"https:\/\/www.fitnessbrasil.com.br\/?p=133065"},"modified":"2026-04-27T11:09:06","modified_gmt":"2026-04-27T14:09:06","slug":"virginia-fonseca-entra-no-mercado-fitness-e-lanca-academia-com-ciclo-de-mensalidade-de-37-dias-para-mulheres","status":"publish","type":"post","link":"https:\/\/www.fitnessbrasil.com.br\/es\/newsfitbr\/virginia-fonseca-entra-no-mercado-fitness-e-lanca-academia-com-ciclo-de-mensalidade-de-37-dias-para-mulheres\/","title":{"rendered":"Virg\u00ednia Fonseca entra no mercado fitness e lan\u00e7a academia com ciclo de mensalidade de 37 dias para mulheres"},"content":{"rendered":"<p><em>Com investimento de R$ 5 milh\u00f5es, foco no p\u00fablico feminino e planos de expans\u00e3o internacional, a influenciadora e empres\u00e1ria aposta no fitness como pr\u00f3ximo cap\u00edtulo do seu ecossistema de marcas<\/em><\/p>\n\n\n\n<p>Por Reda\u00e7\u00e3o FitBR News<br>27\/4\/2026<\/p>\n\n\n\n<p>Virg\u00ednia Fonseca acaba de dar mais um passo na constru\u00e7\u00e3o do seu imp\u00e9rio empresarial. A influenciadora e fundadora da WePink anunciou a abertura da primeira unidade da WeGym, sua nova rede de academias, em Goi\u00e2nia (GO). <strong>Com investimento estimado em R$ 5 milh\u00f5es e proposta voltada ao p\u00fablico feminino<\/strong>, o projeto marca mais um cap\u00edtulo na diversifica\u00e7\u00e3o dos neg\u00f3cios da jovem de 27 anos. O movimento coloca em debate uma quest\u00e3o relevante para o setor: o que significa, para o mercado fitness, a entrada de marcas constru\u00eddas sobre audi\u00eancia digital?<\/p>\n\n\n\n<h4 class=\"wp-block-heading\"><strong>Quem \u00e9 Virg\u00ednia Fonseca no mundo dos neg\u00f3cios<\/strong><\/h4>\n\n\n\n<p>Virg\u00ednia Pimenta da Fonseca Serr\u00e3o nasceu em Connecticut, nos Estados Unidos, em 1999, e se consolidou como uma das maiores personalidades da internet brasileira antes de se tornar um fen\u00f4meno no mundo dos neg\u00f3cios. Sua jornada come\u00e7ou em 2016 no YouTube, onde rapidamente conquistou uma legi\u00e3o de f\u00e3s ao compartilhar seu cotidiano e carisma.<\/p>\n\n\n\n<p><a href=\"https:\/\/www.fitnessbrasil.com.br\/es\/fitness-brasil-expo-2026\/\"><strong>+ Fitness Brasil Expo: o maior evento de fitness, sa\u00fade e bem-estar da Am\u00e9rica Latina<\/strong><\/a><br><a href=\"https:\/\/www.instagram.com\/fitnessbrasil_oficial\/\"><strong>+ Siga a Fitness Brasil no Instagram<\/strong><\/a><br><a href=\"https:\/\/www.whatsapp.com\/channel\/0029VarCqD5InlqU52KNAv3J\"><strong>+ Fa\u00e7a parte do nosso Canal no WhatsApp<\/strong><\/a><\/p>\n\n\n\n<p>Em 2021, Virg\u00ednia deu um passo decisivo ao cofundar a WePink, uma marca de cosm\u00e9ticos que j\u00e1 nasceu com uma base de clientes fiel e engajada. No primeiro m\u00eas de opera\u00e7\u00e3o, com apenas um produto dispon\u00edvel, a empresa faturou R$ 10 milh\u00f5es. A WeGym \u00e9 o pr\u00f3ximo cap\u00edtulo desse ecossistema de marcas e o primeiro dentro do setor fitness.<\/p>\n\n\n\n<h4 class=\"wp-block-heading\"><strong>A WeGym: estrutura, localiza\u00e7\u00e3o e proposta<\/strong><\/h4>\n\n\n\n<p><strong>A primeira unidade da WeGym est\u00e1 sendo constru\u00edda em Goi\u00e2nia (GO), em localiza\u00e7\u00e3o estrat\u00e9gica pr\u00f3xima ao Shopping Flamboyant. O projeto \u00e9 assinado pelo arquiteto Lucas Adriel, da La Arquitetura e Design, e prev\u00ea uma estrutura moderna, ampla e conceitual distribu\u00edda em dois andares.<\/strong><\/p>\n\n\n\n<figure class=\"wp-block-image size-full\"><a href=\"https:\/\/www.fitnessbrasil.com.br\/wp-content\/uploads\/2026\/04\/Virginia-Fonseca-WeGym.jpeg\"><img decoding=\"async\" width=\"984\" height=\"616\" data-src=\"https:\/\/www.fitnessbrasil.com.br\/wp-content\/uploads\/2026\/04\/Virginia-Fonseca-WeGym.jpeg\" alt=\"\" class=\"wp-image-133066 lazyload\" data-srcset=\"https:\/\/www.fitnessbrasil.com.br\/wp-content\/uploads\/2026\/04\/Virginia-Fonseca-WeGym.jpeg 984w, https:\/\/www.fitnessbrasil.com.br\/wp-content\/uploads\/2026\/04\/Virginia-Fonseca-WeGym-639x400.jpeg 639w, https:\/\/www.fitnessbrasil.com.br\/wp-content\/uploads\/2026\/04\/Virginia-Fonseca-WeGym-768x481.jpeg 768w, https:\/\/www.fitnessbrasil.com.br\/wp-content\/uploads\/2026\/04\/Virginia-Fonseca-WeGym-18x12.jpeg 18w, https:\/\/www.fitnessbrasil.com.br\/wp-content\/uploads\/2026\/04\/Virginia-Fonseca-WeGym-510x319.jpeg 510w\" data-sizes=\"(max-width: 984px) 100vw, 984px\" src=\"data:image\/svg+xml;base64,PHN2ZyB3aWR0aD0iMSIgaGVpZ2h0PSIxIiB4bWxucz0iaHR0cDovL3d3dy53My5vcmcvMjAwMC9zdmciPjwvc3ZnPg==\" style=\"--smush-placeholder-width: 984px; --smush-placeholder-aspect-ratio: 984\/616;\" \/><\/a><figcaption class=\"wp-element-caption\">Foto: Divulga\u00e7\u00e3o\/Reprodu\u00e7\u00e3o<\/figcaption><\/figure>\n\n\n\n<p>A academia contar\u00e1 com 650 equipamentos modernos, espa\u00e7os para spinning, dan\u00e7a e crossfit, al\u00e9m de um spa com servi\u00e7os de depila\u00e7\u00e3o a laser e 250 vagas de estacionamento. <strong>A inaugura\u00e7\u00e3o oficial est\u00e1 prevista para novembro de 2026.<\/strong><\/p>\n\n\n\n<h4 class=\"wp-block-heading\"><strong>O diferencial que viralizou: mensalidade de 37 dias<\/strong><\/h4>\n\n\n\n<p><strong>O elemento que mais repercutiu no an\u00fancio da WeGym foi a proposta de uma mensalidade com dura\u00e7\u00e3o de 37 dias para o p\u00fablico feminino. <\/strong>A ideia foi inspirada em academias da China e considera que muitas clientes deixam de frequentar academias durante o per\u00edodo menstrual.<\/p>\n\n\n\n<p>A proposta surge como uma tentativa de reposicionar a experi\u00eancia dentro da academia, indo al\u00e9m do treino em si, reconhecendo que fatores fisiol\u00f3gicos e emocionais impactam diretamente a frequ\u00eancia das alunas. Para o mercado fitness, o ponto mais relevante n\u00e3o \u00e9 apenas a iniciativa em si, mas o que ela sinaliza: a crescente demanda por academias que reconhe\u00e7am as particularidades do corpo feminino na constru\u00e7\u00e3o do produto e do modelo comercial.<\/p>\n\n\n\n<h4 class=\"wp-block-heading\"><strong>Outros diferenciais voltados ao p\u00fablico feminino<\/strong><\/h4>\n\n\n\n<p>A WeGym aposta tamb\u00e9m em uma sala exclusiva de gl\u00fateos para mulheres, criada para oferecer privacidade em exerc\u00edcios que muitas alunas evitam em ambientes mistos.<\/p>\n\n\n\n<p>O posicionamento premium tamb\u00e9m \u00e9 uma marca da WeGym. Os valores oficiais das mensalidades ainda n\u00e3o foram divulgados, mas a expectativa do mercado \u00e9 de que os pre\u00e7os acompanhem o padr\u00e3o de luxo do estabelecimento. Na capital goiana, academias com estrutura e servi\u00e7os similares costumam cobrar mensalidades que ultrapassam os R$ 3 mil.<\/p>\n\n\n\n<h4 class=\"wp-block-heading\"><strong>Expans\u00e3o: franquia, Dubai e mercado internacional<\/strong><\/h4>\n\n\n\n<p>Virg\u00ednia trabalha no projeto h\u00e1 mais de um ano e pretende expandir a marca para o mercado internacional, citando Dubai como um destino futuro. O modelo de franquia sugere uma estrat\u00e9gia ambiciosa: diferentemente de abrir uma \u00fanica academia, o plano \u00e9 criar uma marca replic\u00e1vel, que ofere\u00e7a aos investidores a oportunidade de integrar uma rede com forte apelo comercial.<\/p>\n\n\n\n<p>A escolha do modelo de franquia n\u00e3o \u00e9 aleat\u00f3ria. A WePink j\u00e1 percorreu esse caminho com sucesso no setor de cosm\u00e9ticos, hoje conta com mais de 240 opera\u00e7\u00f5es no Brasil e uma na Fl\u00f3rida, nos Estados Unidos, e a l\u00f3gica deve se repetir com a WeGym, aproveitando a capilaridade e o engajamento j\u00e1 constru\u00eddos pela marca pessoal de Virg\u00ednia Fonseca.<\/p>\n\n\n\n<h4 class=\"wp-block-heading\"><strong>O que o mercado fitness pode aprender com esse movimento<\/strong><\/h4>\n\n\n\n<p>A entrada de Virg\u00ednia Fonseca no fitness n\u00e3o \u00e9 apenas uma not\u00edcia de celebridade abrindo neg\u00f3cio. \u00c9 um sinal do momento pelo qual passa o setor. O p\u00fablico feminino representa uma das maiores oportunidades de crescimento para academias e est\u00fadios no Brasil e ainda \u00e9, em grande parte, mal atendido em suas especificidades.<\/p>\n\n\n\n<p>Ao construir uma academia que parte das necessidades reais das mulheres \u2014 ciclo menstrual, conforto nos exerc\u00edcios, ambiente acolhedor \u2014 a WeGym faz um movimento que vai al\u00e9m do marketing. Ela antecipa uma demanda que o <a href=\"https:\/\/www.fitnessbrasil.com.br\/es\/panorama-setorial-2025-4a-edicao\/\"><strong>Panorama del sector del fitness en Brasil<\/strong> <\/a>j\u00e1 identificou: o p\u00fablico feminino quer mais do que infraestrutura. Quer pertencimento, personaliza\u00e7\u00e3o e um espa\u00e7o que reconhe\u00e7a sua realidade.<\/p>\n\n\n\n<p>O desafio, como o <a href=\"https:\/\/www.fitnessbrasil.com.br\/es\/newsfitbr\/academias-da-nike-fecham-nos-eua-o-que-isso-nos-ensina-sobre-gestao-no-mercado-fitness\/\"><strong>caso das academias da Nike<\/strong><\/a> demonstrou recentemente, \u00e9 que for\u00e7a de marca n\u00e3o substitui excel\u00eancia operacional. Gerir uma academia exige recorr\u00eancia, cultura interna e comunidade local constru\u00edda uma aula de cada vez, algo que nenhum n\u00famero de seguidores garante sozinho. Mas a proposta \u00e9 s\u00f3lida, o investimento \u00e9 real e o nicho \u00e9 estrat\u00e9gico. O mercado vai acompanhar de perto.<\/p>","protected":false},"excerpt":{"rendered":"<p>Com investimento de R$ 5 milh\u00f5es, foco no p\u00fablico feminino e planos de expans\u00e3o internacional, a influenciadora e empres\u00e1ria aposta no fitness como pr\u00f3ximo cap\u00edtulo do seu ecossistema de marcas.<\/p>","protected":false},"author":294,"featured_media":133066,"comment_status":"closed","ping_status":"open","sticky":false,"template":"","format":"standard","meta":{"_acf_changed":false,"footnotes":""},"categories":[66,430,1,70],"tags":[],"post_folder":[],"class_list":["post-133065","post","type-post","status-publish","format-standard","has-post-thumbnail","hentry","category-academias","category-destaques","category-gestao-e-negocios","category-noticias"],"acf":[],"yoast_head":"<!-- This site is optimized with the Yoast SEO plugin v27.4 - https:\/\/yoast.com\/product\/yoast-seo-wordpress\/ -->\n<title>Virg\u00ednia Fonseca entra no mercado fitness e lan\u00e7a academia com ciclo de mensalidade de 37 dias para mulheres - Fitness Brasil<\/title>\n<meta name=\"description\" content=\"Com investimento de R$ 5 milh\u00f5es, foco no p\u00fablico feminino e planos de expans\u00e3o internacional, Virg\u00ednia Fonseca aposta no fitness para seu portf\u00f3\" \/>\n<meta name=\"robots\" content=\"index, follow, max-snippet:-1, max-image-preview:large, max-video-preview:-1\" \/>\n<link rel=\"canonical\" href=\"https:\/\/www.fitnessbrasil.com.br\/es\/newsfitbr\/virginia-fonseca-entra-no-mercado-fitness-e-lanca-academia-com-ciclo-de-mensalidade-de-37-dias-para-mulheres\/\" \/>\n<meta property=\"og:locale\" content=\"es_ES\" \/>\n<meta property=\"og:type\" content=\"article\" \/>\n<meta property=\"og:title\" content=\"Virg\u00ednia Fonseca entra no mercado fitness e lan\u00e7a academia com ciclo de mensalidade de 37 dias para mulheres - Fitness Brasil\" \/>\n<meta property=\"og:description\" content=\"Com investimento de R$ 5 milh\u00f5es, foco no p\u00fablico feminino e planos de expans\u00e3o internacional, Virg\u00ednia Fonseca aposta no fitness para seu portf\u00f3\" \/>\n<meta property=\"og:url\" content=\"https:\/\/www.fitnessbrasil.com.br\/es\/newsfitbr\/virginia-fonseca-entra-no-mercado-fitness-e-lanca-academia-com-ciclo-de-mensalidade-de-37-dias-para-mulheres\/\" \/>\n<meta property=\"og:site_name\" content=\"Fitness Brasil\" \/>\n<meta property=\"article:published_time\" content=\"2026-04-27T14:05:57+00:00\" \/>\n<meta property=\"article:modified_time\" content=\"2026-04-27T14:09:06+00:00\" \/>\n<meta property=\"og:image\" content=\"https:\/\/www.fitnessbrasil.com.br\/wp-content\/uploads\/2026\/04\/Virginia-Fonseca-WeGym.jpeg\" \/>\n\t<meta property=\"og:image:width\" content=\"984\" \/>\n\t<meta property=\"og:image:height\" content=\"616\" \/>\n\t<meta property=\"og:image:type\" content=\"image\/jpeg\" \/>\n<meta name=\"author\" content=\"Edinei Knop\" \/>\n<meta name=\"twitter:card\" content=\"summary_large_image\" \/>\n<meta name=\"twitter:label1\" content=\"Escrito por\" \/>\n\t<meta name=\"twitter:data1\" content=\"Edinei Knop\" \/>\n\t<meta name=\"twitter:label2\" content=\"Tiempo de lectura\" \/>\n\t<meta name=\"twitter:data2\" content=\"6 minutos\" \/>\n<script type=\"application\/ld+json\" class=\"yoast-schema-graph\">{\"@context\":\"https:\\\/\\\/schema.org\",\"@graph\":[{\"@type\":\"Article\",\"@id\":\"https:\\\/\\\/www.fitnessbrasil.com.br\\\/newsfitbr\\\/virginia-fonseca-entra-no-mercado-fitness-e-lanca-academia-com-ciclo-de-mensalidade-de-37-dias-para-mulheres\\\/#article\",\"isPartOf\":{\"@id\":\"https:\\\/\\\/www.fitnessbrasil.com.br\\\/newsfitbr\\\/virginia-fonseca-entra-no-mercado-fitness-e-lanca-academia-com-ciclo-de-mensalidade-de-37-dias-para-mulheres\\\/\"},\"author\":{\"name\":\"Edinei Knop\",\"@id\":\"https:\\\/\\\/www.fitnessbrasil.com.br\\\/#\\\/schema\\\/person\\\/4f73561462d83d8be85158d6716b42ba\"},\"headline\":\"Virg\u00ednia Fonseca entra no mercado fitness e lan\u00e7a academia com ciclo de mensalidade de 37 dias para mulheres\",\"datePublished\":\"2026-04-27T14:05:57+00:00\",\"dateModified\":\"2026-04-27T14:09:06+00:00\",\"mainEntityOfPage\":{\"@id\":\"https:\\\/\\\/www.fitnessbrasil.com.br\\\/newsfitbr\\\/virginia-fonseca-entra-no-mercado-fitness-e-lanca-academia-com-ciclo-de-mensalidade-de-37-dias-para-mulheres\\\/\"},\"wordCount\":976,\"publisher\":{\"@id\":\"https:\\\/\\\/www.fitnessbrasil.com.br\\\/#organization\"},\"image\":{\"@id\":\"https:\\\/\\\/www.fitnessbrasil.com.br\\\/newsfitbr\\\/virginia-fonseca-entra-no-mercado-fitness-e-lanca-academia-com-ciclo-de-mensalidade-de-37-dias-para-mulheres\\\/#primaryimage\"},\"thumbnailUrl\":\"https:\\\/\\\/www.fitnessbrasil.com.br\\\/wp-content\\\/uploads\\\/2026\\\/04\\\/Virginia-Fonseca-WeGym.jpeg\",\"articleSection\":[\"Academias\",\"Destaques\",\"Gest\u00e3o e neg\u00f3cios\",\"Not\u00edcias\"],\"inLanguage\":\"es\"},{\"@type\":\"WebPage\",\"@id\":\"https:\\\/\\\/www.fitnessbrasil.com.br\\\/newsfitbr\\\/virginia-fonseca-entra-no-mercado-fitness-e-lanca-academia-com-ciclo-de-mensalidade-de-37-dias-para-mulheres\\\/\",\"url\":\"https:\\\/\\\/www.fitnessbrasil.com.br\\\/newsfitbr\\\/virginia-fonseca-entra-no-mercado-fitness-e-lanca-academia-com-ciclo-de-mensalidade-de-37-dias-para-mulheres\\\/\",\"name\":\"Virg\u00ednia Fonseca entra no mercado fitness e lan\u00e7a academia com ciclo de mensalidade de 37 dias para mulheres - Fitness Brasil\",\"isPartOf\":{\"@id\":\"https:\\\/\\\/www.fitnessbrasil.com.br\\\/#website\"},\"primaryImageOfPage\":{\"@id\":\"https:\\\/\\\/www.fitnessbrasil.com.br\\\/newsfitbr\\\/virginia-fonseca-entra-no-mercado-fitness-e-lanca-academia-com-ciclo-de-mensalidade-de-37-dias-para-mulheres\\\/#primaryimage\"},\"image\":{\"@id\":\"https:\\\/\\\/www.fitnessbrasil.com.br\\\/newsfitbr\\\/virginia-fonseca-entra-no-mercado-fitness-e-lanca-academia-com-ciclo-de-mensalidade-de-37-dias-para-mulheres\\\/#primaryimage\"},\"thumbnailUrl\":\"https:\\\/\\\/www.fitnessbrasil.com.br\\\/wp-content\\\/uploads\\\/2026\\\/04\\\/Virginia-Fonseca-WeGym.jpeg\",\"datePublished\":\"2026-04-27T14:05:57+00:00\",\"dateModified\":\"2026-04-27T14:09:06+00:00\",\"description\":\"Com investimento de R$ 5 milh\u00f5es, foco no p\u00fablico feminino e planos de expans\u00e3o internacional, Virg\u00ednia Fonseca aposta no fitness para seu portf\u00f3lio de marcas\",\"breadcrumb\":{\"@id\":\"https:\\\/\\\/www.fitnessbrasil.com.br\\\/newsfitbr\\\/virginia-fonseca-entra-no-mercado-fitness-e-lanca-academia-com-ciclo-de-mensalidade-de-37-dias-para-mulheres\\\/#breadcrumb\"},\"inLanguage\":\"es\",\"potentialAction\":[{\"@type\":\"ReadAction\",\"target\":[\"https:\\\/\\\/www.fitnessbrasil.com.br\\\/newsfitbr\\\/virginia-fonseca-entra-no-mercado-fitness-e-lanca-academia-com-ciclo-de-mensalidade-de-37-dias-para-mulheres\\\/\"]}]},{\"@type\":\"ImageObject\",\"inLanguage\":\"es\",\"@id\":\"https:\\\/\\\/www.fitnessbrasil.com.br\\\/newsfitbr\\\/virginia-fonseca-entra-no-mercado-fitness-e-lanca-academia-com-ciclo-de-mensalidade-de-37-dias-para-mulheres\\\/#primaryimage\",\"url\":\"https:\\\/\\\/www.fitnessbrasil.com.br\\\/wp-content\\\/uploads\\\/2026\\\/04\\\/Virginia-Fonseca-WeGym.jpeg\",\"contentUrl\":\"https:\\\/\\\/www.fitnessbrasil.com.br\\\/wp-content\\\/uploads\\\/2026\\\/04\\\/Virginia-Fonseca-WeGym.jpeg\",\"width\":984,\"height\":616},{\"@type\":\"BreadcrumbList\",\"@id\":\"https:\\\/\\\/www.fitnessbrasil.com.br\\\/newsfitbr\\\/virginia-fonseca-entra-no-mercado-fitness-e-lanca-academia-com-ciclo-de-mensalidade-de-37-dias-para-mulheres\\\/#breadcrumb\",\"itemListElement\":[{\"@type\":\"ListItem\",\"position\":1,\"name\":\"In\u00edcio\",\"item\":\"https:\\\/\\\/www.fitnessbrasil.com.br\\\/\"},{\"@type\":\"ListItem\",\"position\":2,\"name\":\"Virg\u00ednia Fonseca entra no mercado fitness e lan\u00e7a academia com ciclo de mensalidade de 37 dias para mulheres\"}]},{\"@type\":\"WebSite\",\"@id\":\"https:\\\/\\\/www.fitnessbrasil.com.br\\\/#website\",\"url\":\"https:\\\/\\\/www.fitnessbrasil.com.br\\\/\",\"name\":\"Fitness Brasil\",\"description\":\"\",\"publisher\":{\"@id\":\"https:\\\/\\\/www.fitnessbrasil.com.br\\\/#organization\"},\"potentialAction\":[{\"@type\":\"SearchAction\",\"target\":{\"@type\":\"EntryPoint\",\"urlTemplate\":\"https:\\\/\\\/www.fitnessbrasil.com.br\\\/?s={search_term_string}\"},\"query-input\":{\"@type\":\"PropertyValueSpecification\",\"valueRequired\":true,\"valueName\":\"search_term_string\"}}],\"inLanguage\":\"es\"},{\"@type\":\"Organization\",\"@id\":\"https:\\\/\\\/www.fitnessbrasil.com.br\\\/#organization\",\"name\":\"Fitness Brasil\",\"url\":\"https:\\\/\\\/www.fitnessbrasil.com.br\\\/\",\"logo\":{\"@type\":\"ImageObject\",\"inLanguage\":\"es\",\"@id\":\"https:\\\/\\\/www.fitnessbrasil.com.br\\\/#\\\/schema\\\/logo\\\/image\\\/\",\"url\":\"https:\\\/\\\/www.fitnessbrasil.com.br\\\/wp-content\\\/uploads\\\/2022\\\/01\\\/Logo-Fitness-Brasil_preto-e-cor.png\",\"contentUrl\":\"https:\\\/\\\/www.fitnessbrasil.com.br\\\/wp-content\\\/uploads\\\/2022\\\/01\\\/Logo-Fitness-Brasil_preto-e-cor.png\",\"width\":593,\"height\":316,\"caption\":\"Fitness Brasil\"},\"image\":{\"@id\":\"https:\\\/\\\/www.fitnessbrasil.com.br\\\/#\\\/schema\\\/logo\\\/image\\\/\"}},{\"@type\":\"Person\",\"@id\":\"https:\\\/\\\/www.fitnessbrasil.com.br\\\/#\\\/schema\\\/person\\\/4f73561462d83d8be85158d6716b42ba\",\"name\":\"Edinei Knop\",\"image\":{\"@type\":\"ImageObject\",\"inLanguage\":\"es\",\"@id\":\"https:\\\/\\\/www.fitnessbrasil.com.br\\\/wp-content\\\/uploads\\\/2026\\\/03\\\/avatar_user_294_1773777337-96x96.jpeg?d=https:\\\/\\\/www.fitnessbrasil.com.br\\\/wp-content\\\/plugins\\\/userswp\\\/assets\\\/images\\\/no_profile.png\",\"url\":\"https:\\\/\\\/www.fitnessbrasil.com.br\\\/wp-content\\\/uploads\\\/2026\\\/03\\\/avatar_user_294_1773777337-96x96.jpeg?d=https:\\\/\\\/www.fitnessbrasil.com.br\\\/wp-content\\\/plugins\\\/userswp\\\/assets\\\/images\\\/no_profile.png\",\"contentUrl\":\"https:\\\/\\\/www.fitnessbrasil.com.br\\\/wp-content\\\/uploads\\\/2026\\\/03\\\/avatar_user_294_1773777337-96x96.jpeg?d=https:\\\/\\\/www.fitnessbrasil.com.br\\\/wp-content\\\/plugins\\\/userswp\\\/assets\\\/images\\\/no_profile.png\",\"caption\":\"Edinei Knop\"},\"url\":\"https:\\\/\\\/www.fitnessbrasil.com.br\\\/es\\\/profile\\\/edineiknop\\\/\"}]}<\/script>\n<!-- \/ Yoast SEO plugin. -->","yoast_head_json":{"title":"Virg\u00ednia Fonseca entra no mercado fitness e lan\u00e7a academia com ciclo de mensalidade de 37 dias para mulheres - Fitness Brasil","description":"Com investimento de R$ 5 milh\u00f5es, foco no p\u00fablico feminino e planos de expans\u00e3o internacional, Virg\u00ednia Fonseca aposta no fitness para seu portf\u00f3","robots":{"index":"index","follow":"follow","max-snippet":"max-snippet:-1","max-image-preview":"max-image-preview:large","max-video-preview":"max-video-preview:-1"},"canonical":"https:\/\/www.fitnessbrasil.com.br\/es\/newsfitbr\/virginia-fonseca-entra-no-mercado-fitness-e-lanca-academia-com-ciclo-de-mensalidade-de-37-dias-para-mulheres\/","og_locale":"es_ES","og_type":"article","og_title":"Virg\u00ednia Fonseca entra no mercado fitness e lan\u00e7a academia com ciclo de mensalidade de 37 dias para mulheres - Fitness Brasil","og_description":"Com investimento de R$ 5 milh\u00f5es, foco no p\u00fablico feminino e planos de expans\u00e3o internacional, Virg\u00ednia Fonseca aposta no fitness para seu portf\u00f3","og_url":"https:\/\/www.fitnessbrasil.com.br\/es\/newsfitbr\/virginia-fonseca-entra-no-mercado-fitness-e-lanca-academia-com-ciclo-de-mensalidade-de-37-dias-para-mulheres\/","og_site_name":"Fitness Brasil","article_published_time":"2026-04-27T14:05:57+00:00","article_modified_time":"2026-04-27T14:09:06+00:00","og_image":[{"width":984,"height":616,"url":"https:\/\/www.fitnessbrasil.com.br\/wp-content\/uploads\/2026\/04\/Virginia-Fonseca-WeGym.jpeg","type":"image\/jpeg"}],"author":"Edinei Knop","twitter_card":"summary_large_image","twitter_misc":{"Escrito por":"Edinei Knop","Tiempo de lectura":"6 minutos"},"schema":{"@context":"https:\/\/schema.org","@graph":[{"@type":"Article","@id":"https:\/\/www.fitnessbrasil.com.br\/newsfitbr\/virginia-fonseca-entra-no-mercado-fitness-e-lanca-academia-com-ciclo-de-mensalidade-de-37-dias-para-mulheres\/#article","isPartOf":{"@id":"https:\/\/www.fitnessbrasil.com.br\/newsfitbr\/virginia-fonseca-entra-no-mercado-fitness-e-lanca-academia-com-ciclo-de-mensalidade-de-37-dias-para-mulheres\/"},"author":{"name":"Edinei Knop","@id":"https:\/\/www.fitnessbrasil.com.br\/#\/schema\/person\/4f73561462d83d8be85158d6716b42ba"},"headline":"Virg\u00ednia Fonseca entra no mercado fitness e lan\u00e7a academia com ciclo de mensalidade de 37 dias para mulheres","datePublished":"2026-04-27T14:05:57+00:00","dateModified":"2026-04-27T14:09:06+00:00","mainEntityOfPage":{"@id":"https:\/\/www.fitnessbrasil.com.br\/newsfitbr\/virginia-fonseca-entra-no-mercado-fitness-e-lanca-academia-com-ciclo-de-mensalidade-de-37-dias-para-mulheres\/"},"wordCount":976,"publisher":{"@id":"https:\/\/www.fitnessbrasil.com.br\/#organization"},"image":{"@id":"https:\/\/www.fitnessbrasil.com.br\/newsfitbr\/virginia-fonseca-entra-no-mercado-fitness-e-lanca-academia-com-ciclo-de-mensalidade-de-37-dias-para-mulheres\/#primaryimage"},"thumbnailUrl":"https:\/\/www.fitnessbrasil.com.br\/wp-content\/uploads\/2026\/04\/Virginia-Fonseca-WeGym.jpeg","articleSection":["Academias","Destaques","Gest\u00e3o e neg\u00f3cios","Not\u00edcias"],"inLanguage":"es"},{"@type":"WebPage","@id":"https:\/\/www.fitnessbrasil.com.br\/newsfitbr\/virginia-fonseca-entra-no-mercado-fitness-e-lanca-academia-com-ciclo-de-mensalidade-de-37-dias-para-mulheres\/","url":"https:\/\/www.fitnessbrasil.com.br\/newsfitbr\/virginia-fonseca-entra-no-mercado-fitness-e-lanca-academia-com-ciclo-de-mensalidade-de-37-dias-para-mulheres\/","name":"Virg\u00ednia Fonseca entra no mercado fitness e lan\u00e7a academia com ciclo de mensalidade de 37 dias para mulheres - Fitness Brasil","isPartOf":{"@id":"https:\/\/www.fitnessbrasil.com.br\/#website"},"primaryImageOfPage":{"@id":"https:\/\/www.fitnessbrasil.com.br\/newsfitbr\/virginia-fonseca-entra-no-mercado-fitness-e-lanca-academia-com-ciclo-de-mensalidade-de-37-dias-para-mulheres\/#primaryimage"},"image":{"@id":"https:\/\/www.fitnessbrasil.com.br\/newsfitbr\/virginia-fonseca-entra-no-mercado-fitness-e-lanca-academia-com-ciclo-de-mensalidade-de-37-dias-para-mulheres\/#primaryimage"},"thumbnailUrl":"https:\/\/www.fitnessbrasil.com.br\/wp-content\/uploads\/2026\/04\/Virginia-Fonseca-WeGym.jpeg","datePublished":"2026-04-27T14:05:57+00:00","dateModified":"2026-04-27T14:09:06+00:00","description":"Com investimento de R$ 5 milh\u00f5es, foco no p\u00fablico feminino e planos de expans\u00e3o internacional, Virg\u00ednia Fonseca aposta no fitness para seu portf\u00f3lio de marcas","breadcrumb":{"@id":"https:\/\/www.fitnessbrasil.com.br\/newsfitbr\/virginia-fonseca-entra-no-mercado-fitness-e-lanca-academia-com-ciclo-de-mensalidade-de-37-dias-para-mulheres\/#breadcrumb"},"inLanguage":"es","potentialAction":[{"@type":"ReadAction","target":["https:\/\/www.fitnessbrasil.com.br\/newsfitbr\/virginia-fonseca-entra-no-mercado-fitness-e-lanca-academia-com-ciclo-de-mensalidade-de-37-dias-para-mulheres\/"]}]},{"@type":"ImageObject","inLanguage":"es","@id":"https:\/\/www.fitnessbrasil.com.br\/newsfitbr\/virginia-fonseca-entra-no-mercado-fitness-e-lanca-academia-com-ciclo-de-mensalidade-de-37-dias-para-mulheres\/#primaryimage","url":"https:\/\/www.fitnessbrasil.com.br\/wp-content\/uploads\/2026\/04\/Virginia-Fonseca-WeGym.jpeg","contentUrl":"https:\/\/www.fitnessbrasil.com.br\/wp-content\/uploads\/2026\/04\/Virginia-Fonseca-WeGym.jpeg","width":984,"height":616},{"@type":"BreadcrumbList","@id":"https:\/\/www.fitnessbrasil.com.br\/newsfitbr\/virginia-fonseca-entra-no-mercado-fitness-e-lanca-academia-com-ciclo-de-mensalidade-de-37-dias-para-mulheres\/#breadcrumb","itemListElement":[{"@type":"ListItem","position":1,"name":"In\u00edcio","item":"https:\/\/www.fitnessbrasil.com.br\/"},{"@type":"ListItem","position":2,"name":"Virg\u00ednia Fonseca entra no mercado fitness e lan\u00e7a academia com ciclo de mensalidade de 37 dias para mulheres"}]},{"@type":"WebSite","@id":"https:\/\/www.fitnessbrasil.com.br\/#website","url":"https:\/\/www.fitnessbrasil.com.br\/","name":"Fitness Brasil","description":"","publisher":{"@id":"https:\/\/www.fitnessbrasil.com.br\/#organization"},"potentialAction":[{"@type":"SearchAction","target":{"@type":"EntryPoint","urlTemplate":"https:\/\/www.fitnessbrasil.com.br\/?s={search_term_string}"},"query-input":{"@type":"PropertyValueSpecification","valueRequired":true,"valueName":"search_term_string"}}],"inLanguage":"es"},{"@type":"Organization","@id":"https:\/\/www.fitnessbrasil.com.br\/#organization","name":"Fitness Brasil","url":"https:\/\/www.fitnessbrasil.com.br\/","logo":{"@type":"ImageObject","inLanguage":"es","@id":"https:\/\/www.fitnessbrasil.com.br\/#\/schema\/logo\/image\/","url":"https:\/\/www.fitnessbrasil.com.br\/wp-content\/uploads\/2022\/01\/Logo-Fitness-Brasil_preto-e-cor.png","contentUrl":"https:\/\/www.fitnessbrasil.com.br\/wp-content\/uploads\/2022\/01\/Logo-Fitness-Brasil_preto-e-cor.png","width":593,"height":316,"caption":"Fitness Brasil"},"image":{"@id":"https:\/\/www.fitnessbrasil.com.br\/#\/schema\/logo\/image\/"}},{"@type":"Person","@id":"https:\/\/www.fitnessbrasil.com.br\/#\/schema\/person\/4f73561462d83d8be85158d6716b42ba","name":"Edinei Knop","image":{"@type":"ImageObject","inLanguage":"es","@id":"https:\/\/www.fitnessbrasil.com.br\/wp-content\/uploads\/2026\/03\/avatar_user_294_1773777337-96x96.jpeg?d=https:\/\/www.fitnessbrasil.com.br\/wp-content\/plugins\/userswp\/assets\/images\/no_profile.png","url":"https:\/\/www.fitnessbrasil.com.br\/wp-content\/uploads\/2026\/03\/avatar_user_294_1773777337-96x96.jpeg?d=https:\/\/www.fitnessbrasil.com.br\/wp-content\/plugins\/userswp\/assets\/images\/no_profile.png","contentUrl":"https:\/\/www.fitnessbrasil.com.br\/wp-content\/uploads\/2026\/03\/avatar_user_294_1773777337-96x96.jpeg?d=https:\/\/www.fitnessbrasil.com.br\/wp-content\/plugins\/userswp\/assets\/images\/no_profile.png","caption":"Edinei Knop"},"url":"https:\/\/www.fitnessbrasil.com.br\/es\/profile\/edineiknop\/"}]}},"_links":{"self":[{"href":"https:\/\/www.fitnessbrasil.com.br\/es\/wp-json\/wp\/v2\/posts\/133065","targetHints":{"allow":["GET"]}}],"collection":[{"href":"https:\/\/www.fitnessbrasil.com.br\/es\/wp-json\/wp\/v2\/posts"}],"about":[{"href":"https:\/\/www.fitnessbrasil.com.br\/es\/wp-json\/wp\/v2\/types\/post"}],"author":[{"embeddable":true,"href":"https:\/\/www.fitnessbrasil.com.br\/es\/wp-json\/wp\/v2\/users\/294"}],"replies":[{"embeddable":true,"href":"https:\/\/www.fitnessbrasil.com.br\/es\/wp-json\/wp\/v2\/comments?post=133065"}],"version-history":[{"count":2,"href":"https:\/\/www.fitnessbrasil.com.br\/es\/wp-json\/wp\/v2\/posts\/133065\/revisions"}],"predecessor-version":[{"id":133068,"href":"https:\/\/www.fitnessbrasil.com.br\/es\/wp-json\/wp\/v2\/posts\/133065\/revisions\/133068"}],"wp:featuredmedia":[{"embeddable":true,"href":"https:\/\/www.fitnessbrasil.com.br\/es\/wp-json\/wp\/v2\/media\/133066"}],"wp:attachment":[{"href":"https:\/\/www.fitnessbrasil.com.br\/es\/wp-json\/wp\/v2\/media?parent=133065"}],"wp:term":[{"taxonomy":"category","embeddable":true,"href":"https:\/\/www.fitnessbrasil.com.br\/es\/wp-json\/wp\/v2\/categories?post=133065"},{"taxonomy":"post_tag","embeddable":true,"href":"https:\/\/www.fitnessbrasil.com.br\/es\/wp-json\/wp\/v2\/tags?post=133065"},{"taxonomy":"post_folder","embeddable":true,"href":"https:\/\/www.fitnessbrasil.com.br\/es\/wp-json\/wp\/v2\/post_folder?post=133065"}],"curies":[{"name":"wp","href":"https:\/\/api.w.org\/{rel}","templated":true}]}}