{"id":133087,"date":"2026-04-29T16:58:18","date_gmt":"2026-04-29T19:58:18","guid":{"rendered":"https:\/\/www.fitnessbrasil.com.br\/?p=133087"},"modified":"2026-04-29T17:05:30","modified_gmt":"2026-04-29T20:05:30","slug":"empresas-brasileiras-na-fibo-2026-como-o-brasil-se-posicionou-no-maior-evento-fitness-do-mundo","status":"publish","type":"post","link":"https:\/\/www.fitnessbrasil.com.br\/es\/newsfitbr\/empresas-brasileiras-na-fibo-2026-como-o-brasil-se-posicionou-no-maior-evento-fitness-do-mundo\/","title":{"rendered":"Empresas brasileiras na FIBO 2026: como o Brasil se posicionou no maior evento fitness do mundo"},"content":{"rendered":"<p><em>Marcas nacionais ocuparam espa\u00e7o estrat\u00e9gico na maior feira de fitness do planeta, em Col\u00f4nia, na Alemanha, com lan\u00e7amentos, parcerias internacionais e uma mensagem clara: o produto brasileiro est\u00e1 pronto para competir globalmente<\/em><\/p>\n\n\n\n<p>Por Edinei Knop, da Fitness Brasil<br>29\/4\/2026<\/p>\n\n\n\n<p><strong>A presen\u00e7a de empresas brasileiras na FIBO 2026 foi um dos destaques da edi\u00e7\u00e3o deste ano em Col\u00f4nia, na Alemanha.<\/strong> Realizada entre os dias 16 e 19 de abril, a maior feira de fitness do mundo reuniu mais de 175 mil visitantes de 136 pa\u00edses e o Brasil chegou n\u00e3o apenas como mercado observado, mas como protagonista. ABC EVO, Matrix, Movement, Trendx e Wellhub estiveram entre as marcas nacionais com estandes no evento, cada uma com uma estrat\u00e9gia distinta e um recado em comum: <strong>o fitness brasileiro est\u00e1 competindo em outro n\u00edvel<\/strong>.<\/p>\n\n\n\n<h4 class=\"wp-block-heading\"><strong>Wellhub: a fus\u00e3o com a Urban Sports Club em destaque global<\/strong><\/h4>\n\n\n\n<p>O Wellhub chegou \u00e0 FIBO 2026 com uma novidade de peso para apresentar ao mercado internacional. Guilherme Gabriele, vice-presidente de Parcerias da empresa, descreve o evento como uma plataforma estrat\u00e9gica de conex\u00e3o global. &#8220;A FIBO demonstrou mais uma vez ser um evento verdadeiramente global, proporcionando uma plataforma \u00fanica para nos conectarmos com parceiros atuais e novos <em>prospects<\/em> vindos de mais de 18 pa\u00edses. Ficamos especialmente impressionados com a expressiva delega\u00e7\u00e3o de parceiros brasileiros, o que refor\u00e7a a vitalidade e a fortaleza do nosso mercado nacional no cen\u00e1rio internacional.&#8221;<\/p>\n\n\n\n<p><a href=\"https:\/\/www.fitnessbrasil.com.br\/es\/fitness-brasil-expo-2026\/\"><strong>+ Fitness Brasil Expo: o maior evento de fitness, sa\u00fade e bem-estar da Am\u00e9rica Latina<\/strong><\/a><br><a href=\"https:\/\/www.instagram.com\/fitnessbrasil_oficial\/\"><strong>+ Siga a Fitness Brasil no Instagram<\/strong><\/a><br><a href=\"https:\/\/www.whatsapp.com\/channel\/0029VarCqD5InlqU52KNAv3J\"><strong>+ Fa\u00e7a parte do nosso Canal no WhatsApp<\/strong><\/a><\/p>\n\n\n\n<p><strong>Um dos momentos centrais da participa\u00e7\u00e3o foi a apresenta\u00e7\u00e3o conjunta do Wellhub com a Urban Sports Club, plataforma alem\u00e3 l\u00edder em agregadores de fitness na Europa, adquirida pela empresa em 2025.<\/strong> &#8220;A feira foi o palco ideal para apresentarmos, pela primeira vez, o Wellhub em conjunto com a Urban Sports Club. Essa movimenta\u00e7\u00e3o permite demonstrar de forma clara as oportunidades de sinergia entre as duas marcas para todo o ecossistema&#8221;, explica Guilherme.<\/p>\n\n\n\n<figure class=\"wp-block-image size-large\"><a href=\"https:\/\/www.fitnessbrasil.com.br\/wp-content\/uploads\/2026\/04\/Wellhub-FIBO-20261.png\"><img decoding=\"async\" width=\"1400\" height=\"735\" data-src=\"https:\/\/www.fitnessbrasil.com.br\/wp-content\/uploads\/2026\/04\/Wellhub-FIBO-20261-1400x735.png\" alt=\"\" class=\"wp-image-133117 lazyload\" data-srcset=\"https:\/\/www.fitnessbrasil.com.br\/wp-content\/uploads\/2026\/04\/Wellhub-FIBO-20261-1400x735.png 1400w, https:\/\/www.fitnessbrasil.com.br\/wp-content\/uploads\/2026\/04\/Wellhub-FIBO-20261-762x400.png 762w, https:\/\/www.fitnessbrasil.com.br\/wp-content\/uploads\/2026\/04\/Wellhub-FIBO-20261-768x403.png 768w, https:\/\/www.fitnessbrasil.com.br\/wp-content\/uploads\/2026\/04\/Wellhub-FIBO-20261-1536x806.png 1536w, https:\/\/www.fitnessbrasil.com.br\/wp-content\/uploads\/2026\/04\/Wellhub-FIBO-20261-18x9.png 18w, https:\/\/www.fitnessbrasil.com.br\/wp-content\/uploads\/2026\/04\/Wellhub-FIBO-20261-510x268.png 510w, https:\/\/www.fitnessbrasil.com.br\/wp-content\/uploads\/2026\/04\/Wellhub-FIBO-20261.png 1566w\" data-sizes=\"(max-width: 1400px) 100vw, 1400px\" src=\"data:image\/svg+xml;base64,PHN2ZyB3aWR0aD0iMSIgaGVpZ2h0PSIxIiB4bWxucz0iaHR0cDovL3d3dy53My5vcmcvMjAwMC9zdmciPjwvc3ZnPg==\" style=\"--smush-placeholder-width: 1400px; --smush-placeholder-aspect-ratio: 1400\/735;\" \/><\/a><figcaption class=\"wp-element-caption\">Foto: Reprodu\u00e7\u00e3o\/YouTube Urban Sports Club<\/figcaption><\/figure>\n\n\n\n<figure class=\"wp-block-image size-large\"><a href=\"https:\/\/www.fitnessbrasil.com.br\/wp-content\/uploads\/2026\/04\/Wellhub-FIBO-20262.png\"><img decoding=\"async\" width=\"1301\" height=\"800\" data-src=\"https:\/\/www.fitnessbrasil.com.br\/wp-content\/uploads\/2026\/04\/Wellhub-FIBO-20262-1301x800.png\" alt=\"\" class=\"wp-image-133118 lazyload\" data-srcset=\"https:\/\/www.fitnessbrasil.com.br\/wp-content\/uploads\/2026\/04\/Wellhub-FIBO-20262-1301x800.png 1301w, https:\/\/www.fitnessbrasil.com.br\/wp-content\/uploads\/2026\/04\/Wellhub-FIBO-20262-651x400.png 651w, https:\/\/www.fitnessbrasil.com.br\/wp-content\/uploads\/2026\/04\/Wellhub-FIBO-20262-768x472.png 768w, https:\/\/www.fitnessbrasil.com.br\/wp-content\/uploads\/2026\/04\/Wellhub-FIBO-20262-18x12.png 18w, https:\/\/www.fitnessbrasil.com.br\/wp-content\/uploads\/2026\/04\/Wellhub-FIBO-20262-510x314.png 510w, https:\/\/www.fitnessbrasil.com.br\/wp-content\/uploads\/2026\/04\/Wellhub-FIBO-20262.png 1337w\" data-sizes=\"(max-width: 1301px) 100vw, 1301px\" src=\"data:image\/svg+xml;base64,PHN2ZyB3aWR0aD0iMSIgaGVpZ2h0PSIxIiB4bWxucz0iaHR0cDovL3d3dy53My5vcmcvMjAwMC9zdmciPjwvc3ZnPg==\" style=\"--smush-placeholder-width: 1301px; --smush-placeholder-aspect-ratio: 1301\/800;\" \/><\/a><figcaption class=\"wp-element-caption\">Foto: Reprodu\u00e7\u00e3o\/YouTube Urban Sports Club<\/figcaption><\/figure>\n\n\n\n<p>O executivo destaca ainda o papel da FIBO na acelera\u00e7\u00e3o de discuss\u00f5es sobre expans\u00e3o internacional. &#8220;O evento funcionou como uma imers\u00e3o estrat\u00e9gica para acelerarmos discuss\u00f5es com foco priorit\u00e1rio na Am\u00e9rica Latina, em mercados como Brasil, Argentina e M\u00e9xico.&#8221; Hoje, a plataforma conta com mais de 100 mil parceiros globais, sendo mais de 42 mil apenas no Brasil.<\/p>\n\n\n\n<h4 class=\"wp-block-heading\"><strong>Trendx e Goper: estreia como expositora e tecnologia brasileira no palco global<\/strong><\/h4>\n\n\n\n<p>Para o Grupo Trendx, a FIBO 2026 marcou um momento hist\u00f3rico: <strong>a primeira participa\u00e7\u00e3o como expositora, ap\u00f3s mais de uma d\u00e9cada acompanhando o evento como visitante<\/strong>. Adrienne Freitas, Head de Marketing do grupo, explica a escolha do momento. &#8220;Depois de mais de 10 anos vivenciando o evento como observadores das tend\u00eancias, essa foi a nossa primeira participa\u00e7\u00e3o como expositores, j\u00e1 no lugar de quem antecipa o que o mercado come\u00e7a a buscar. Mais do que apresentar equipamentos, fomos para ocupar um espa\u00e7o estrat\u00e9gico \u2014 o de uma marca que contribui ativamente para a evolu\u00e7\u00e3o do setor.&#8221;<\/p>\n\n\n\n<p>O grande diferencial apresentado pela Goper foi sua tecnologia de reconhecimento facial integrada aos equipamentos de cardio, desenvolvida integralmente no Brasil. Para Adrienne, a FIBO confirmou que essa escolha de constru\u00e7\u00e3o \u00e9 exatamente o que o mercado global est\u00e1 buscando. &#8220;<strong>Quando o equipamento reconhece o usu\u00e1rio, entende seu hist\u00f3rico e adapta o treino em tempo real, a experi\u00eancia deixa de ser gen\u00e9rica e passa a ser individual de verdade<\/strong>. E \u00e9 isso que impacta diretamente reten\u00e7\u00e3o, frequ\u00eancia e resultado.&#8221;<\/p>\n\n\n\n<figure class=\"wp-block-image size-large\"><a href=\"https:\/\/www.fitnessbrasil.com.br\/wp-content\/uploads\/2026\/04\/Goper-FIBO-20263.jpg\"><img decoding=\"async\" width=\"732\" height=\"800\" data-src=\"https:\/\/www.fitnessbrasil.com.br\/wp-content\/uploads\/2026\/04\/Goper-FIBO-20263-732x800.jpg\" alt=\"\" class=\"wp-image-133113 lazyload\" data-srcset=\"https:\/\/www.fitnessbrasil.com.br\/wp-content\/uploads\/2026\/04\/Goper-FIBO-20263-732x800.jpg 732w, https:\/\/www.fitnessbrasil.com.br\/wp-content\/uploads\/2026\/04\/Goper-FIBO-20263-366x400.jpg 366w, https:\/\/www.fitnessbrasil.com.br\/wp-content\/uploads\/2026\/04\/Goper-FIBO-20263-768x840.jpg 768w, https:\/\/www.fitnessbrasil.com.br\/wp-content\/uploads\/2026\/04\/Goper-FIBO-20263-11x12.jpg 11w, https:\/\/www.fitnessbrasil.com.br\/wp-content\/uploads\/2026\/04\/Goper-FIBO-20263-510x558.jpg 510w, https:\/\/www.fitnessbrasil.com.br\/wp-content\/uploads\/2026\/04\/Goper-FIBO-20263.jpg 1179w\" data-sizes=\"(max-width: 732px) 100vw, 732px\" src=\"data:image\/svg+xml;base64,PHN2ZyB3aWR0aD0iMSIgaGVpZ2h0PSIxIiB4bWxucz0iaHR0cDovL3d3dy53My5vcmcvMjAwMC9zdmciPjwvc3ZnPg==\" style=\"--smush-placeholder-width: 732px; --smush-placeholder-aspect-ratio: 732\/800;\" \/><\/a><figcaption class=\"wp-element-caption\">Fotos: Reprodu\u00e7\u00e3o\/Instagram Goper<\/figcaption><\/figure>\n\n\n\n<figure class=\"wp-block-image size-large\"><a href=\"https:\/\/www.fitnessbrasil.com.br\/wp-content\/uploads\/2026\/04\/Goper-FIBO-20261.jpg\"><img decoding=\"async\" width=\"729\" height=\"800\" data-src=\"https:\/\/www.fitnessbrasil.com.br\/wp-content\/uploads\/2026\/04\/Goper-FIBO-20261-729x800.jpg\" alt=\"\" class=\"wp-image-133112 lazyload\" data-srcset=\"https:\/\/www.fitnessbrasil.com.br\/wp-content\/uploads\/2026\/04\/Goper-FIBO-20261-729x800.jpg 729w, https:\/\/www.fitnessbrasil.com.br\/wp-content\/uploads\/2026\/04\/Goper-FIBO-20261-364x400.jpg 364w, https:\/\/www.fitnessbrasil.com.br\/wp-content\/uploads\/2026\/04\/Goper-FIBO-20261-768x843.jpg 768w, https:\/\/www.fitnessbrasil.com.br\/wp-content\/uploads\/2026\/04\/Goper-FIBO-20261-11x12.jpg 11w, https:\/\/www.fitnessbrasil.com.br\/wp-content\/uploads\/2026\/04\/Goper-FIBO-20261-510x560.jpg 510w, https:\/\/www.fitnessbrasil.com.br\/wp-content\/uploads\/2026\/04\/Goper-FIBO-20261.jpg 1179w\" data-sizes=\"(max-width: 729px) 100vw, 729px\" src=\"data:image\/svg+xml;base64,PHN2ZyB3aWR0aD0iMSIgaGVpZ2h0PSIxIiB4bWxucz0iaHR0cDovL3d3dy53My5vcmcvMjAwMC9zdmciPjwvc3ZnPg==\" style=\"--smush-placeholder-width: 729px; --smush-placeholder-aspect-ratio: 729\/800;\" \/><\/a><figcaption class=\"wp-element-caption\">Fotos: Reprodu\u00e7\u00e3o\/Instagram Goper<\/figcaption><\/figure>\n\n\n\n<p>A executiva \u00e9 direta ao avaliar o posicionamento competitivo do produto brasileiro no cen\u00e1rio global. &#8220;A Goper j\u00e1 nasce estruturada nessa l\u00f3gica. N\u00e3o \u00e9 um equipamento que ganhou tecnologia ao longo do tempo \u2014 \u00e9 uma solu\u00e7\u00e3o constru\u00edda a partir dela. Esse n\u00edvel de constru\u00e7\u00e3o coloca o produto brasileiro em um patamar de competitividade muito concreto, porque n\u00e3o estamos falando de <em>feature<\/em>, mas de como a experi\u00eancia foi pensada desde a origem.&#8221;<\/p>\n\n\n\n<h4 class=\"wp-block-heading\"><strong>Matrix: o maior estande da feira e lideran\u00e7a consolidada<\/strong><\/h4>\n\n\n\n<p>A Matrix chegou \u00e0 FIBO 2026 como empresa global e com a estrutura que esse posicionamento permite. Reginaldo Recchia, CEO da Matrix no Brasil, contextualiza a opera\u00e7\u00e3o. <strong>&#8220;A Matrix, por ser uma empresa global, possui subsidi\u00e1rias na Europa e toda a estrutura j\u00e1 foi preparada antecipadamente, sendo este o motivo de possuirmos o maior estande da feira.&#8221;<\/strong><\/p>\n\n\n\n<p>Para Recchia, a presen\u00e7a na FIBO refor\u00e7a uma lideran\u00e7a que se sustenta em pesquisa e desenvolvimento cont\u00ednuos. &#8220;A nossa participa\u00e7\u00e3o demonstrou que a competitividade \u00e9 grande, mas que estamos no caminho certo com rela\u00e7\u00e3o ao lan\u00e7amento de produtos e servi\u00e7os. A Matrix demonstra e consolida sua marca como l\u00edder global em equipamentos no segmento, assim como continua a investir em pesquisa e desenvolvimento, para que tenhamos a continuidade na lideran\u00e7a e para que sejam desenvolvidos novos aparelhos ou aperfei\u00e7oados os existentes.&#8221;<\/p>\n\n\n\n<figure class=\"wp-block-image size-full\"><a href=\"https:\/\/www.fitnessbrasil.com.br\/wp-content\/uploads\/2026\/04\/Matrix-FIBO-2026.png\"><img decoding=\"async\" width=\"749\" height=\"551\" data-src=\"https:\/\/www.fitnessbrasil.com.br\/wp-content\/uploads\/2026\/04\/Matrix-FIBO-2026.png\" alt=\"\" class=\"wp-image-133108 lazyload\" data-srcset=\"https:\/\/www.fitnessbrasil.com.br\/wp-content\/uploads\/2026\/04\/Matrix-FIBO-2026.png 749w, https:\/\/www.fitnessbrasil.com.br\/wp-content\/uploads\/2026\/04\/Matrix-FIBO-2026-544x400.png 544w, https:\/\/www.fitnessbrasil.com.br\/wp-content\/uploads\/2026\/04\/Matrix-FIBO-2026-16x12.png 16w, https:\/\/www.fitnessbrasil.com.br\/wp-content\/uploads\/2026\/04\/Matrix-FIBO-2026-510x375.png 510w\" data-sizes=\"(max-width: 749px) 100vw, 749px\" src=\"data:image\/svg+xml;base64,PHN2ZyB3aWR0aD0iMSIgaGVpZ2h0PSIxIiB4bWxucz0iaHR0cDovL3d3dy53My5vcmcvMjAwMC9zdmciPjwvc3ZnPg==\" style=\"--smush-placeholder-width: 749px; --smush-placeholder-aspect-ratio: 749\/551;\" \/><\/a><figcaption class=\"wp-element-caption\">Foto: Reprodu\u00e7\u00e3o\/Instagram Matrix Fitness Brasil<\/figcaption><\/figure>\n\n\n\n<h4 class=\"wp-block-heading\"><strong>Movement: negocia\u00e7\u00f5es em pa\u00edses do leste europeu e norte da \u00c1frica<\/strong><\/h4>\n\n\n\n<p>A Movement chegou \u00e0 FIBO 2026 com um hist\u00f3rico de parcerias internacionais constru\u00eddas nas edi\u00e7\u00f5es anteriores e com negocia\u00e7\u00f5es avan\u00e7adas em novas regi\u00f5es. S\u00e9rgio Benotti Squassoni, Head de Exporta\u00e7\u00e3o da empresa, resume o papel do evento para a estrat\u00e9gia global da marca. <strong>&#8220;Participar da FIBO \u00e9, antes de tudo, uma decis\u00e3o de posicionamento estrat\u00e9gico. \u00c9 afirmar ao mercado global de fitness que a Movement est\u00e1 pronta para competir de igual para igual com as maiores refer\u00eancias do setor.&#8221;<\/strong><\/p>\n\n\n\n<p>Os resultados concretos j\u00e1 aparecem no mapa de expans\u00e3o da empresa. &#8220;Portugal e Espanha s\u00e3o exemplos de parcerias constru\u00eddas a partir da FIBO no ano passado. Para 2026, estamos com negocia\u00e7\u00f5es avan\u00e7adas em pa\u00edses do leste europeu e norte da \u00c1frica, regi\u00f5es com alto potencial de crescimento para o setor de fitness e onde a Movement chega com diferencial competitivo claro.&#8221;<\/p>\n\n\n\n<figure class=\"wp-block-image size-large\"><a href=\"https:\/\/www.fitnessbrasil.com.br\/wp-content\/uploads\/2026\/04\/Movement-FIBO-20261.jpeg\"><img decoding=\"async\" width=\"1066\" height=\"800\" data-src=\"https:\/\/www.fitnessbrasil.com.br\/wp-content\/uploads\/2026\/04\/Movement-FIBO-20261-1066x800.jpeg\" alt=\"\" class=\"wp-image-133103 lazyload\" data-srcset=\"https:\/\/www.fitnessbrasil.com.br\/wp-content\/uploads\/2026\/04\/Movement-FIBO-20261-1066x800.jpeg 1066w, https:\/\/www.fitnessbrasil.com.br\/wp-content\/uploads\/2026\/04\/Movement-FIBO-20261-533x400.jpeg 533w, https:\/\/www.fitnessbrasil.com.br\/wp-content\/uploads\/2026\/04\/Movement-FIBO-20261-768x577.jpeg 768w, https:\/\/www.fitnessbrasil.com.br\/wp-content\/uploads\/2026\/04\/Movement-FIBO-20261-16x12.jpeg 16w, https:\/\/www.fitnessbrasil.com.br\/wp-content\/uploads\/2026\/04\/Movement-FIBO-20261-510x383.jpeg 510w, https:\/\/www.fitnessbrasil.com.br\/wp-content\/uploads\/2026\/04\/Movement-FIBO-20261.jpeg 1280w\" data-sizes=\"(max-width: 1066px) 100vw, 1066px\" src=\"data:image\/svg+xml;base64,PHN2ZyB3aWR0aD0iMSIgaGVpZ2h0PSIxIiB4bWxucz0iaHR0cDovL3d3dy53My5vcmcvMjAwMC9zdmciPjwvc3ZnPg==\" style=\"--smush-placeholder-width: 1066px; --smush-placeholder-aspect-ratio: 1066\/800;\" \/><\/a><figcaption class=\"wp-element-caption\">Foto: Divulga\u00e7\u00e3o\/Movement<\/figcaption><\/figure>\n\n\n\n<figure class=\"wp-block-image size-full\"><a href=\"https:\/\/www.fitnessbrasil.com.br\/wp-content\/uploads\/2026\/04\/Movement-Fibo-2026-Fabio-Saba.jpeg\"><img decoding=\"async\" width=\"1280\" height=\"961\" data-src=\"https:\/\/www.fitnessbrasil.com.br\/wp-content\/uploads\/2026\/04\/Movement-Fibo-2026-Fabio-Saba.jpeg\" alt=\"\" class=\"wp-image-133122 lazyload\" data-srcset=\"https:\/\/www.fitnessbrasil.com.br\/wp-content\/uploads\/2026\/04\/Movement-Fibo-2026-Fabio-Saba.jpeg 1280w, https:\/\/www.fitnessbrasil.com.br\/wp-content\/uploads\/2026\/04\/Movement-Fibo-2026-Fabio-Saba-533x400.jpeg 533w, https:\/\/www.fitnessbrasil.com.br\/wp-content\/uploads\/2026\/04\/Movement-Fibo-2026-Fabio-Saba-1066x800.jpeg 1066w, https:\/\/www.fitnessbrasil.com.br\/wp-content\/uploads\/2026\/04\/Movement-Fibo-2026-Fabio-Saba-768x577.jpeg 768w, https:\/\/www.fitnessbrasil.com.br\/wp-content\/uploads\/2026\/04\/Movement-Fibo-2026-Fabio-Saba-16x12.jpeg 16w, https:\/\/www.fitnessbrasil.com.br\/wp-content\/uploads\/2026\/04\/Movement-Fibo-2026-Fabio-Saba-510x383.jpeg 510w\" data-sizes=\"(max-width: 1280px) 100vw, 1280px\" src=\"data:image\/svg+xml;base64,PHN2ZyB3aWR0aD0iMSIgaGVpZ2h0PSIxIiB4bWxucz0iaHR0cDovL3d3dy53My5vcmcvMjAwMC9zdmciPjwvc3ZnPg==\" style=\"--smush-placeholder-width: 1280px; --smush-placeholder-aspect-ratio: 1280\/961;\" \/><\/a><figcaption class=\"wp-element-caption\">F\u00e1bio Saba (Fitness Brasil) e S\u00e9rgio Benotti Squassoni (Movement). Foto: Divulga\u00e7\u00e3o\/Movement<\/figcaption><\/figure>\n\n\n\n<p>Sobre os eixos tem\u00e1ticos da edi\u00e7\u00e3o \u2014 intelig\u00eancia artificial, longevidade e recovery \u2014 Squassoni adota uma postura de transpar\u00eancia estrat\u00e9gica. &#8220;O portf\u00f3lio apresentado na FIBO 2026 ainda n\u00e3o contempla solu\u00e7\u00f5es nessas tr\u00eas frentes, e assumimos isso com total transpar\u00eancia. Mas esse cen\u00e1rio est\u00e1 prestes a mudar. Uma parte do nosso time esteve no evento com um objetivo muito espec\u00edfico: observar modelos de neg\u00f3cio, analisar posicionamento e <strong>mapear as solu\u00e7\u00f5es mais relevantes para calibrar com mais precis\u00e3o a proposta de valor dos projetos que j\u00e1 est\u00e3o em desenvolvimento internamente<\/strong>.&#8221; A empresa j\u00e1 iniciou conversas com clientes na Europa para testes em campo dessas solu\u00e7\u00f5es.<\/p>\n\n\n\n<h4 class=\"wp-block-heading\"><strong>ABC EVO: a vis\u00e3o global \u00e9 um ativo estrat\u00e9gico<\/strong><\/h4>\n\n\n\n<p>Enquanto as demais empresas destacaram conquistas e oportunidades, Paulo Akiau, presidente da ABC EVO, trouxe \u00e0 FIBO uma perspectiva mais anal\u00edtica sobre o momento do mercado fitness brasileiro. <strong>&#8220;Na FIBO tivemos uma boa oportunidade de entender para onde vai o mercado mundial de fitness, que hoje olha mais al\u00e9m com a inclus\u00e3o do recovery, a busca da longevidade e principalmente a presen\u00e7a definitiva da IA em praticamente todos os fluxos de trabalho das organiza\u00e7\u00f5es.&#8221;<\/strong><\/p>\n\n\n\n<p><strong><a href=\"https:\/\/www.fitnessbrasil.com.br\/es\/panorama-setorial-2025-4a-edicao\/\">+ Baixe gratuitamente o Panorama Setorial Fitness Brasil<\/a><\/strong><\/p>\n\n\n\n<p>O diagn\u00f3stico sobre o Brasil \u00e9 honesto. &#8220;\u00c9 f\u00e1cil perceber que o Brasil ainda vive do entusiasmo promovido pelo intenso crescimento dos \u00faltimos anos, mas <strong>ainda engatinha no que diz respeito a uma proposta de valor mais hol\u00edstica e abrangente<\/strong>. Precisamos redefinir as estrat\u00e9gias de diferencia\u00e7\u00e3o que ser\u00e3o muito diferentes das adotadas nos \u00faltimos anos e d\u00e9cadas.&#8221;<\/p>\n\n\n\n<p>Para a ABC EVO, a vis\u00e3o global \u00e9 um ativo estrat\u00e9gico. &#8220;Temos o privil\u00e9gio da visibilidade de opera\u00e7\u00f5es em mais de 100 pa\u00edses, nos permitindo antecipar o que ser\u00e1 decisivo em termos de tecnologia para impulsionar os neg\u00f3cios em nosso setor. Est\u00e3o previstas para 2026 grandes inova\u00e7\u00f5es que impactam diretamente a experi\u00eancia do cliente e a intelig\u00eancia na gest\u00e3o \u2014 mais em 8 meses do que foi feito nos \u00faltimos 8 anos&#8221;, destaca.<\/p>\n\n\n\n<figure class=\"wp-block-image size-large\"><a href=\"https:\/\/www.fitnessbrasil.com.br\/wp-content\/uploads\/2026\/04\/Gustavo-Almeida-EVO-Fibo-2026.png\"><img decoding=\"async\" width=\"779\" height=\"800\" data-src=\"https:\/\/www.fitnessbrasil.com.br\/wp-content\/uploads\/2026\/04\/Gustavo-Almeida-EVO-Fibo-2026-779x800.png\" alt=\"\" class=\"wp-image-133033 lazyload\" data-srcset=\"https:\/\/www.fitnessbrasil.com.br\/wp-content\/uploads\/2026\/04\/Gustavo-Almeida-EVO-Fibo-2026-779x800.png 779w, https:\/\/www.fitnessbrasil.com.br\/wp-content\/uploads\/2026\/04\/Gustavo-Almeida-EVO-Fibo-2026-389x400.png 389w, https:\/\/www.fitnessbrasil.com.br\/wp-content\/uploads\/2026\/04\/Gustavo-Almeida-EVO-Fibo-2026-768x789.png 768w, https:\/\/www.fitnessbrasil.com.br\/wp-content\/uploads\/2026\/04\/Gustavo-Almeida-EVO-Fibo-2026-12x12.png 12w, https:\/\/www.fitnessbrasil.com.br\/wp-content\/uploads\/2026\/04\/Gustavo-Almeida-EVO-Fibo-2026-510x524.png 510w, https:\/\/www.fitnessbrasil.com.br\/wp-content\/uploads\/2026\/04\/Gustavo-Almeida-EVO-Fibo-2026.png 1380w\" data-sizes=\"(max-width: 779px) 100vw, 779px\" src=\"data:image\/svg+xml;base64,PHN2ZyB3aWR0aD0iMSIgaGVpZ2h0PSIxIiB4bWxucz0iaHR0cDovL3d3dy53My5vcmcvMjAwMC9zdmciPjwvc3ZnPg==\" style=\"--smush-placeholder-width: 779px; --smush-placeholder-aspect-ratio: 779\/800;\" \/><\/a><\/figure>\n\n\n\n<h4 class=\"wp-block-heading\"><strong>O que a presen\u00e7a das empresas brasileiras na FIBO revela<\/strong><\/h4>\n\n\n\n<p>O conjunto de participa\u00e7\u00f5es brasileiras na FIBO 2026 aponta para um movimento claro: <strong>o Brasil deixou de ser apenas o segundo maior mercado de academias do mundo para se tornar tamb\u00e9m exportador de tecnologia, metodologia e solu\u00e7\u00f5es para o fitness global<\/strong>.<\/p>\n\n\n\n<p>Cada empresa chegou com uma proposta distinta, mas todas com a mesma leitura de fundo: o mercado global est\u00e1 exigindo mais, e o produto brasileiro est\u00e1 \u00e0 altura desse desafio.<\/p>\n\n\n\n<p><\/p>","protected":false},"excerpt":{"rendered":"<p>Marcas nacionais ocuparam espa\u00e7o estrat\u00e9gico na maior feira de fitness do planeta, em Col\u00f4nia, na Alemanha, com lan\u00e7amentos, parcerias internacionais e uma mensagem clara: o produto brasileiro est\u00e1 pronto para competir globalmente.<\/p>","protected":false},"author":294,"featured_media":133031,"comment_status":"closed","ping_status":"open","sticky":false,"template":"","format":"standard","meta":{"_acf_changed":false,"footnotes":""},"categories":[430,1,431,70],"tags":[],"post_folder":[],"class_list":["post-133087","post","type-post","status-publish","format-standard","has-post-thumbnail","hentry","category-destaques","category-gestao-e-negocios","category-mais-lidas","category-noticias"],"acf":[],"yoast_head":"<!-- This site is optimized with the Yoast SEO plugin v27.4 - https:\/\/yoast.com\/product\/yoast-seo-wordpress\/ -->\n<title>Empresas brasileiras na FIBO 2026: como o Brasil se posicionou no maior evento fitness do mundo - Fitness Brasil<\/title>\n<meta name=\"description\" content=\"Marcas nacionais ocuparam espa\u00e7o estrat\u00e9gico na maior feira de fitness do planeta, confirmando que o produto brasileiro est\u00e1 pronto para competir g\" \/>\n<meta name=\"robots\" content=\"index, follow, max-snippet:-1, max-image-preview:large, max-video-preview:-1\" \/>\n<link rel=\"canonical\" href=\"https:\/\/www.fitnessbrasil.com.br\/es\/newsfitbr\/empresas-brasileiras-na-fibo-2026-como-o-brasil-se-posicionou-no-maior-evento-fitness-do-mundo\/\" \/>\n<meta property=\"og:locale\" content=\"es_ES\" \/>\n<meta property=\"og:type\" content=\"article\" \/>\n<meta property=\"og:title\" content=\"Empresas brasileiras na FIBO 2026: como o Brasil se posicionou no maior evento fitness do mundo - Fitness Brasil\" \/>\n<meta property=\"og:description\" content=\"Marcas nacionais ocuparam espa\u00e7o estrat\u00e9gico na maior feira de fitness do planeta, confirmando que o produto brasileiro est\u00e1 pronto para competir g\" \/>\n<meta property=\"og:url\" content=\"https:\/\/www.fitnessbrasil.com.br\/es\/newsfitbr\/empresas-brasileiras-na-fibo-2026-como-o-brasil-se-posicionou-no-maior-evento-fitness-do-mundo\/\" \/>\n<meta property=\"og:site_name\" content=\"Fitness Brasil\" \/>\n<meta property=\"article:published_time\" content=\"2026-04-29T19:58:18+00:00\" \/>\n<meta property=\"article:modified_time\" content=\"2026-04-29T20:05:30+00:00\" \/>\n<meta property=\"og:image\" content=\"https:\/\/www.fitnessbrasil.com.br\/wp-content\/uploads\/2026\/04\/55214624448_3d78c1eacb_c.jpg\" \/>\n\t<meta property=\"og:image:width\" content=\"799\" \/>\n\t<meta property=\"og:image:height\" content=\"533\" \/>\n\t<meta property=\"og:image:type\" content=\"image\/jpeg\" \/>\n<meta name=\"author\" content=\"Edinei Knop\" \/>\n<meta name=\"twitter:card\" content=\"summary_large_image\" \/>\n<meta name=\"twitter:label1\" content=\"Escrito por\" \/>\n\t<meta name=\"twitter:data1\" content=\"Edinei Knop\" \/>\n\t<meta name=\"twitter:label2\" content=\"Tiempo de lectura\" \/>\n\t<meta name=\"twitter:data2\" content=\"10 minutos\" \/>\n<script type=\"application\/ld+json\" class=\"yoast-schema-graph\">{\"@context\":\"https:\\\/\\\/schema.org\",\"@graph\":[{\"@type\":\"Article\",\"@id\":\"https:\\\/\\\/www.fitnessbrasil.com.br\\\/newsfitbr\\\/empresas-brasileiras-na-fibo-2026-como-o-brasil-se-posicionou-no-maior-evento-fitness-do-mundo\\\/#article\",\"isPartOf\":{\"@id\":\"https:\\\/\\\/www.fitnessbrasil.com.br\\\/newsfitbr\\\/empresas-brasileiras-na-fibo-2026-como-o-brasil-se-posicionou-no-maior-evento-fitness-do-mundo\\\/\"},\"author\":{\"name\":\"Edinei Knop\",\"@id\":\"https:\\\/\\\/www.fitnessbrasil.com.br\\\/#\\\/schema\\\/person\\\/4f73561462d83d8be85158d6716b42ba\"},\"headline\":\"Empresas brasileiras na FIBO 2026: como o Brasil se posicionou no maior evento fitness do mundo\",\"datePublished\":\"2026-04-29T19:58:18+00:00\",\"dateModified\":\"2026-04-29T20:05:30+00:00\",\"mainEntityOfPage\":{\"@id\":\"https:\\\/\\\/www.fitnessbrasil.com.br\\\/newsfitbr\\\/empresas-brasileiras-na-fibo-2026-como-o-brasil-se-posicionou-no-maior-evento-fitness-do-mundo\\\/\"},\"wordCount\":1508,\"publisher\":{\"@id\":\"https:\\\/\\\/www.fitnessbrasil.com.br\\\/#organization\"},\"image\":{\"@id\":\"https:\\\/\\\/www.fitnessbrasil.com.br\\\/newsfitbr\\\/empresas-brasileiras-na-fibo-2026-como-o-brasil-se-posicionou-no-maior-evento-fitness-do-mundo\\\/#primaryimage\"},\"thumbnailUrl\":\"https:\\\/\\\/www.fitnessbrasil.com.br\\\/wp-content\\\/uploads\\\/2026\\\/04\\\/55214624448_3d78c1eacb_c.jpg\",\"articleSection\":[\"Destaques\",\"Gest\u00e3o e neg\u00f3cios\",\"Mais Lidas\",\"Not\u00edcias\"],\"inLanguage\":\"es\"},{\"@type\":\"WebPage\",\"@id\":\"https:\\\/\\\/www.fitnessbrasil.com.br\\\/newsfitbr\\\/empresas-brasileiras-na-fibo-2026-como-o-brasil-se-posicionou-no-maior-evento-fitness-do-mundo\\\/\",\"url\":\"https:\\\/\\\/www.fitnessbrasil.com.br\\\/newsfitbr\\\/empresas-brasileiras-na-fibo-2026-como-o-brasil-se-posicionou-no-maior-evento-fitness-do-mundo\\\/\",\"name\":\"Empresas brasileiras na FIBO 2026: como o Brasil se posicionou no maior evento fitness do mundo - Fitness Brasil\",\"isPartOf\":{\"@id\":\"https:\\\/\\\/www.fitnessbrasil.com.br\\\/#website\"},\"primaryImageOfPage\":{\"@id\":\"https:\\\/\\\/www.fitnessbrasil.com.br\\\/newsfitbr\\\/empresas-brasileiras-na-fibo-2026-como-o-brasil-se-posicionou-no-maior-evento-fitness-do-mundo\\\/#primaryimage\"},\"image\":{\"@id\":\"https:\\\/\\\/www.fitnessbrasil.com.br\\\/newsfitbr\\\/empresas-brasileiras-na-fibo-2026-como-o-brasil-se-posicionou-no-maior-evento-fitness-do-mundo\\\/#primaryimage\"},\"thumbnailUrl\":\"https:\\\/\\\/www.fitnessbrasil.com.br\\\/wp-content\\\/uploads\\\/2026\\\/04\\\/55214624448_3d78c1eacb_c.jpg\",\"datePublished\":\"2026-04-29T19:58:18+00:00\",\"dateModified\":\"2026-04-29T20:05:30+00:00\",\"description\":\"Marcas nacionais ocuparam espa\u00e7o estrat\u00e9gico na maior feira de fitness do planeta, confirmando que o produto brasileiro est\u00e1 pronto para competir globalmente.\",\"breadcrumb\":{\"@id\":\"https:\\\/\\\/www.fitnessbrasil.com.br\\\/newsfitbr\\\/empresas-brasileiras-na-fibo-2026-como-o-brasil-se-posicionou-no-maior-evento-fitness-do-mundo\\\/#breadcrumb\"},\"inLanguage\":\"es\",\"potentialAction\":[{\"@type\":\"ReadAction\",\"target\":[\"https:\\\/\\\/www.fitnessbrasil.com.br\\\/newsfitbr\\\/empresas-brasileiras-na-fibo-2026-como-o-brasil-se-posicionou-no-maior-evento-fitness-do-mundo\\\/\"]}]},{\"@type\":\"ImageObject\",\"inLanguage\":\"es\",\"@id\":\"https:\\\/\\\/www.fitnessbrasil.com.br\\\/newsfitbr\\\/empresas-brasileiras-na-fibo-2026-como-o-brasil-se-posicionou-no-maior-evento-fitness-do-mundo\\\/#primaryimage\",\"url\":\"https:\\\/\\\/www.fitnessbrasil.com.br\\\/wp-content\\\/uploads\\\/2026\\\/04\\\/55214624448_3d78c1eacb_c.jpg\",\"contentUrl\":\"https:\\\/\\\/www.fitnessbrasil.com.br\\\/wp-content\\\/uploads\\\/2026\\\/04\\\/55214624448_3d78c1eacb_c.jpg\",\"width\":799,\"height\":533,\"caption\":\"Foto: Divulga\u00e7\u00e3o\\\/RX Germany - FIBO 2026\"},{\"@type\":\"BreadcrumbList\",\"@id\":\"https:\\\/\\\/www.fitnessbrasil.com.br\\\/newsfitbr\\\/empresas-brasileiras-na-fibo-2026-como-o-brasil-se-posicionou-no-maior-evento-fitness-do-mundo\\\/#breadcrumb\",\"itemListElement\":[{\"@type\":\"ListItem\",\"position\":1,\"name\":\"In\u00edcio\",\"item\":\"https:\\\/\\\/www.fitnessbrasil.com.br\\\/\"},{\"@type\":\"ListItem\",\"position\":2,\"name\":\"Empresas brasileiras na FIBO 2026: como o Brasil se posicionou no maior evento fitness do mundo\"}]},{\"@type\":\"WebSite\",\"@id\":\"https:\\\/\\\/www.fitnessbrasil.com.br\\\/#website\",\"url\":\"https:\\\/\\\/www.fitnessbrasil.com.br\\\/\",\"name\":\"Fitness Brasil\",\"description\":\"\",\"publisher\":{\"@id\":\"https:\\\/\\\/www.fitnessbrasil.com.br\\\/#organization\"},\"potentialAction\":[{\"@type\":\"SearchAction\",\"target\":{\"@type\":\"EntryPoint\",\"urlTemplate\":\"https:\\\/\\\/www.fitnessbrasil.com.br\\\/?s={search_term_string}\"},\"query-input\":{\"@type\":\"PropertyValueSpecification\",\"valueRequired\":true,\"valueName\":\"search_term_string\"}}],\"inLanguage\":\"es\"},{\"@type\":\"Organization\",\"@id\":\"https:\\\/\\\/www.fitnessbrasil.com.br\\\/#organization\",\"name\":\"Fitness Brasil\",\"url\":\"https:\\\/\\\/www.fitnessbrasil.com.br\\\/\",\"logo\":{\"@type\":\"ImageObject\",\"inLanguage\":\"es\",\"@id\":\"https:\\\/\\\/www.fitnessbrasil.com.br\\\/#\\\/schema\\\/logo\\\/image\\\/\",\"url\":\"https:\\\/\\\/www.fitnessbrasil.com.br\\\/wp-content\\\/uploads\\\/2022\\\/01\\\/Logo-Fitness-Brasil_preto-e-cor.png\",\"contentUrl\":\"https:\\\/\\\/www.fitnessbrasil.com.br\\\/wp-content\\\/uploads\\\/2022\\\/01\\\/Logo-Fitness-Brasil_preto-e-cor.png\",\"width\":593,\"height\":316,\"caption\":\"Fitness Brasil\"},\"image\":{\"@id\":\"https:\\\/\\\/www.fitnessbrasil.com.br\\\/#\\\/schema\\\/logo\\\/image\\\/\"}},{\"@type\":\"Person\",\"@id\":\"https:\\\/\\\/www.fitnessbrasil.com.br\\\/#\\\/schema\\\/person\\\/4f73561462d83d8be85158d6716b42ba\",\"name\":\"Edinei Knop\",\"image\":{\"@type\":\"ImageObject\",\"inLanguage\":\"es\",\"@id\":\"https:\\\/\\\/www.fitnessbrasil.com.br\\\/wp-content\\\/uploads\\\/2026\\\/03\\\/avatar_user_294_1773777337-96x96.jpeg?d=https:\\\/\\\/www.fitnessbrasil.com.br\\\/wp-content\\\/plugins\\\/userswp\\\/assets\\\/images\\\/no_profile.png\",\"url\":\"https:\\\/\\\/www.fitnessbrasil.com.br\\\/wp-content\\\/uploads\\\/2026\\\/03\\\/avatar_user_294_1773777337-96x96.jpeg?d=https:\\\/\\\/www.fitnessbrasil.com.br\\\/wp-content\\\/plugins\\\/userswp\\\/assets\\\/images\\\/no_profile.png\",\"contentUrl\":\"https:\\\/\\\/www.fitnessbrasil.com.br\\\/wp-content\\\/uploads\\\/2026\\\/03\\\/avatar_user_294_1773777337-96x96.jpeg?d=https:\\\/\\\/www.fitnessbrasil.com.br\\\/wp-content\\\/plugins\\\/userswp\\\/assets\\\/images\\\/no_profile.png\",\"caption\":\"Edinei Knop\"},\"url\":\"https:\\\/\\\/www.fitnessbrasil.com.br\\\/es\\\/profile\\\/edineiknop\\\/\"}]}<\/script>\n<!-- \/ Yoast SEO plugin. -->","yoast_head_json":{"title":"Empresas brasileiras na FIBO 2026: como o Brasil se posicionou no maior evento fitness do mundo - Fitness Brasil","description":"Marcas nacionais ocuparam espa\u00e7o estrat\u00e9gico na maior feira de fitness do planeta, confirmando que o produto brasileiro est\u00e1 pronto para competir g","robots":{"index":"index","follow":"follow","max-snippet":"max-snippet:-1","max-image-preview":"max-image-preview:large","max-video-preview":"max-video-preview:-1"},"canonical":"https:\/\/www.fitnessbrasil.com.br\/es\/newsfitbr\/empresas-brasileiras-na-fibo-2026-como-o-brasil-se-posicionou-no-maior-evento-fitness-do-mundo\/","og_locale":"es_ES","og_type":"article","og_title":"Empresas brasileiras na FIBO 2026: como o Brasil se posicionou no maior evento fitness do mundo - Fitness Brasil","og_description":"Marcas nacionais ocuparam espa\u00e7o estrat\u00e9gico na maior feira de fitness do planeta, confirmando que o produto brasileiro est\u00e1 pronto para competir g","og_url":"https:\/\/www.fitnessbrasil.com.br\/es\/newsfitbr\/empresas-brasileiras-na-fibo-2026-como-o-brasil-se-posicionou-no-maior-evento-fitness-do-mundo\/","og_site_name":"Fitness Brasil","article_published_time":"2026-04-29T19:58:18+00:00","article_modified_time":"2026-04-29T20:05:30+00:00","og_image":[{"width":799,"height":533,"url":"https:\/\/www.fitnessbrasil.com.br\/wp-content\/uploads\/2026\/04\/55214624448_3d78c1eacb_c.jpg","type":"image\/jpeg"}],"author":"Edinei Knop","twitter_card":"summary_large_image","twitter_misc":{"Escrito por":"Edinei Knop","Tiempo de lectura":"10 minutos"},"schema":{"@context":"https:\/\/schema.org","@graph":[{"@type":"Article","@id":"https:\/\/www.fitnessbrasil.com.br\/newsfitbr\/empresas-brasileiras-na-fibo-2026-como-o-brasil-se-posicionou-no-maior-evento-fitness-do-mundo\/#article","isPartOf":{"@id":"https:\/\/www.fitnessbrasil.com.br\/newsfitbr\/empresas-brasileiras-na-fibo-2026-como-o-brasil-se-posicionou-no-maior-evento-fitness-do-mundo\/"},"author":{"name":"Edinei Knop","@id":"https:\/\/www.fitnessbrasil.com.br\/#\/schema\/person\/4f73561462d83d8be85158d6716b42ba"},"headline":"Empresas brasileiras na FIBO 2026: como o Brasil se posicionou no maior evento fitness do mundo","datePublished":"2026-04-29T19:58:18+00:00","dateModified":"2026-04-29T20:05:30+00:00","mainEntityOfPage":{"@id":"https:\/\/www.fitnessbrasil.com.br\/newsfitbr\/empresas-brasileiras-na-fibo-2026-como-o-brasil-se-posicionou-no-maior-evento-fitness-do-mundo\/"},"wordCount":1508,"publisher":{"@id":"https:\/\/www.fitnessbrasil.com.br\/#organization"},"image":{"@id":"https:\/\/www.fitnessbrasil.com.br\/newsfitbr\/empresas-brasileiras-na-fibo-2026-como-o-brasil-se-posicionou-no-maior-evento-fitness-do-mundo\/#primaryimage"},"thumbnailUrl":"https:\/\/www.fitnessbrasil.com.br\/wp-content\/uploads\/2026\/04\/55214624448_3d78c1eacb_c.jpg","articleSection":["Destaques","Gest\u00e3o e neg\u00f3cios","Mais Lidas","Not\u00edcias"],"inLanguage":"es"},{"@type":"WebPage","@id":"https:\/\/www.fitnessbrasil.com.br\/newsfitbr\/empresas-brasileiras-na-fibo-2026-como-o-brasil-se-posicionou-no-maior-evento-fitness-do-mundo\/","url":"https:\/\/www.fitnessbrasil.com.br\/newsfitbr\/empresas-brasileiras-na-fibo-2026-como-o-brasil-se-posicionou-no-maior-evento-fitness-do-mundo\/","name":"Empresas brasileiras na FIBO 2026: como o Brasil se posicionou no maior evento fitness do mundo - Fitness Brasil","isPartOf":{"@id":"https:\/\/www.fitnessbrasil.com.br\/#website"},"primaryImageOfPage":{"@id":"https:\/\/www.fitnessbrasil.com.br\/newsfitbr\/empresas-brasileiras-na-fibo-2026-como-o-brasil-se-posicionou-no-maior-evento-fitness-do-mundo\/#primaryimage"},"image":{"@id":"https:\/\/www.fitnessbrasil.com.br\/newsfitbr\/empresas-brasileiras-na-fibo-2026-como-o-brasil-se-posicionou-no-maior-evento-fitness-do-mundo\/#primaryimage"},"thumbnailUrl":"https:\/\/www.fitnessbrasil.com.br\/wp-content\/uploads\/2026\/04\/55214624448_3d78c1eacb_c.jpg","datePublished":"2026-04-29T19:58:18+00:00","dateModified":"2026-04-29T20:05:30+00:00","description":"Marcas nacionais ocuparam espa\u00e7o estrat\u00e9gico na maior feira de fitness do planeta, confirmando que o produto brasileiro est\u00e1 pronto para competir globalmente.","breadcrumb":{"@id":"https:\/\/www.fitnessbrasil.com.br\/newsfitbr\/empresas-brasileiras-na-fibo-2026-como-o-brasil-se-posicionou-no-maior-evento-fitness-do-mundo\/#breadcrumb"},"inLanguage":"es","potentialAction":[{"@type":"ReadAction","target":["https:\/\/www.fitnessbrasil.com.br\/newsfitbr\/empresas-brasileiras-na-fibo-2026-como-o-brasil-se-posicionou-no-maior-evento-fitness-do-mundo\/"]}]},{"@type":"ImageObject","inLanguage":"es","@id":"https:\/\/www.fitnessbrasil.com.br\/newsfitbr\/empresas-brasileiras-na-fibo-2026-como-o-brasil-se-posicionou-no-maior-evento-fitness-do-mundo\/#primaryimage","url":"https:\/\/www.fitnessbrasil.com.br\/wp-content\/uploads\/2026\/04\/55214624448_3d78c1eacb_c.jpg","contentUrl":"https:\/\/www.fitnessbrasil.com.br\/wp-content\/uploads\/2026\/04\/55214624448_3d78c1eacb_c.jpg","width":799,"height":533,"caption":"Foto: Divulga\u00e7\u00e3o\/RX Germany - FIBO 2026"},{"@type":"BreadcrumbList","@id":"https:\/\/www.fitnessbrasil.com.br\/newsfitbr\/empresas-brasileiras-na-fibo-2026-como-o-brasil-se-posicionou-no-maior-evento-fitness-do-mundo\/#breadcrumb","itemListElement":[{"@type":"ListItem","position":1,"name":"In\u00edcio","item":"https:\/\/www.fitnessbrasil.com.br\/"},{"@type":"ListItem","position":2,"name":"Empresas brasileiras na FIBO 2026: como o Brasil se posicionou no maior evento fitness do mundo"}]},{"@type":"WebSite","@id":"https:\/\/www.fitnessbrasil.com.br\/#website","url":"https:\/\/www.fitnessbrasil.com.br\/","name":"Fitness Brasil","description":"","publisher":{"@id":"https:\/\/www.fitnessbrasil.com.br\/#organization"},"potentialAction":[{"@type":"SearchAction","target":{"@type":"EntryPoint","urlTemplate":"https:\/\/www.fitnessbrasil.com.br\/?s={search_term_string}"},"query-input":{"@type":"PropertyValueSpecification","valueRequired":true,"valueName":"search_term_string"}}],"inLanguage":"es"},{"@type":"Organization","@id":"https:\/\/www.fitnessbrasil.com.br\/#organization","name":"Fitness Brasil","url":"https:\/\/www.fitnessbrasil.com.br\/","logo":{"@type":"ImageObject","inLanguage":"es","@id":"https:\/\/www.fitnessbrasil.com.br\/#\/schema\/logo\/image\/","url":"https:\/\/www.fitnessbrasil.com.br\/wp-content\/uploads\/2022\/01\/Logo-Fitness-Brasil_preto-e-cor.png","contentUrl":"https:\/\/www.fitnessbrasil.com.br\/wp-content\/uploads\/2022\/01\/Logo-Fitness-Brasil_preto-e-cor.png","width":593,"height":316,"caption":"Fitness Brasil"},"image":{"@id":"https:\/\/www.fitnessbrasil.com.br\/#\/schema\/logo\/image\/"}},{"@type":"Person","@id":"https:\/\/www.fitnessbrasil.com.br\/#\/schema\/person\/4f73561462d83d8be85158d6716b42ba","name":"Edinei Knop","image":{"@type":"ImageObject","inLanguage":"es","@id":"https:\/\/www.fitnessbrasil.com.br\/wp-content\/uploads\/2026\/03\/avatar_user_294_1773777337-96x96.jpeg?d=https:\/\/www.fitnessbrasil.com.br\/wp-content\/plugins\/userswp\/assets\/images\/no_profile.png","url":"https:\/\/www.fitnessbrasil.com.br\/wp-content\/uploads\/2026\/03\/avatar_user_294_1773777337-96x96.jpeg?d=https:\/\/www.fitnessbrasil.com.br\/wp-content\/plugins\/userswp\/assets\/images\/no_profile.png","contentUrl":"https:\/\/www.fitnessbrasil.com.br\/wp-content\/uploads\/2026\/03\/avatar_user_294_1773777337-96x96.jpeg?d=https:\/\/www.fitnessbrasil.com.br\/wp-content\/plugins\/userswp\/assets\/images\/no_profile.png","caption":"Edinei Knop"},"url":"https:\/\/www.fitnessbrasil.com.br\/es\/profile\/edineiknop\/"}]}},"_links":{"self":[{"href":"https:\/\/www.fitnessbrasil.com.br\/es\/wp-json\/wp\/v2\/posts\/133087","targetHints":{"allow":["GET"]}}],"collection":[{"href":"https:\/\/www.fitnessbrasil.com.br\/es\/wp-json\/wp\/v2\/posts"}],"about":[{"href":"https:\/\/www.fitnessbrasil.com.br\/es\/wp-json\/wp\/v2\/types\/post"}],"author":[{"embeddable":true,"href":"https:\/\/www.fitnessbrasil.com.br\/es\/wp-json\/wp\/v2\/users\/294"}],"replies":[{"embeddable":true,"href":"https:\/\/www.fitnessbrasil.com.br\/es\/wp-json\/wp\/v2\/comments?post=133087"}],"version-history":[{"count":8,"href":"https:\/\/www.fitnessbrasil.com.br\/es\/wp-json\/wp\/v2\/posts\/133087\/revisions"}],"predecessor-version":[{"id":133126,"href":"https:\/\/www.fitnessbrasil.com.br\/es\/wp-json\/wp\/v2\/posts\/133087\/revisions\/133126"}],"wp:featuredmedia":[{"embeddable":true,"href":"https:\/\/www.fitnessbrasil.com.br\/es\/wp-json\/wp\/v2\/media\/133031"}],"wp:attachment":[{"href":"https:\/\/www.fitnessbrasil.com.br\/es\/wp-json\/wp\/v2\/media?parent=133087"}],"wp:term":[{"taxonomy":"category","embeddable":true,"href":"https:\/\/www.fitnessbrasil.com.br\/es\/wp-json\/wp\/v2\/categories?post=133087"},{"taxonomy":"post_tag","embeddable":true,"href":"https:\/\/www.fitnessbrasil.com.br\/es\/wp-json\/wp\/v2\/tags?post=133087"},{"taxonomy":"post_folder","embeddable":true,"href":"https:\/\/www.fitnessbrasil.com.br\/es\/wp-json\/wp\/v2\/post_folder?post=133087"}],"curies":[{"name":"wp","href":"https:\/\/api.w.org\/{rel}","templated":true}]}}