{"id":135670,"date":"2026-09-02T16:20:26","date_gmt":"2026-09-02T19:20:26","guid":{"rendered":"https:\/\/www.fitnessbrasil.com.br\/?p=135670"},"modified":"2026-09-02T16:20:29","modified_gmt":"2026-09-02T19:20:29","slug":"fitness-brasil-expo-2026-bate-recorde-de-publico-e-consolida-maior-edicao-da-historia","status":"publish","type":"post","link":"https:\/\/www.fitnessbrasil.com.br\/es\/newsfitbr\/fitness-brasil-expo-2026-bate-recorde-de-publico-e-consolida-maior-edicao-da-historia\/","title":{"rendered":"Fitness Brasil Expo 2026 bate recorde de p\u00fablico e consolida maior edi\u00e7\u00e3o da hist\u00f3ria"},"content":{"rendered":"<p><em>Com crescimento de 13% em rela\u00e7\u00e3o ao n\u00famero de visitantes do ano passado, evento ocupou pela primeira vez os sete pavilh\u00f5es do Transam\u00e9rica Expo Center e j\u00e1 confirma data para 2027<\/em><\/p>\n\n\n\n<p>Por Edinei Knop, da Fitness Brasil<br>2\/9\/2026<\/p>\n\n\n\n<p>A Fitness Brasil Expo 2026 fechou com n\u00famero recorde de visitantes. Realizada entre os dias 27 e 29 de agosto, no Transam\u00e9rica Expo Center, em S\u00e3o Paulo, a 27\u00aa edi\u00e7\u00e3o do maior evento de neg\u00f3cios fitness das Am\u00e9ricas recebeu 39.478 visitas ao longo dos tr\u00eas dias, um crescimento de 13% em rela\u00e7\u00e3o \u00e0 edi\u00e7\u00e3o anterior, que havia registrado 35.043 visitas em 2025.<\/p>\n\n\n\n<p><a href=\"https:\/\/www.instagram.com\/fitnessbrasil_oficial\/\"><strong>+ Siga a Fitness Brasil no Instagram<\/strong><\/a><br><a href=\"https:\/\/www.whatsapp.com\/channel\/0029VarCqD5InlqU52KNAv3J\"><strong>+ Fa\u00e7a parte do nosso Canal no WhatsApp<\/strong><\/a><\/p>\n\n\n\n<h4 class=\"wp-block-heading\"><strong>A maior estrutura f\u00edsica da hist\u00f3ria do evento<\/strong><\/h4>\n\n\n\n<p>O n\u00famero recorde de visitantes acompanhou uma expans\u00e3o estrutural in\u00e9dita. Pela primeira vez, a Fitness Brasil Expo ocupou os sete pavilh\u00f5es do Transam\u00e9rica Expo Center, totalizando 38 mil m\u00b2 de \u00e1rea, um espa\u00e7o 10 mil m\u00b2 maior do que o da edi\u00e7\u00e3o de 2025. Essa amplia\u00e7\u00e3o foi o que permitiu ao evento receber 175 expositores, cerca de tr\u00eas mil congressistas e 120 palestrantes ao longo dos tr\u00eas dias de programa\u00e7\u00e3o.<\/p>\n\n\n\n<figure class=\"wp-block-image size-large\"><a href=\"https:\/\/www.fitnessbrasil.com.br\/wp-content\/uploads\/2026\/09\/Fitness-Brasil-Expo-20262.jpeg\"><img decoding=\"async\" width=\"1199\" height=\"800\" data-src=\"https:\/\/www.fitnessbrasil.com.br\/wp-content\/uploads\/2026\/09\/Fitness-Brasil-Expo-20262-1199x800.jpeg\" alt=\"\" class=\"wp-image-135672 lazyload\" data-srcset=\"https:\/\/www.fitnessbrasil.com.br\/wp-content\/uploads\/2026\/09\/Fitness-Brasil-Expo-20262-1199x800.jpeg 1199w, https:\/\/www.fitnessbrasil.com.br\/wp-content\/uploads\/2026\/09\/Fitness-Brasil-Expo-20262-600x400.jpeg 600w, https:\/\/www.fitnessbrasil.com.br\/wp-content\/uploads\/2026\/09\/Fitness-Brasil-Expo-20262-768x512.jpeg 768w, https:\/\/www.fitnessbrasil.com.br\/wp-content\/uploads\/2026\/09\/Fitness-Brasil-Expo-20262-18x12.jpeg 18w, https:\/\/www.fitnessbrasil.com.br\/wp-content\/uploads\/2026\/09\/Fitness-Brasil-Expo-20262-510x340.jpeg 510w, https:\/\/www.fitnessbrasil.com.br\/wp-content\/uploads\/2026\/09\/Fitness-Brasil-Expo-20262.jpeg 1280w\" data-sizes=\"(max-width: 1199px) 100vw, 1199px\" src=\"data:image\/svg+xml;base64,PHN2ZyB3aWR0aD0iMSIgaGVpZ2h0PSIxIiB4bWxucz0iaHR0cDovL3d3dy53My5vcmcvMjAwMC9zdmciPjwvc3ZnPg==\" style=\"--smush-placeholder-width: 1199px; --smush-placeholder-aspect-ratio: 1199\/800;\" \/><\/a><\/figure>\n\n\n\n<p>Para Gustavo Almeida, diretor executivo da Fitness Brasil, os n\u00fameros confirmam a trajet\u00f3ria de consolida\u00e7\u00e3o do evento. &#8220;Esses dados refor\u00e7am a for\u00e7a e a relev\u00e2ncia que o evento vem conquistando a cada edi\u00e7\u00e3o. Chegar neste ano com esses n\u00fameros mostra que estamos no caminho certo e que o mercado reconhece a Fitness Brasil Expo como um importante ponto de encontro para neg\u00f3cios, conhecimento, relacionamento e inova\u00e7\u00e3o&#8221;, afirma.<\/p>\n\n\n\n<h4 class=\"wp-block-heading\"><strong>Recorde de p\u00fablico, mas com foco na qualidade<\/strong><\/h4>\n\n\n\n<p>Apesar do n\u00famero recorde, Gustavo Almeida faz quest\u00e3o de destacar que o dado mais relevante da edi\u00e7\u00e3o n\u00e3o foi apenas quantitativo. &#8220;O que me chamou muito a aten\u00e7\u00e3o foram os elogios dos expositores sobre a qualidade do p\u00fablico. A feira estava bem ocupada em termos de quantidade de pessoas, mas mais importante do que isso \u00e9 a qualidade de quem est\u00e1 l\u00e1&#8221;, explica.<\/p>\n\n\n\n<figure class=\"wp-block-image size-large\"><a href=\"https:\/\/www.fitnessbrasil.com.br\/es\/panorama-setorial-2026-5a-edicao\/\"><img decoding=\"async\" width=\"1400\" height=\"454\" data-src=\"https:\/\/www.fitnessbrasil.com.br\/wp-content\/uploads\/2026\/09\/panorama_banner-1400x454.png\" alt=\"\" class=\"wp-image-135660 lazyload\" data-srcset=\"https:\/\/www.fitnessbrasil.com.br\/wp-content\/uploads\/2026\/09\/panorama_banner-1400x454.png 1400w, https:\/\/www.fitnessbrasil.com.br\/wp-content\/uploads\/2026\/09\/panorama_banner-800x259.png 800w, https:\/\/www.fitnessbrasil.com.br\/wp-content\/uploads\/2026\/09\/panorama_banner-768x249.png 768w, https:\/\/www.fitnessbrasil.com.br\/wp-content\/uploads\/2026\/09\/panorama_banner-1536x498.png 1536w, https:\/\/www.fitnessbrasil.com.br\/wp-content\/uploads\/2026\/09\/panorama_banner-2048x664.png 2048w, https:\/\/www.fitnessbrasil.com.br\/wp-content\/uploads\/2026\/09\/panorama_banner-18x6.png 18w, https:\/\/www.fitnessbrasil.com.br\/wp-content\/uploads\/2026\/09\/panorama_banner-510x165.png 510w\" data-sizes=\"(max-width: 1400px) 100vw, 1400px\" src=\"data:image\/svg+xml;base64,PHN2ZyB3aWR0aD0iMSIgaGVpZ2h0PSIxIiB4bWxucz0iaHR0cDovL3d3dy53My5vcmcvMjAwMC9zdmciPjwvc3ZnPg==\" style=\"--smush-placeholder-width: 1400px; --smush-placeholder-aspect-ratio: 1400\/454;\" \/><\/a><\/figure>\n\n\n\n<h4 class=\"wp-block-heading\"><strong>Programa\u00e7\u00e3o educacional de alto n\u00edvel<\/strong><\/h4>\n\n\n\n<p>Al\u00e9m do crescimento na feira de neg\u00f3cios, a edi\u00e7\u00e3o de 2026 contou com uma programa\u00e7\u00e3o educacional voltada a profissionais de Educa\u00e7\u00e3o F\u00edsica, gestores, l\u00edderes do mercado, nutricionistas, fisioterapeutas, estudantes e entusiastas do bem-estar em busca de atualiza\u00e7\u00e3o sobre as tend\u00eancias do setor.<\/p>\n\n\n\n<p>A grade de keynotes reuniu nomes de peso: Bryan O&#8217;Rourke, principal refer\u00eancia em tecnologia, inova\u00e7\u00e3o e estrat\u00e9gia do setor fitness global; o fil\u00f3sofo Cl\u00f3vis de Barros; o empres\u00e1rio e medalhista ol\u00edmpico Gustavo Borges; o pesquisador Dado Schneider, especialista em gera\u00e7\u00f5es Z e Alfa; Camila Poiano, criadora do M\u00e9todo Lideran\u00e7a Descomplicada na Pr\u00e1tica; e a futurista Let\u00edcia Setembro, CEO da Seek Futures.<\/p>\n\n\n\n<figure class=\"wp-block-image size-large\"><a href=\"https:\/\/www.fitnessbrasil.com.br\/wp-content\/uploads\/2026\/09\/Fitness-Brasil-Expo-20263.jpeg\"><img decoding=\"async\" width=\"1199\" height=\"800\" data-src=\"https:\/\/www.fitnessbrasil.com.br\/wp-content\/uploads\/2026\/09\/Fitness-Brasil-Expo-20263-1199x800.jpeg\" alt=\"\" class=\"wp-image-135673 lazyload\" data-srcset=\"https:\/\/www.fitnessbrasil.com.br\/wp-content\/uploads\/2026\/09\/Fitness-Brasil-Expo-20263-1199x800.jpeg 1199w, https:\/\/www.fitnessbrasil.com.br\/wp-content\/uploads\/2026\/09\/Fitness-Brasil-Expo-20263-600x400.jpeg 600w, https:\/\/www.fitnessbrasil.com.br\/wp-content\/uploads\/2026\/09\/Fitness-Brasil-Expo-20263-768x512.jpeg 768w, https:\/\/www.fitnessbrasil.com.br\/wp-content\/uploads\/2026\/09\/Fitness-Brasil-Expo-20263-18x12.jpeg 18w, https:\/\/www.fitnessbrasil.com.br\/wp-content\/uploads\/2026\/09\/Fitness-Brasil-Expo-20263-510x340.jpeg 510w, https:\/\/www.fitnessbrasil.com.br\/wp-content\/uploads\/2026\/09\/Fitness-Brasil-Expo-20263.jpeg 1280w\" data-sizes=\"(max-width: 1199px) 100vw, 1199px\" src=\"data:image\/svg+xml;base64,PHN2ZyB3aWR0aD0iMSIgaGVpZ2h0PSIxIiB4bWxucz0iaHR0cDovL3d3dy53My5vcmcvMjAwMC9zdmciPjwvc3ZnPg==\" style=\"--smush-placeholder-width: 1199px; --smush-placeholder-aspect-ratio: 1199\/800;\" \/><\/a><\/figure>\n\n\n\n<h4 class=\"wp-block-heading\"><strong>Os destaques da edi\u00e7\u00e3o<\/strong><\/h4>\n\n\n\n<p>Ao avaliar a edi\u00e7\u00e3o, o diretor executivo tamb\u00e9m listou os pontos que mais chamaram sua aten\u00e7\u00e3o. A experi\u00eancia do p\u00fablico come\u00e7ou j\u00e1 no boulevard, com p\u00f3rtico e recreadores dando as boas-vindas e aquecendo os visitantes desde a chegada, algo s\u00f3 poss\u00edvel com todos os halls do Transam\u00e9rica dedicados ao evento pela primeira vez.<\/p>\n\n\n\n<p>Almeida tamb\u00e9m destacou a cenografia e atua\u00e7\u00e3o dos expositores, com projetos que impressionaram pela beleza e grandiosidade, al\u00e9m da estrutura das palestras e do conforto do VIP Lounge, reservado para o p\u00fablico do Passaporte VIP FitBR. A qualidade do conte\u00fado apresentado tamb\u00e9m foi citada como ponto alto.<\/p>\n\n\n\n<figure class=\"wp-block-image size-large\"><a href=\"https:\/\/www.fitnessbrasil.com.br\/wp-content\/uploads\/2026\/09\/Fitness-Brasil-Expo-20261.jpeg\"><img decoding=\"async\" width=\"1199\" height=\"800\" data-src=\"https:\/\/www.fitnessbrasil.com.br\/wp-content\/uploads\/2026\/09\/Fitness-Brasil-Expo-20261-1199x800.jpeg\" alt=\"\" class=\"wp-image-135671 lazyload\" data-srcset=\"https:\/\/www.fitnessbrasil.com.br\/wp-content\/uploads\/2026\/09\/Fitness-Brasil-Expo-20261-1199x800.jpeg 1199w, https:\/\/www.fitnessbrasil.com.br\/wp-content\/uploads\/2026\/09\/Fitness-Brasil-Expo-20261-600x400.jpeg 600w, https:\/\/www.fitnessbrasil.com.br\/wp-content\/uploads\/2026\/09\/Fitness-Brasil-Expo-20261-768x512.jpeg 768w, https:\/\/www.fitnessbrasil.com.br\/wp-content\/uploads\/2026\/09\/Fitness-Brasil-Expo-20261-18x12.jpeg 18w, https:\/\/www.fitnessbrasil.com.br\/wp-content\/uploads\/2026\/09\/Fitness-Brasil-Expo-20261-510x340.jpeg 510w, https:\/\/www.fitnessbrasil.com.br\/wp-content\/uploads\/2026\/09\/Fitness-Brasil-Expo-20261.jpeg 1280w\" data-sizes=\"(max-width: 1199px) 100vw, 1199px\" src=\"data:image\/svg+xml;base64,PHN2ZyB3aWR0aD0iMSIgaGVpZ2h0PSIxIiB4bWxucz0iaHR0cDovL3d3dy53My5vcmcvMjAwMC9zdmciPjwvc3ZnPg==\" style=\"--smush-placeholder-width: 1199px; --smush-placeholder-aspect-ratio: 1199\/800;\" \/><\/a><\/figure>\n\n\n\n<p>Entre as novidades da edi\u00e7\u00e3o, o crescimento do programa para Empreendimentos Imobili\u00e1rios ganhou destaque, assim como o sucesso de tr\u00eas iniciativas em sua primeira edi\u00e7\u00e3o: a Arena Live, espa\u00e7o dedicado a podcasts ao vivo e conte\u00fado para criadores, que se manteve cheio ao longo dos tr\u00eas dias; o Encontro de Fundos de Investimentos; e a Avant Premi\u00e8re, evento de abertura para lideran\u00e7as do setor.<\/p>\n\n\n\n<h4 class=\"wp-block-heading\"><strong>Fitness Brasil Expo 2027 j\u00e1 tem data confirmada<\/strong><\/h4>\n\n\n\n<p>Encerrada mais uma edi\u00e7\u00e3o hist\u00f3rica, a Fitness Brasil j\u00e1 confirmou data e local para o pr\u00f3ximo ano. A 28\u00aa edi\u00e7\u00e3o da Fitness Brasil Expo acontece entre os dias 26 e 28 de agosto de 2027, novamente no Transam\u00e9rica Expo Center, em S\u00e3o Paulo, reunindo mais uma vez todo o ecossistema do mercado fitness das Am\u00e9ricas.<\/p>","protected":false},"excerpt":{"rendered":"<p>Com crescimento de 13% em rela\u00e7\u00e3o ao n\u00famero de visitantes do ano passado, evento ocupou pela primeira vez os sete pavilh\u00f5es do Transam\u00e9rica Expo Center e j\u00e1 confirma data para 2027<\/p>","protected":false},"author":294,"featured_media":135672,"comment_status":"closed","ping_status":"open","sticky":false,"template":"","format":"standard","meta":{"_acf_changed":false,"footnotes":""},"categories":[430,1,431,70],"tags":[],"post_folder":[],"class_list":["post-135670","post","type-post","status-publish","format-standard","has-post-thumbnail","hentry","category-destaques","category-gestao-e-negocios","category-mais-lidas","category-noticias"],"acf":[],"yoast_head":"<!-- This site is optimized with the Yoast SEO plugin v27.4 - https:\/\/yoast.com\/product\/yoast-seo-wordpress\/ -->\n<title>Fitness Brasil Expo 2026 bate recorde de p\u00fablico e consolida maior edi\u00e7\u00e3o da hist\u00f3ria - Fitness Brasil<\/title>\n<meta name=\"description\" content=\"Com crescimento de 13% em rela\u00e7\u00e3o ao n\u00famero de visitantes de 2025, recorde de p\u00fablico, evento ocupou os sete pavilh\u00f5es do Transam\u00e9rica Expo Cent\" \/>\n<meta name=\"robots\" content=\"index, follow, max-snippet:-1, max-image-preview:large, max-video-preview:-1\" \/>\n<link rel=\"canonical\" href=\"https:\/\/www.fitnessbrasil.com.br\/es\/newsfitbr\/fitness-brasil-expo-2026-bate-recorde-de-publico-e-consolida-maior-edicao-da-historia\/\" \/>\n<meta property=\"og:locale\" content=\"es_ES\" \/>\n<meta property=\"og:type\" content=\"article\" \/>\n<meta property=\"og:title\" content=\"Fitness Brasil Expo 2026 bate recorde de p\u00fablico e consolida maior edi\u00e7\u00e3o da hist\u00f3ria - Fitness Brasil\" \/>\n<meta property=\"og:description\" content=\"Com crescimento de 13% em rela\u00e7\u00e3o ao n\u00famero de visitantes de 2025, recorde de p\u00fablico, evento ocupou os sete pavilh\u00f5es do Transam\u00e9rica Expo Cent\" \/>\n<meta property=\"og:url\" content=\"https:\/\/www.fitnessbrasil.com.br\/es\/newsfitbr\/fitness-brasil-expo-2026-bate-recorde-de-publico-e-consolida-maior-edicao-da-historia\/\" \/>\n<meta property=\"og:site_name\" content=\"Fitness Brasil\" \/>\n<meta property=\"article:published_time\" content=\"2026-09-02T19:20:26+00:00\" \/>\n<meta property=\"article:modified_time\" content=\"2026-09-02T19:20:29+00:00\" \/>\n<meta property=\"og:image\" content=\"https:\/\/www.fitnessbrasil.com.br\/wp-content\/uploads\/2026\/09\/Fitness-Brasil-Expo-20262.jpeg\" \/>\n\t<meta property=\"og:image:width\" content=\"1280\" \/>\n\t<meta property=\"og:image:height\" content=\"854\" \/>\n\t<meta property=\"og:image:type\" content=\"image\/jpeg\" \/>\n<meta name=\"author\" content=\"Edinei Knop\" \/>\n<meta name=\"twitter:card\" content=\"summary_large_image\" \/>\n<meta name=\"twitter:label1\" content=\"Escrito por\" \/>\n\t<meta name=\"twitter:data1\" content=\"Edinei Knop\" \/>\n\t<meta name=\"twitter:label2\" content=\"Tiempo de lectura\" \/>\n\t<meta name=\"twitter:data2\" content=\"5 minutos\" \/>\n<script type=\"application\/ld+json\" class=\"yoast-schema-graph\">{\"@context\":\"https:\\\/\\\/schema.org\",\"@graph\":[{\"@type\":\"Article\",\"@id\":\"https:\\\/\\\/www.fitnessbrasil.com.br\\\/newsfitbr\\\/fitness-brasil-expo-2026-bate-recorde-de-publico-e-consolida-maior-edicao-da-historia\\\/#article\",\"isPartOf\":{\"@id\":\"https:\\\/\\\/www.fitnessbrasil.com.br\\\/newsfitbr\\\/fitness-brasil-expo-2026-bate-recorde-de-publico-e-consolida-maior-edicao-da-historia\\\/\"},\"author\":{\"name\":\"Edinei Knop\",\"@id\":\"https:\\\/\\\/www.fitnessbrasil.com.br\\\/#\\\/schema\\\/person\\\/4f73561462d83d8be85158d6716b42ba\"},\"headline\":\"Fitness Brasil Expo 2026 bate recorde de p\u00fablico e consolida maior edi\u00e7\u00e3o da hist\u00f3ria\",\"datePublished\":\"2026-09-02T19:20:26+00:00\",\"dateModified\":\"2026-09-02T19:20:29+00:00\",\"mainEntityOfPage\":{\"@id\":\"https:\\\/\\\/www.fitnessbrasil.com.br\\\/newsfitbr\\\/fitness-brasil-expo-2026-bate-recorde-de-publico-e-consolida-maior-edicao-da-historia\\\/\"},\"wordCount\":760,\"publisher\":{\"@id\":\"https:\\\/\\\/www.fitnessbrasil.com.br\\\/#organization\"},\"image\":{\"@id\":\"https:\\\/\\\/www.fitnessbrasil.com.br\\\/newsfitbr\\\/fitness-brasil-expo-2026-bate-recorde-de-publico-e-consolida-maior-edicao-da-historia\\\/#primaryimage\"},\"thumbnailUrl\":\"https:\\\/\\\/www.fitnessbrasil.com.br\\\/wp-content\\\/uploads\\\/2026\\\/09\\\/Fitness-Brasil-Expo-20262.jpeg\",\"articleSection\":[\"Destaques\",\"Gest\u00e3o e neg\u00f3cios\",\"Mais Lidas\",\"Not\u00edcias\"],\"inLanguage\":\"es\"},{\"@type\":\"WebPage\",\"@id\":\"https:\\\/\\\/www.fitnessbrasil.com.br\\\/newsfitbr\\\/fitness-brasil-expo-2026-bate-recorde-de-publico-e-consolida-maior-edicao-da-historia\\\/\",\"url\":\"https:\\\/\\\/www.fitnessbrasil.com.br\\\/newsfitbr\\\/fitness-brasil-expo-2026-bate-recorde-de-publico-e-consolida-maior-edicao-da-historia\\\/\",\"name\":\"Fitness Brasil Expo 2026 bate recorde de p\u00fablico e consolida maior edi\u00e7\u00e3o da hist\u00f3ria - Fitness Brasil\",\"isPartOf\":{\"@id\":\"https:\\\/\\\/www.fitnessbrasil.com.br\\\/#website\"},\"primaryImageOfPage\":{\"@id\":\"https:\\\/\\\/www.fitnessbrasil.com.br\\\/newsfitbr\\\/fitness-brasil-expo-2026-bate-recorde-de-publico-e-consolida-maior-edicao-da-historia\\\/#primaryimage\"},\"image\":{\"@id\":\"https:\\\/\\\/www.fitnessbrasil.com.br\\\/newsfitbr\\\/fitness-brasil-expo-2026-bate-recorde-de-publico-e-consolida-maior-edicao-da-historia\\\/#primaryimage\"},\"thumbnailUrl\":\"https:\\\/\\\/www.fitnessbrasil.com.br\\\/wp-content\\\/uploads\\\/2026\\\/09\\\/Fitness-Brasil-Expo-20262.jpeg\",\"datePublished\":\"2026-09-02T19:20:26+00:00\",\"dateModified\":\"2026-09-02T19:20:29+00:00\",\"description\":\"Com crescimento de 13% em rela\u00e7\u00e3o ao n\u00famero de visitantes de 2025, recorde de p\u00fablico, evento ocupou os sete pavilh\u00f5es do Transam\u00e9rica Expo Center.\",\"breadcrumb\":{\"@id\":\"https:\\\/\\\/www.fitnessbrasil.com.br\\\/newsfitbr\\\/fitness-brasil-expo-2026-bate-recorde-de-publico-e-consolida-maior-edicao-da-historia\\\/#breadcrumb\"},\"inLanguage\":\"es\",\"potentialAction\":[{\"@type\":\"ReadAction\",\"target\":[\"https:\\\/\\\/www.fitnessbrasil.com.br\\\/newsfitbr\\\/fitness-brasil-expo-2026-bate-recorde-de-publico-e-consolida-maior-edicao-da-historia\\\/\"]}]},{\"@type\":\"ImageObject\",\"inLanguage\":\"es\",\"@id\":\"https:\\\/\\\/www.fitnessbrasil.com.br\\\/newsfitbr\\\/fitness-brasil-expo-2026-bate-recorde-de-publico-e-consolida-maior-edicao-da-historia\\\/#primaryimage\",\"url\":\"https:\\\/\\\/www.fitnessbrasil.com.br\\\/wp-content\\\/uploads\\\/2026\\\/09\\\/Fitness-Brasil-Expo-20262.jpeg\",\"contentUrl\":\"https:\\\/\\\/www.fitnessbrasil.com.br\\\/wp-content\\\/uploads\\\/2026\\\/09\\\/Fitness-Brasil-Expo-20262.jpeg\",\"width\":1280,\"height\":854},{\"@type\":\"BreadcrumbList\",\"@id\":\"https:\\\/\\\/www.fitnessbrasil.com.br\\\/newsfitbr\\\/fitness-brasil-expo-2026-bate-recorde-de-publico-e-consolida-maior-edicao-da-historia\\\/#breadcrumb\",\"itemListElement\":[{\"@type\":\"ListItem\",\"position\":1,\"name\":\"In\u00edcio\",\"item\":\"https:\\\/\\\/www.fitnessbrasil.com.br\\\/\"},{\"@type\":\"ListItem\",\"position\":2,\"name\":\"Fitness Brasil Expo 2026 bate recorde de p\u00fablico e consolida maior edi\u00e7\u00e3o da hist\u00f3ria\"}]},{\"@type\":\"WebSite\",\"@id\":\"https:\\\/\\\/www.fitnessbrasil.com.br\\\/#website\",\"url\":\"https:\\\/\\\/www.fitnessbrasil.com.br\\\/\",\"name\":\"Fitness Brasil\",\"description\":\"\",\"publisher\":{\"@id\":\"https:\\\/\\\/www.fitnessbrasil.com.br\\\/#organization\"},\"potentialAction\":[{\"@type\":\"SearchAction\",\"target\":{\"@type\":\"EntryPoint\",\"urlTemplate\":\"https:\\\/\\\/www.fitnessbrasil.com.br\\\/?s={search_term_string}\"},\"query-input\":{\"@type\":\"PropertyValueSpecification\",\"valueRequired\":true,\"valueName\":\"search_term_string\"}}],\"inLanguage\":\"es\"},{\"@type\":\"Organization\",\"@id\":\"https:\\\/\\\/www.fitnessbrasil.com.br\\\/#organization\",\"name\":\"Fitness Brasil\",\"url\":\"https:\\\/\\\/www.fitnessbrasil.com.br\\\/\",\"logo\":{\"@type\":\"ImageObject\",\"inLanguage\":\"es\",\"@id\":\"https:\\\/\\\/www.fitnessbrasil.com.br\\\/#\\\/schema\\\/logo\\\/image\\\/\",\"url\":\"https:\\\/\\\/www.fitnessbrasil.com.br\\\/wp-content\\\/uploads\\\/2022\\\/01\\\/Logo-Fitness-Brasil_preto-e-cor.png\",\"contentUrl\":\"https:\\\/\\\/www.fitnessbrasil.com.br\\\/wp-content\\\/uploads\\\/2022\\\/01\\\/Logo-Fitness-Brasil_preto-e-cor.png\",\"width\":593,\"height\":316,\"caption\":\"Fitness Brasil\"},\"image\":{\"@id\":\"https:\\\/\\\/www.fitnessbrasil.com.br\\\/#\\\/schema\\\/logo\\\/image\\\/\"}},{\"@type\":\"Person\",\"@id\":\"https:\\\/\\\/www.fitnessbrasil.com.br\\\/#\\\/schema\\\/person\\\/4f73561462d83d8be85158d6716b42ba\",\"name\":\"Edinei Knop\",\"image\":{\"@type\":\"ImageObject\",\"inLanguage\":\"es\",\"@id\":\"https:\\\/\\\/www.fitnessbrasil.com.br\\\/wp-content\\\/uploads\\\/2026\\\/03\\\/avatar_user_294_1773777337-96x96.jpeg?d=https:\\\/\\\/www.fitnessbrasil.com.br\\\/wp-content\\\/plugins\\\/userswp\\\/assets\\\/images\\\/no_profile.png\",\"url\":\"https:\\\/\\\/www.fitnessbrasil.com.br\\\/wp-content\\\/uploads\\\/2026\\\/03\\\/avatar_user_294_1773777337-96x96.jpeg?d=https:\\\/\\\/www.fitnessbrasil.com.br\\\/wp-content\\\/plugins\\\/userswp\\\/assets\\\/images\\\/no_profile.png\",\"contentUrl\":\"https:\\\/\\\/www.fitnessbrasil.com.br\\\/wp-content\\\/uploads\\\/2026\\\/03\\\/avatar_user_294_1773777337-96x96.jpeg?d=https:\\\/\\\/www.fitnessbrasil.com.br\\\/wp-content\\\/plugins\\\/userswp\\\/assets\\\/images\\\/no_profile.png\",\"caption\":\"Edinei Knop\"},\"url\":\"https:\\\/\\\/www.fitnessbrasil.com.br\\\/es\\\/profile\\\/edineiknop\\\/\"}]}<\/script>\n<!-- \/ Yoast SEO plugin. -->","yoast_head_json":{"title":"Fitness Brasil Expo 2026 bate recorde de p\u00fablico e consolida maior edi\u00e7\u00e3o da hist\u00f3ria - Fitness Brasil","description":"Com crescimento de 13% em rela\u00e7\u00e3o ao n\u00famero de visitantes de 2025, recorde de p\u00fablico, evento ocupou os sete pavilh\u00f5es do Transam\u00e9rica Expo Cent","robots":{"index":"index","follow":"follow","max-snippet":"max-snippet:-1","max-image-preview":"max-image-preview:large","max-video-preview":"max-video-preview:-1"},"canonical":"https:\/\/www.fitnessbrasil.com.br\/es\/newsfitbr\/fitness-brasil-expo-2026-bate-recorde-de-publico-e-consolida-maior-edicao-da-historia\/","og_locale":"es_ES","og_type":"article","og_title":"Fitness Brasil Expo 2026 bate recorde de p\u00fablico e consolida maior edi\u00e7\u00e3o da hist\u00f3ria - Fitness Brasil","og_description":"Com crescimento de 13% em rela\u00e7\u00e3o ao n\u00famero de visitantes de 2025, recorde de p\u00fablico, evento ocupou os sete pavilh\u00f5es do Transam\u00e9rica Expo Cent","og_url":"https:\/\/www.fitnessbrasil.com.br\/es\/newsfitbr\/fitness-brasil-expo-2026-bate-recorde-de-publico-e-consolida-maior-edicao-da-historia\/","og_site_name":"Fitness Brasil","article_published_time":"2026-09-02T19:20:26+00:00","article_modified_time":"2026-09-02T19:20:29+00:00","og_image":[{"width":1280,"height":854,"url":"https:\/\/www.fitnessbrasil.com.br\/wp-content\/uploads\/2026\/09\/Fitness-Brasil-Expo-20262.jpeg","type":"image\/jpeg"}],"author":"Edinei Knop","twitter_card":"summary_large_image","twitter_misc":{"Escrito por":"Edinei Knop","Tiempo de lectura":"5 minutos"},"schema":{"@context":"https:\/\/schema.org","@graph":[{"@type":"Article","@id":"https:\/\/www.fitnessbrasil.com.br\/newsfitbr\/fitness-brasil-expo-2026-bate-recorde-de-publico-e-consolida-maior-edicao-da-historia\/#article","isPartOf":{"@id":"https:\/\/www.fitnessbrasil.com.br\/newsfitbr\/fitness-brasil-expo-2026-bate-recorde-de-publico-e-consolida-maior-edicao-da-historia\/"},"author":{"name":"Edinei Knop","@id":"https:\/\/www.fitnessbrasil.com.br\/#\/schema\/person\/4f73561462d83d8be85158d6716b42ba"},"headline":"Fitness Brasil Expo 2026 bate recorde de p\u00fablico e consolida maior edi\u00e7\u00e3o da hist\u00f3ria","datePublished":"2026-09-02T19:20:26+00:00","dateModified":"2026-09-02T19:20:29+00:00","mainEntityOfPage":{"@id":"https:\/\/www.fitnessbrasil.com.br\/newsfitbr\/fitness-brasil-expo-2026-bate-recorde-de-publico-e-consolida-maior-edicao-da-historia\/"},"wordCount":760,"publisher":{"@id":"https:\/\/www.fitnessbrasil.com.br\/#organization"},"image":{"@id":"https:\/\/www.fitnessbrasil.com.br\/newsfitbr\/fitness-brasil-expo-2026-bate-recorde-de-publico-e-consolida-maior-edicao-da-historia\/#primaryimage"},"thumbnailUrl":"https:\/\/www.fitnessbrasil.com.br\/wp-content\/uploads\/2026\/09\/Fitness-Brasil-Expo-20262.jpeg","articleSection":["Destaques","Gest\u00e3o e neg\u00f3cios","Mais Lidas","Not\u00edcias"],"inLanguage":"es"},{"@type":"WebPage","@id":"https:\/\/www.fitnessbrasil.com.br\/newsfitbr\/fitness-brasil-expo-2026-bate-recorde-de-publico-e-consolida-maior-edicao-da-historia\/","url":"https:\/\/www.fitnessbrasil.com.br\/newsfitbr\/fitness-brasil-expo-2026-bate-recorde-de-publico-e-consolida-maior-edicao-da-historia\/","name":"Fitness Brasil Expo 2026 bate recorde de p\u00fablico e consolida maior edi\u00e7\u00e3o da hist\u00f3ria - Fitness Brasil","isPartOf":{"@id":"https:\/\/www.fitnessbrasil.com.br\/#website"},"primaryImageOfPage":{"@id":"https:\/\/www.fitnessbrasil.com.br\/newsfitbr\/fitness-brasil-expo-2026-bate-recorde-de-publico-e-consolida-maior-edicao-da-historia\/#primaryimage"},"image":{"@id":"https:\/\/www.fitnessbrasil.com.br\/newsfitbr\/fitness-brasil-expo-2026-bate-recorde-de-publico-e-consolida-maior-edicao-da-historia\/#primaryimage"},"thumbnailUrl":"https:\/\/www.fitnessbrasil.com.br\/wp-content\/uploads\/2026\/09\/Fitness-Brasil-Expo-20262.jpeg","datePublished":"2026-09-02T19:20:26+00:00","dateModified":"2026-09-02T19:20:29+00:00","description":"Com crescimento de 13% em rela\u00e7\u00e3o ao n\u00famero de visitantes de 2025, recorde de p\u00fablico, evento ocupou os sete pavilh\u00f5es do Transam\u00e9rica Expo Center.","breadcrumb":{"@id":"https:\/\/www.fitnessbrasil.com.br\/newsfitbr\/fitness-brasil-expo-2026-bate-recorde-de-publico-e-consolida-maior-edicao-da-historia\/#breadcrumb"},"inLanguage":"es","potentialAction":[{"@type":"ReadAction","target":["https:\/\/www.fitnessbrasil.com.br\/newsfitbr\/fitness-brasil-expo-2026-bate-recorde-de-publico-e-consolida-maior-edicao-da-historia\/"]}]},{"@type":"ImageObject","inLanguage":"es","@id":"https:\/\/www.fitnessbrasil.com.br\/newsfitbr\/fitness-brasil-expo-2026-bate-recorde-de-publico-e-consolida-maior-edicao-da-historia\/#primaryimage","url":"https:\/\/www.fitnessbrasil.com.br\/wp-content\/uploads\/2026\/09\/Fitness-Brasil-Expo-20262.jpeg","contentUrl":"https:\/\/www.fitnessbrasil.com.br\/wp-content\/uploads\/2026\/09\/Fitness-Brasil-Expo-20262.jpeg","width":1280,"height":854},{"@type":"BreadcrumbList","@id":"https:\/\/www.fitnessbrasil.com.br\/newsfitbr\/fitness-brasil-expo-2026-bate-recorde-de-publico-e-consolida-maior-edicao-da-historia\/#breadcrumb","itemListElement":[{"@type":"ListItem","position":1,"name":"In\u00edcio","item":"https:\/\/www.fitnessbrasil.com.br\/"},{"@type":"ListItem","position":2,"name":"Fitness Brasil Expo 2026 bate recorde de p\u00fablico e consolida maior edi\u00e7\u00e3o da hist\u00f3ria"}]},{"@type":"WebSite","@id":"https:\/\/www.fitnessbrasil.com.br\/#website","url":"https:\/\/www.fitnessbrasil.com.br\/","name":"Fitness Brasil","description":"","publisher":{"@id":"https:\/\/www.fitnessbrasil.com.br\/#organization"},"potentialAction":[{"@type":"SearchAction","target":{"@type":"EntryPoint","urlTemplate":"https:\/\/www.fitnessbrasil.com.br\/?s={search_term_string}"},"query-input":{"@type":"PropertyValueSpecification","valueRequired":true,"valueName":"search_term_string"}}],"inLanguage":"es"},{"@type":"Organization","@id":"https:\/\/www.fitnessbrasil.com.br\/#organization","name":"Fitness Brasil","url":"https:\/\/www.fitnessbrasil.com.br\/","logo":{"@type":"ImageObject","inLanguage":"es","@id":"https:\/\/www.fitnessbrasil.com.br\/#\/schema\/logo\/image\/","url":"https:\/\/www.fitnessbrasil.com.br\/wp-content\/uploads\/2022\/01\/Logo-Fitness-Brasil_preto-e-cor.png","contentUrl":"https:\/\/www.fitnessbrasil.com.br\/wp-content\/uploads\/2022\/01\/Logo-Fitness-Brasil_preto-e-cor.png","width":593,"height":316,"caption":"Fitness Brasil"},"image":{"@id":"https:\/\/www.fitnessbrasil.com.br\/#\/schema\/logo\/image\/"}},{"@type":"Person","@id":"https:\/\/www.fitnessbrasil.com.br\/#\/schema\/person\/4f73561462d83d8be85158d6716b42ba","name":"Edinei Knop","image":{"@type":"ImageObject","inLanguage":"es","@id":"https:\/\/www.fitnessbrasil.com.br\/wp-content\/uploads\/2026\/03\/avatar_user_294_1773777337-96x96.jpeg?d=https:\/\/www.fitnessbrasil.com.br\/wp-content\/plugins\/userswp\/assets\/images\/no_profile.png","url":"https:\/\/www.fitnessbrasil.com.br\/wp-content\/uploads\/2026\/03\/avatar_user_294_1773777337-96x96.jpeg?d=https:\/\/www.fitnessbrasil.com.br\/wp-content\/plugins\/userswp\/assets\/images\/no_profile.png","contentUrl":"https:\/\/www.fitnessbrasil.com.br\/wp-content\/uploads\/2026\/03\/avatar_user_294_1773777337-96x96.jpeg?d=https:\/\/www.fitnessbrasil.com.br\/wp-content\/plugins\/userswp\/assets\/images\/no_profile.png","caption":"Edinei Knop"},"url":"https:\/\/www.fitnessbrasil.com.br\/es\/profile\/edineiknop\/"}]}},"_links":{"self":[{"href":"https:\/\/www.fitnessbrasil.com.br\/es\/wp-json\/wp\/v2\/posts\/135670","targetHints":{"allow":["GET"]}}],"collection":[{"href":"https:\/\/www.fitnessbrasil.com.br\/es\/wp-json\/wp\/v2\/posts"}],"about":[{"href":"https:\/\/www.fitnessbrasil.com.br\/es\/wp-json\/wp\/v2\/types\/post"}],"author":[{"embeddable":true,"href":"https:\/\/www.fitnessbrasil.com.br\/es\/wp-json\/wp\/v2\/users\/294"}],"replies":[{"embeddable":true,"href":"https:\/\/www.fitnessbrasil.com.br\/es\/wp-json\/wp\/v2\/comments?post=135670"}],"version-history":[{"count":1,"href":"https:\/\/www.fitnessbrasil.com.br\/es\/wp-json\/wp\/v2\/posts\/135670\/revisions"}],"predecessor-version":[{"id":135674,"href":"https:\/\/www.fitnessbrasil.com.br\/es\/wp-json\/wp\/v2\/posts\/135670\/revisions\/135674"}],"wp:featuredmedia":[{"embeddable":true,"href":"https:\/\/www.fitnessbrasil.com.br\/es\/wp-json\/wp\/v2\/media\/135672"}],"wp:attachment":[{"href":"https:\/\/www.fitnessbrasil.com.br\/es\/wp-json\/wp\/v2\/media?parent=135670"}],"wp:term":[{"taxonomy":"category","embeddable":true,"href":"https:\/\/www.fitnessbrasil.com.br\/es\/wp-json\/wp\/v2\/categories?post=135670"},{"taxonomy":"post_tag","embeddable":true,"href":"https:\/\/www.fitnessbrasil.com.br\/es\/wp-json\/wp\/v2\/tags?post=135670"},{"taxonomy":"post_folder","embeddable":true,"href":"https:\/\/www.fitnessbrasil.com.br\/es\/wp-json\/wp\/v2\/post_folder?post=135670"}],"curies":[{"name":"wp","href":"https:\/\/api.w.org\/{rel}","templated":true}]}}