{"id":2025,"date":"2021-10-08T16:49:00","date_gmt":"2021-10-08T19:49:00","guid":{"rendered":"https:\/\/www.fitnessbrasil.com.br\/?p=2025"},"modified":"2022-03-24T15:00:03","modified_gmt":"2022-03-24T18:00:03","slug":"com-a-educacao-fisica-aprendi-a-resgatar-vidas","status":"publish","type":"post","link":"https:\/\/www.fitnessbrasil.com.br\/es\/newsfitbr\/com-a-educacao-fisica-aprendi-a-resgatar-vidas\/","title":{"rendered":"\u201cCom a educa\u00e7\u00e3o f\u00edsica aprendi a resgatar vidas\u201d"},"content":{"rendered":"<p><em>Professor, preparador f\u00edsico, faixa preta de jud\u00f4, Artur Hashimoto \u00e9 a maior refer\u00eancia em treinamento e esportes adaptados do Brasil. No dia 11 de novembro, na IHRSA FB 2021, ele fala sobre <a>\u201c<\/a>Educa\u00e7\u00e3o F\u00edsica inclusiva<a>\u201d<\/a>. Saiba mais<\/em><\/p>\n\n\n\n<p>Yara Ach\u00f4a, Fitness Brasil <br>8\/10\/2021<\/p>\n\n\n\n<p>Na inf\u00e2ncia, ele praticou v\u00e1rios esportes de forma recreativa. E <strong>come\u00e7ou a cursar educa\u00e7\u00e3o f\u00edsica por gostar muito desse universo. O jud\u00f4 foi a modalidade que levou para a vida toda<\/strong>, tornando-se faixa preta e competindo como profissional. Junto com a luta, para se manter no per\u00edodo de estudos universit\u00e1rios, come\u00e7ou a trabalhar com muscula\u00e7\u00e3o. \u201cMe formei em educa\u00e7\u00e3o f\u00edsica em 1994, entrei para a p\u00f3s-gradua\u00e7\u00e3o, fiz treinamento desportivo, sempre pensando em atletas de alto rendimento\u201d, conta <strong>Artur Hashimoto, professor de educa\u00e7\u00e3o f\u00edsica, personal trainer, preparador f\u00edsico, treinador core 360\u00ba e diretor da Sa\u00fade em Evid\u00eancia &#8211; academia 100% acess\u00edvel.<\/strong><\/p>\n\n\n\n<p>Quando come\u00e7ou a trabalhar em uma grande rede de academia, percebeu que n\u00e3o conseguiria se manter s\u00f3 com atletas de alto rendimento e amadores do jud\u00f4. <strong>Em 1997, passou a atuar ent\u00e3o como personal trainer. Em 2000, sua trajet\u00f3ria profissional come\u00e7ou a mudar \u201cmeio por acaso\u201d.<\/strong> Hashimoto era coordenador t\u00e9cnico da Cia Athletica e <strong>foi chamado para receber um aluno cadeirante, de 13 anos de idade<\/strong>. \u201cO Felipe tinha orienta\u00e7\u00e3o do neurologista para fazer atividade f\u00edsica dentro de uma academia. At\u00e9 ent\u00e3o eles se revezava entre cl\u00ednicas de fisioterapia, de ortopedia, de fonoaudiologia&#8230; <strong>E o m\u00e9dico acho que seria bom frequentar uma academia, at\u00e9 mais pelo aspecto psicol\u00f3gico do que f\u00edsico. Mesmo sem nunca ter sonhado trabalhar com cadeirantes, aceitei atend\u00ea-lo, at\u00e9 como um desafio<\/strong>. No primeiro dia n\u00e3o sabia nem como conduzir o treino. Procurei amigos fisioterapeutas, que me deram orienta\u00e7\u00f5es, me alertaram sobre alguns pontos. Comecei testando \u2013 movimentos, aparelhos&#8230; O que dava certo continuava fazendo; o que n\u00e3o dava, descartava\u201d, relata.<\/p>\n\n\n\n<figure class=\"wp-block-image size-large\"><img decoding=\"async\" width=\"1200\" height=\"800\" data-src=\"https:\/\/www.fitnessbrasil.com.br\/wp-content\/uploads\/2021\/10\/seth-kane-oyZalm8fvS4-unsplash-1200x800.jpg\" alt=\"\" class=\"wp-image-2026 lazyload\" data-srcset=\"https:\/\/www.fitnessbrasil.com.br\/wp-content\/uploads\/2021\/10\/seth-kane-oyZalm8fvS4-unsplash-1200x800.jpg 1200w, https:\/\/www.fitnessbrasil.com.br\/wp-content\/uploads\/2021\/10\/seth-kane-oyZalm8fvS4-unsplash-600x400.jpg 600w, https:\/\/www.fitnessbrasil.com.br\/wp-content\/uploads\/2021\/10\/seth-kane-oyZalm8fvS4-unsplash-768x512.jpg 768w, https:\/\/www.fitnessbrasil.com.br\/wp-content\/uploads\/2021\/10\/seth-kane-oyZalm8fvS4-unsplash-1536x1024.jpg 1536w, https:\/\/www.fitnessbrasil.com.br\/wp-content\/uploads\/2021\/10\/seth-kane-oyZalm8fvS4-unsplash-2048x1365.jpg 2048w\" data-sizes=\"(max-width: 1200px) 100vw, 1200px\" src=\"data:image\/svg+xml;base64,PHN2ZyB3aWR0aD0iMSIgaGVpZ2h0PSIxIiB4bWxucz0iaHR0cDovL3d3dy53My5vcmcvMjAwMC9zdmciPjwvc3ZnPg==\" style=\"--smush-placeholder-width: 1200px; --smush-placeholder-aspect-ratio: 1200\/800;\" \/><\/figure>\n\n\n\n<p>Durante nove anos, atendeu apenas esse aluno cadeirante. Mas foi se aprofundando no assunto. <strong>Em 2009, Hashimoto abriu sua pr\u00f3pria academia e Felipe, ent\u00e3o com 22 anos, o acompanhou no novo espa\u00e7o. Aos poucos foram chegando novos alunos<\/strong>. \u201cTive de desaprender, para reaprender. Aprendi novamente a usar o que tive na faculdade s\u00f3 que voltado a um p\u00fablico especial. Hoje atendo v\u00e1rios cadeirantes, com diferentes n\u00edveis de les\u00e3o, cada um com suas particularidades.\u201d<\/p>\n\n\n\n<p><strong>Clodoaldo foi um dos alunos que mais o marcou<\/strong>. \u201cEle havia ficado parapl\u00e9gico h\u00e1 pouco tempo, estava em processo de aceita\u00e7\u00e3o. Foi o caso em que pude perceber a maior evolu\u00e7\u00e3o f\u00edsica e psicol\u00f3gica. <strong>A atividade f\u00edsica transformou sua vida. <\/strong>Ele foi ganhando autonomia, se virando sozinho e at\u00e9 tornou-se atleta de hand bike!\u201d<\/p>\n\n\n\n<p>A partir de uma reportagem sobre sua academia, <strong>em 2010, Hashimoto passou a ser conhecido por seu trabalho com cadeirantes<\/strong>. \u201cO Felipe foi um divisor de \u00e1guas na minha vida. A partir dele, me transformei e aprendi a esperar o tempo que cada um tem e a dar valor a coisas simples.\u201d<\/p>\n\n\n\n<p><strong>Sua palestra \u201cEduca\u00e7\u00e3o f\u00edsica inclusiva: treinamento para cadeirantes\u201d, dia 11 de novembro, \u00e0s 14h40, certamente vai marcar a IHRSA Fitness Brasil 2021.<\/strong> \u201cA educa\u00e7\u00e3o f\u00edsica vai muito al\u00e9m de esculpir corpos. Quando voc\u00ea entende do movimento, aprende a resgatar vidas. Minha inten\u00e7\u00e3o \u00e9 mostrar que n\u00e3o \u00e9 trabalhar s\u00f3 est\u00e9tica, mas <strong>especialmente transformar a vida das pessoas com sa\u00fade<\/strong>.\u201d<\/p>\n\n\n\n<figure class=\"wp-block-image size-large\"><a href=\"http:\/\/Sympla.com.br\/ihrsa-fitness-brasil---edicao-virtual-2021__1299528\"><img decoding=\"async\" width=\"1400\" height=\"788\" data-src=\"https:\/\/www.fitnessbrasil.com.br\/wp-content\/uploads\/2021\/10\/marianne-bos-eDOYvF6pM1I-unsplash-1400x788.jpg\" alt=\"\" class=\"wp-image-2027 lazyload\" data-srcset=\"https:\/\/www.fitnessbrasil.com.br\/wp-content\/uploads\/2021\/10\/marianne-bos-eDOYvF6pM1I-unsplash-1400x788.jpg 1400w, https:\/\/www.fitnessbrasil.com.br\/wp-content\/uploads\/2021\/10\/marianne-bos-eDOYvF6pM1I-unsplash-711x400.jpg 711w, https:\/\/www.fitnessbrasil.com.br\/wp-content\/uploads\/2021\/10\/marianne-bos-eDOYvF6pM1I-unsplash-768x432.jpg 768w, https:\/\/www.fitnessbrasil.com.br\/wp-content\/uploads\/2021\/10\/marianne-bos-eDOYvF6pM1I-unsplash-1536x864.jpg 1536w, https:\/\/www.fitnessbrasil.com.br\/wp-content\/uploads\/2021\/10\/marianne-bos-eDOYvF6pM1I-unsplash-2048x1152.jpg 2048w\" data-sizes=\"(max-width: 1400px) 100vw, 1400px\" src=\"data:image\/svg+xml;base64,PHN2ZyB3aWR0aD0iMSIgaGVpZ2h0PSIxIiB4bWxucz0iaHR0cDovL3d3dy53My5vcmcvMjAwMC9zdmciPjwvc3ZnPg==\" style=\"--smush-placeholder-width: 1400px; --smush-placeholder-aspect-ratio: 1400\/788;\" \/><\/a><\/figure>\n\n\n\n<p class=\"has-cyan-bluish-gray-background-color has-background\"><strong>LEIA TAMB\u00c9M: <\/strong><a rel=\"noreferrer noopener\" href=\"https:\/\/www.fitnessbrasil.com.br\/es\/2021\/09\/13\/ihrsa-fitness-brasil-2021\/\" data-type=\"post\" data-id=\"1463\" target=\"_blank\"><strong>IHRSA FITNESS BRASIL 2021: edi\u00e7\u00e3o online com muito conte\u00fado e intera\u00e7\u00e3o<\/strong><\/a><\/p>\n\n\n\n<p class=\"has-cyan-bluish-gray-background-color has-background\"><strong>S\u00e9rie Speakers IHRSA FB 2021<\/strong><br><strong><a rel=\"noreferrer noopener\" href=\"https:\/\/www.fitnessbrasil.com.br\/es\/2021\/10\/04\/empodere-se-por-meio-da-aprendizagem\/\" data-type=\"post\" data-id=\"1953\" target=\"_blank\">\u201cEmpodere-se por meio da aprendizagem\u201d<\/a>; <br><a rel=\"noreferrer noopener\" href=\"https:\/\/www.fitnessbrasil.com.br\/es\/2021\/10\/06\/temos-o-poder-de-transformar-a-vida-das-pessoas\/\" data-type=\"post\" data-id=\"1994\" target=\"_blank\">\u201cTemos o poder de transformar a vida das pessoas\u201d<\/a>; <br><a rel=\"noreferrer noopener\" href=\"https:\/\/www.fitnessbrasil.com.br\/es\/2021\/09\/29\/a-inteligencia-artificial-mudara-a-gestao-dos-negocios\/\" data-type=\"post\" data-id=\"1876\" target=\"_blank\">\u201cA intelig\u00eancia artificial mudar\u00e1 a gest\u00e3o dos neg\u00f3cios\u201d<\/a>; <br><a rel=\"noreferrer noopener\" href=\"https:\/\/www.fitnessbrasil.com.br\/es\/2021\/09\/27\/precisamos-cuidar-das-nossas-pessoas\/\" data-type=\"post\" data-id=\"1808\" target=\"_blank\">\u201cPrecisamos cuidar das nossas pessoas\u201d<\/a><\/strong><\/p>","protected":false},"excerpt":{"rendered":"<p>Professor, preparador f\u00edsico, faixa preta de jud\u00f4, Artur Hashimoto \u00e9 a maior refer\u00eancia em treinamento e esportes adaptados do Brasil. No dia 11 de novembro, na IHRSA FB 2021, ele fala sobre \u201cEduca\u00e7\u00e3o F\u00edsica inclusiva\u201d. Saiba mais Yara Ach\u00f4a, Fitness Brasil 8\/10\/2021 Na inf\u00e2ncia, ele praticou v\u00e1rios esportes de forma recreativa. E come\u00e7ou a cursar&#8230;<\/p>","protected":false},"author":40,"featured_media":2079,"comment_status":"closed","ping_status":"closed","sticky":false,"template":"","format":"standard","meta":{"_acf_changed":false,"footnotes":""},"categories":[68,70],"tags":[],"post_folder":[],"class_list":["post-2025","post","type-post","status-publish","format-standard","has-post-thumbnail","hentry","category-esporte","category-noticias"],"acf":[],"yoast_head":"<!-- This site is optimized with the Yoast SEO plugin v27.4 - https:\/\/yoast.com\/product\/yoast-seo-wordpress\/ -->\n<title>\u201cCom a educa\u00e7\u00e3o f\u00edsica aprendi a resgatar vidas\u201d - Fitness Brasil<\/title>\n<meta name=\"robots\" content=\"index, follow, max-snippet:-1, max-image-preview:large, max-video-preview:-1\" \/>\n<link rel=\"canonical\" href=\"https:\/\/www.fitnessbrasil.com.br\/es\/newsfitbr\/com-a-educacao-fisica-aprendi-a-resgatar-vidas\/\" \/>\n<meta property=\"og:locale\" content=\"es_ES\" \/>\n<meta property=\"og:type\" content=\"article\" \/>\n<meta property=\"og:title\" content=\"\u201cCom a educa\u00e7\u00e3o f\u00edsica aprendi a resgatar vidas\u201d - Fitness Brasil\" \/>\n<meta property=\"og:description\" content=\"Professor, preparador f\u00edsico, faixa preta de jud\u00f4, Artur Hashimoto \u00e9 a maior refer\u00eancia em treinamento e esportes adaptados do Brasil. No dia 11 d\" \/>\n<meta property=\"og:url\" content=\"https:\/\/www.fitnessbrasil.com.br\/es\/newsfitbr\/com-a-educacao-fisica-aprendi-a-resgatar-vidas\/\" \/>\n<meta property=\"og:site_name\" content=\"Fitness Brasil\" \/>\n<meta property=\"article:published_time\" content=\"2021-10-08T19:49:00+00:00\" \/>\n<meta property=\"article:modified_time\" content=\"2022-03-24T18:00:03+00:00\" \/>\n<meta property=\"og:image\" content=\"https:\/\/www.fitnessbrasil.com.br\/wp-content\/uploads\/2021\/10\/Palestrante_ARTUR.jpg\" \/>\n\t<meta property=\"og:image:width\" content=\"2560\" \/>\n\t<meta property=\"og:image:height\" content=\"1695\" \/>\n\t<meta property=\"og:image:type\" content=\"image\/jpeg\" \/>\n<meta name=\"author\" content=\"Yara Achoa\" \/>\n<meta name=\"twitter:card\" content=\"summary_large_image\" \/>\n<meta name=\"twitter:label1\" content=\"Escrito por\" \/>\n\t<meta name=\"twitter:data1\" content=\"Yara Achoa\" \/>\n\t<meta name=\"twitter:label2\" content=\"Tiempo de lectura\" \/>\n\t<meta name=\"twitter:data2\" content=\"3 minutos\" \/>\n<script type=\"application\/ld+json\" class=\"yoast-schema-graph\">{\"@context\":\"https:\\\/\\\/schema.org\",\"@graph\":[{\"@type\":\"Article\",\"@id\":\"https:\\\/\\\/www.fitnessbrasil.com.br\\\/newsfitbr\\\/com-a-educacao-fisica-aprendi-a-resgatar-vidas\\\/#article\",\"isPartOf\":{\"@id\":\"https:\\\/\\\/www.fitnessbrasil.com.br\\\/newsfitbr\\\/com-a-educacao-fisica-aprendi-a-resgatar-vidas\\\/\"},\"author\":{\"name\":\"Yara Achoa\",\"@id\":\"https:\\\/\\\/www.fitnessbrasil.com.br\\\/#\\\/schema\\\/person\\\/44332d981b99ed3bec8d1f53079a3ad4\"},\"headline\":\"\u201cCom a educa\u00e7\u00e3o f\u00edsica aprendi a resgatar vidas\u201d\",\"datePublished\":\"2021-10-08T19:49:00+00:00\",\"dateModified\":\"2022-03-24T18:00:03+00:00\",\"mainEntityOfPage\":{\"@id\":\"https:\\\/\\\/www.fitnessbrasil.com.br\\\/newsfitbr\\\/com-a-educacao-fisica-aprendi-a-resgatar-vidas\\\/\"},\"wordCount\":650,\"publisher\":{\"@id\":\"https:\\\/\\\/www.fitnessbrasil.com.br\\\/#organization\"},\"image\":{\"@id\":\"https:\\\/\\\/www.fitnessbrasil.com.br\\\/newsfitbr\\\/com-a-educacao-fisica-aprendi-a-resgatar-vidas\\\/#primaryimage\"},\"thumbnailUrl\":\"https:\\\/\\\/www.fitnessbrasil.com.br\\\/wp-content\\\/uploads\\\/2021\\\/10\\\/Palestrante_ARTUR.jpg\",\"articleSection\":[\"Esporte\",\"Not\u00edcias\"],\"inLanguage\":\"es\"},{\"@type\":\"WebPage\",\"@id\":\"https:\\\/\\\/www.fitnessbrasil.com.br\\\/newsfitbr\\\/com-a-educacao-fisica-aprendi-a-resgatar-vidas\\\/\",\"url\":\"https:\\\/\\\/www.fitnessbrasil.com.br\\\/newsfitbr\\\/com-a-educacao-fisica-aprendi-a-resgatar-vidas\\\/\",\"name\":\"\u201cCom a educa\u00e7\u00e3o f\u00edsica aprendi a resgatar vidas\u201d - Fitness Brasil\",\"isPartOf\":{\"@id\":\"https:\\\/\\\/www.fitnessbrasil.com.br\\\/#website\"},\"primaryImageOfPage\":{\"@id\":\"https:\\\/\\\/www.fitnessbrasil.com.br\\\/newsfitbr\\\/com-a-educacao-fisica-aprendi-a-resgatar-vidas\\\/#primaryimage\"},\"image\":{\"@id\":\"https:\\\/\\\/www.fitnessbrasil.com.br\\\/newsfitbr\\\/com-a-educacao-fisica-aprendi-a-resgatar-vidas\\\/#primaryimage\"},\"thumbnailUrl\":\"https:\\\/\\\/www.fitnessbrasil.com.br\\\/wp-content\\\/uploads\\\/2021\\\/10\\\/Palestrante_ARTUR.jpg\",\"datePublished\":\"2021-10-08T19:49:00+00:00\",\"dateModified\":\"2022-03-24T18:00:03+00:00\",\"breadcrumb\":{\"@id\":\"https:\\\/\\\/www.fitnessbrasil.com.br\\\/newsfitbr\\\/com-a-educacao-fisica-aprendi-a-resgatar-vidas\\\/#breadcrumb\"},\"inLanguage\":\"es\",\"potentialAction\":[{\"@type\":\"ReadAction\",\"target\":[\"https:\\\/\\\/www.fitnessbrasil.com.br\\\/newsfitbr\\\/com-a-educacao-fisica-aprendi-a-resgatar-vidas\\\/\"]}]},{\"@type\":\"ImageObject\",\"inLanguage\":\"es\",\"@id\":\"https:\\\/\\\/www.fitnessbrasil.com.br\\\/newsfitbr\\\/com-a-educacao-fisica-aprendi-a-resgatar-vidas\\\/#primaryimage\",\"url\":\"https:\\\/\\\/www.fitnessbrasil.com.br\\\/wp-content\\\/uploads\\\/2021\\\/10\\\/Palestrante_ARTUR.jpg\",\"contentUrl\":\"https:\\\/\\\/www.fitnessbrasil.com.br\\\/wp-content\\\/uploads\\\/2021\\\/10\\\/Palestrante_ARTUR.jpg\",\"width\":2560,\"height\":1695},{\"@type\":\"BreadcrumbList\",\"@id\":\"https:\\\/\\\/www.fitnessbrasil.com.br\\\/newsfitbr\\\/com-a-educacao-fisica-aprendi-a-resgatar-vidas\\\/#breadcrumb\",\"itemListElement\":[{\"@type\":\"ListItem\",\"position\":1,\"name\":\"In\u00edcio\",\"item\":\"https:\\\/\\\/www.fitnessbrasil.com.br\\\/\"},{\"@type\":\"ListItem\",\"position\":2,\"name\":\"\u201cCom a educa\u00e7\u00e3o f\u00edsica aprendi a resgatar vidas\u201d\"}]},{\"@type\":\"WebSite\",\"@id\":\"https:\\\/\\\/www.fitnessbrasil.com.br\\\/#website\",\"url\":\"https:\\\/\\\/www.fitnessbrasil.com.br\\\/\",\"name\":\"Fitness Brasil\",\"description\":\"\",\"publisher\":{\"@id\":\"https:\\\/\\\/www.fitnessbrasil.com.br\\\/#organization\"},\"potentialAction\":[{\"@type\":\"SearchAction\",\"target\":{\"@type\":\"EntryPoint\",\"urlTemplate\":\"https:\\\/\\\/www.fitnessbrasil.com.br\\\/?s={search_term_string}\"},\"query-input\":{\"@type\":\"PropertyValueSpecification\",\"valueRequired\":true,\"valueName\":\"search_term_string\"}}],\"inLanguage\":\"es\"},{\"@type\":\"Organization\",\"@id\":\"https:\\\/\\\/www.fitnessbrasil.com.br\\\/#organization\",\"name\":\"Fitness Brasil\",\"url\":\"https:\\\/\\\/www.fitnessbrasil.com.br\\\/\",\"logo\":{\"@type\":\"ImageObject\",\"inLanguage\":\"es\",\"@id\":\"https:\\\/\\\/www.fitnessbrasil.com.br\\\/#\\\/schema\\\/logo\\\/image\\\/\",\"url\":\"https:\\\/\\\/www.fitnessbrasil.com.br\\\/wp-content\\\/uploads\\\/2022\\\/01\\\/Logo-Fitness-Brasil_preto-e-cor.png\",\"contentUrl\":\"https:\\\/\\\/www.fitnessbrasil.com.br\\\/wp-content\\\/uploads\\\/2022\\\/01\\\/Logo-Fitness-Brasil_preto-e-cor.png\",\"width\":593,\"height\":316,\"caption\":\"Fitness Brasil\"},\"image\":{\"@id\":\"https:\\\/\\\/www.fitnessbrasil.com.br\\\/#\\\/schema\\\/logo\\\/image\\\/\"}},{\"@type\":\"Person\",\"@id\":\"https:\\\/\\\/www.fitnessbrasil.com.br\\\/#\\\/schema\\\/person\\\/44332d981b99ed3bec8d1f53079a3ad4\",\"name\":\"Yara Achoa\",\"image\":{\"@type\":\"ImageObject\",\"inLanguage\":\"es\",\"@id\":\"https:\\\/\\\/secure.gravatar.com\\\/avatar\\\/703d1497efa1686cdeb68ba91129ecb39a6e38dabd429d4b66e0f888e491d424?s=96&r=g&d=https:\\\/\\\/www.fitnessbrasil.com.br\\\/wp-content\\\/plugins\\\/userswp\\\/assets\\\/images\\\/no_profile.png\",\"url\":\"https:\\\/\\\/secure.gravatar.com\\\/avatar\\\/703d1497efa1686cdeb68ba91129ecb39a6e38dabd429d4b66e0f888e491d424?s=96&r=g&d=https:\\\/\\\/www.fitnessbrasil.com.br\\\/wp-content\\\/plugins\\\/userswp\\\/assets\\\/images\\\/no_profile.png\",\"contentUrl\":\"https:\\\/\\\/secure.gravatar.com\\\/avatar\\\/703d1497efa1686cdeb68ba91129ecb39a6e38dabd429d4b66e0f888e491d424?s=96&r=g&d=https:\\\/\\\/www.fitnessbrasil.com.br\\\/wp-content\\\/plugins\\\/userswp\\\/assets\\\/images\\\/no_profile.png\",\"caption\":\"Yara Achoa\"},\"sameAs\":[\"http:\\\/\\\/yara@fitnessbrasil.com.br\"],\"url\":\"https:\\\/\\\/www.fitnessbrasil.com.br\\\/es\\\/profile\\\/yara\\\/\"}]}<\/script>\n<!-- \/ Yoast SEO plugin. -->","yoast_head_json":{"title":"\u201cCom a educa\u00e7\u00e3o f\u00edsica aprendi a resgatar vidas\u201d - Fitness Brasil","robots":{"index":"index","follow":"follow","max-snippet":"max-snippet:-1","max-image-preview":"max-image-preview:large","max-video-preview":"max-video-preview:-1"},"canonical":"https:\/\/www.fitnessbrasil.com.br\/es\/newsfitbr\/com-a-educacao-fisica-aprendi-a-resgatar-vidas\/","og_locale":"es_ES","og_type":"article","og_title":"\u201cCom a educa\u00e7\u00e3o f\u00edsica aprendi a resgatar vidas\u201d - Fitness Brasil","og_description":"Professor, preparador f\u00edsico, faixa preta de jud\u00f4, Artur Hashimoto \u00e9 a maior refer\u00eancia em treinamento e esportes adaptados do Brasil. No dia 11 d","og_url":"https:\/\/www.fitnessbrasil.com.br\/es\/newsfitbr\/com-a-educacao-fisica-aprendi-a-resgatar-vidas\/","og_site_name":"Fitness Brasil","article_published_time":"2021-10-08T19:49:00+00:00","article_modified_time":"2022-03-24T18:00:03+00:00","og_image":[{"width":2560,"height":1695,"url":"https:\/\/www.fitnessbrasil.com.br\/wp-content\/uploads\/2021\/10\/Palestrante_ARTUR.jpg","type":"image\/jpeg"}],"author":"Yara Achoa","twitter_card":"summary_large_image","twitter_misc":{"Escrito por":"Yara Achoa","Tiempo de lectura":"3 minutos"},"schema":{"@context":"https:\/\/schema.org","@graph":[{"@type":"Article","@id":"https:\/\/www.fitnessbrasil.com.br\/newsfitbr\/com-a-educacao-fisica-aprendi-a-resgatar-vidas\/#article","isPartOf":{"@id":"https:\/\/www.fitnessbrasil.com.br\/newsfitbr\/com-a-educacao-fisica-aprendi-a-resgatar-vidas\/"},"author":{"name":"Yara Achoa","@id":"https:\/\/www.fitnessbrasil.com.br\/#\/schema\/person\/44332d981b99ed3bec8d1f53079a3ad4"},"headline":"\u201cCom a educa\u00e7\u00e3o f\u00edsica aprendi a resgatar vidas\u201d","datePublished":"2021-10-08T19:49:00+00:00","dateModified":"2022-03-24T18:00:03+00:00","mainEntityOfPage":{"@id":"https:\/\/www.fitnessbrasil.com.br\/newsfitbr\/com-a-educacao-fisica-aprendi-a-resgatar-vidas\/"},"wordCount":650,"publisher":{"@id":"https:\/\/www.fitnessbrasil.com.br\/#organization"},"image":{"@id":"https:\/\/www.fitnessbrasil.com.br\/newsfitbr\/com-a-educacao-fisica-aprendi-a-resgatar-vidas\/#primaryimage"},"thumbnailUrl":"https:\/\/www.fitnessbrasil.com.br\/wp-content\/uploads\/2021\/10\/Palestrante_ARTUR.jpg","articleSection":["Esporte","Not\u00edcias"],"inLanguage":"es"},{"@type":"WebPage","@id":"https:\/\/www.fitnessbrasil.com.br\/newsfitbr\/com-a-educacao-fisica-aprendi-a-resgatar-vidas\/","url":"https:\/\/www.fitnessbrasil.com.br\/newsfitbr\/com-a-educacao-fisica-aprendi-a-resgatar-vidas\/","name":"\u201cCom a educa\u00e7\u00e3o f\u00edsica aprendi a resgatar vidas\u201d - Fitness Brasil","isPartOf":{"@id":"https:\/\/www.fitnessbrasil.com.br\/#website"},"primaryImageOfPage":{"@id":"https:\/\/www.fitnessbrasil.com.br\/newsfitbr\/com-a-educacao-fisica-aprendi-a-resgatar-vidas\/#primaryimage"},"image":{"@id":"https:\/\/www.fitnessbrasil.com.br\/newsfitbr\/com-a-educacao-fisica-aprendi-a-resgatar-vidas\/#primaryimage"},"thumbnailUrl":"https:\/\/www.fitnessbrasil.com.br\/wp-content\/uploads\/2021\/10\/Palestrante_ARTUR.jpg","datePublished":"2021-10-08T19:49:00+00:00","dateModified":"2022-03-24T18:00:03+00:00","breadcrumb":{"@id":"https:\/\/www.fitnessbrasil.com.br\/newsfitbr\/com-a-educacao-fisica-aprendi-a-resgatar-vidas\/#breadcrumb"},"inLanguage":"es","potentialAction":[{"@type":"ReadAction","target":["https:\/\/www.fitnessbrasil.com.br\/newsfitbr\/com-a-educacao-fisica-aprendi-a-resgatar-vidas\/"]}]},{"@type":"ImageObject","inLanguage":"es","@id":"https:\/\/www.fitnessbrasil.com.br\/newsfitbr\/com-a-educacao-fisica-aprendi-a-resgatar-vidas\/#primaryimage","url":"https:\/\/www.fitnessbrasil.com.br\/wp-content\/uploads\/2021\/10\/Palestrante_ARTUR.jpg","contentUrl":"https:\/\/www.fitnessbrasil.com.br\/wp-content\/uploads\/2021\/10\/Palestrante_ARTUR.jpg","width":2560,"height":1695},{"@type":"BreadcrumbList","@id":"https:\/\/www.fitnessbrasil.com.br\/newsfitbr\/com-a-educacao-fisica-aprendi-a-resgatar-vidas\/#breadcrumb","itemListElement":[{"@type":"ListItem","position":1,"name":"In\u00edcio","item":"https:\/\/www.fitnessbrasil.com.br\/"},{"@type":"ListItem","position":2,"name":"\u201cCom a educa\u00e7\u00e3o f\u00edsica aprendi a resgatar vidas\u201d"}]},{"@type":"WebSite","@id":"https:\/\/www.fitnessbrasil.com.br\/#website","url":"https:\/\/www.fitnessbrasil.com.br\/","name":"Fitness Brasil","description":"","publisher":{"@id":"https:\/\/www.fitnessbrasil.com.br\/#organization"},"potentialAction":[{"@type":"SearchAction","target":{"@type":"EntryPoint","urlTemplate":"https:\/\/www.fitnessbrasil.com.br\/?s={search_term_string}"},"query-input":{"@type":"PropertyValueSpecification","valueRequired":true,"valueName":"search_term_string"}}],"inLanguage":"es"},{"@type":"Organization","@id":"https:\/\/www.fitnessbrasil.com.br\/#organization","name":"Fitness Brasil","url":"https:\/\/www.fitnessbrasil.com.br\/","logo":{"@type":"ImageObject","inLanguage":"es","@id":"https:\/\/www.fitnessbrasil.com.br\/#\/schema\/logo\/image\/","url":"https:\/\/www.fitnessbrasil.com.br\/wp-content\/uploads\/2022\/01\/Logo-Fitness-Brasil_preto-e-cor.png","contentUrl":"https:\/\/www.fitnessbrasil.com.br\/wp-content\/uploads\/2022\/01\/Logo-Fitness-Brasil_preto-e-cor.png","width":593,"height":316,"caption":"Fitness Brasil"},"image":{"@id":"https:\/\/www.fitnessbrasil.com.br\/#\/schema\/logo\/image\/"}},{"@type":"Person","@id":"https:\/\/www.fitnessbrasil.com.br\/#\/schema\/person\/44332d981b99ed3bec8d1f53079a3ad4","name":"Yara Achoa","image":{"@type":"ImageObject","inLanguage":"es","@id":"https:\/\/secure.gravatar.com\/avatar\/703d1497efa1686cdeb68ba91129ecb39a6e38dabd429d4b66e0f888e491d424?s=96&r=g&d=https:\/\/www.fitnessbrasil.com.br\/wp-content\/plugins\/userswp\/assets\/images\/no_profile.png","url":"https:\/\/secure.gravatar.com\/avatar\/703d1497efa1686cdeb68ba91129ecb39a6e38dabd429d4b66e0f888e491d424?s=96&r=g&d=https:\/\/www.fitnessbrasil.com.br\/wp-content\/plugins\/userswp\/assets\/images\/no_profile.png","contentUrl":"https:\/\/secure.gravatar.com\/avatar\/703d1497efa1686cdeb68ba91129ecb39a6e38dabd429d4b66e0f888e491d424?s=96&r=g&d=https:\/\/www.fitnessbrasil.com.br\/wp-content\/plugins\/userswp\/assets\/images\/no_profile.png","caption":"Yara Achoa"},"sameAs":["http:\/\/yara@fitnessbrasil.com.br"],"url":"https:\/\/www.fitnessbrasil.com.br\/es\/profile\/yara\/"}]}},"_links":{"self":[{"href":"https:\/\/www.fitnessbrasil.com.br\/es\/wp-json\/wp\/v2\/posts\/2025","targetHints":{"allow":["GET"]}}],"collection":[{"href":"https:\/\/www.fitnessbrasil.com.br\/es\/wp-json\/wp\/v2\/posts"}],"about":[{"href":"https:\/\/www.fitnessbrasil.com.br\/es\/wp-json\/wp\/v2\/types\/post"}],"author":[{"embeddable":true,"href":"https:\/\/www.fitnessbrasil.com.br\/es\/wp-json\/wp\/v2\/users\/40"}],"replies":[{"embeddable":true,"href":"https:\/\/www.fitnessbrasil.com.br\/es\/wp-json\/wp\/v2\/comments?post=2025"}],"version-history":[{"count":4,"href":"https:\/\/www.fitnessbrasil.com.br\/es\/wp-json\/wp\/v2\/posts\/2025\/revisions"}],"predecessor-version":[{"id":2081,"href":"https:\/\/www.fitnessbrasil.com.br\/es\/wp-json\/wp\/v2\/posts\/2025\/revisions\/2081"}],"wp:featuredmedia":[{"embeddable":true,"href":"https:\/\/www.fitnessbrasil.com.br\/es\/wp-json\/wp\/v2\/media\/2079"}],"wp:attachment":[{"href":"https:\/\/www.fitnessbrasil.com.br\/es\/wp-json\/wp\/v2\/media?parent=2025"}],"wp:term":[{"taxonomy":"category","embeddable":true,"href":"https:\/\/www.fitnessbrasil.com.br\/es\/wp-json\/wp\/v2\/categories?post=2025"},{"taxonomy":"post_tag","embeddable":true,"href":"https:\/\/www.fitnessbrasil.com.br\/es\/wp-json\/wp\/v2\/tags?post=2025"},{"taxonomy":"post_folder","embeddable":true,"href":"https:\/\/www.fitnessbrasil.com.br\/es\/wp-json\/wp\/v2\/post_folder?post=2025"}],"curies":[{"name":"wp","href":"https:\/\/api.w.org\/{rel}","templated":true}]}}