{"id":2092,"date":"2021-10-11T12:00:00","date_gmt":"2021-10-11T15:00:00","guid":{"rendered":"https:\/\/www.fitnessbrasil.com.br\/?p=2092"},"modified":"2022-03-24T15:00:21","modified_gmt":"2022-03-24T18:00:21","slug":"o-professor-e-um-transformador-da-sociedade","status":"publish","type":"post","link":"https:\/\/www.fitnessbrasil.com.br\/es\/newsfitbr\/o-professor-e-um-transformador-da-sociedade\/","title":{"rendered":"\u201cO professor \u00e9 um transformador da sociedade\u201d"},"content":{"rendered":"<p><em>Formado em educa\u00e7\u00e3o f\u00edsica, ex-t\u00e9cnico da sele\u00e7\u00e3o brasileira de nata\u00e7\u00e3o, criador da Metodologia Gustavo Borges, William Urizzi de Lima \u00e9 uma refer\u00eancia da modalidade. Na IHRSA FB 2021, ele vai falar sobre a import\u00e2ncia de empreender no esporte<\/em><\/p>\n\n\n\n<p>Yara Ach\u00f4a, Fitness Brasil<br>11\/10\/2021<\/p>\n\n\n\n<p>Profissional de educa\u00e7\u00e3o f\u00edsica formado na terceira turma da Faculdade de Educa\u00e7\u00e3o F\u00edsica de Santos \u2013 a primeira particular do Brasil \u2013, <strong>William Urizzi de Lima sempre se destacou entre os melhores <\/strong>e teve at\u00e9 Pel\u00e9 como colega de classe. <strong>Especializou-se em nata\u00e7\u00e3o e n\u00e3o contente s\u00f3 com essa forma\u00e7\u00e3o, tamb\u00e9m cursou psicologia<\/strong>. \u00a0<\/p>\n\n\n\n<p>Por 40 anos, foi treinador dos maiores clubes nacionais: Juventus, Pinheiros, Paineiras, Paulistano, Corinthians, S\u00e3o Caetano, Vasco.<strong> Foi t\u00e9cnico da sele\u00e7\u00e3o brasileira de nata\u00e7\u00e3o, tornou-se professor da disciplina de atividades aqu\u00e1ticas na gradua\u00e7\u00e3o e p\u00f3s-gradua\u00e7\u00e3o <\/strong>e atuou em v\u00e1rias olimp\u00edadas como comentarista. <strong>Em 2005, foi o mentor da Metodologia Gustavo Borges <\/strong>\u2013 um dos os principais nome da nata\u00e7\u00e3o mundial, com quatro medalhas ol\u00edmpicas e 19 pan-americanas. Tudo isso refor\u00e7ou sua bagagem como gestor. <strong>\u201cO profissional de educa\u00e7\u00e3o f\u00edsica tem de ir al\u00e9m de dominar t\u00e9cnica e fisiologia. Tem de ser gestor tamb\u00e9m\u201d, diz.<\/strong><\/p>\n\n\n\n<p>Esse, inclusive, \u00e9 o tema de <strong>sua palestra, no dia 12 de novembro, \u00e0s 16h30, na IHRSA Fitness Brasil edi\u00e7\u00e3o virtual<\/strong>.<strong> \u201cO professor \u00e9 um transformador da sociedade. <\/strong>E ele precisa buscar constante aprendizado e n\u00e3o ter medo de empreender. Encontros como esse s\u00e3o importantes para ampliarmos nossa vis\u00e3o e, por meio do que fazemos, ajudar a mudar mundo.\u201d<\/p>\n\n\n\n<figure class=\"wp-block-image size-large\"><img decoding=\"async\" width=\"1195\" height=\"800\" data-src=\"https:\/\/www.fitnessbrasil.com.br\/wp-content\/uploads\/2021\/10\/Natacao-1195x800.jpg\" alt=\"\" class=\"wp-image-2094 lazyload\" data-srcset=\"https:\/\/www.fitnessbrasil.com.br\/wp-content\/uploads\/2021\/10\/Natacao-1195x800.jpg 1195w, https:\/\/www.fitnessbrasil.com.br\/wp-content\/uploads\/2021\/10\/Natacao-598x400.jpg 598w, https:\/\/www.fitnessbrasil.com.br\/wp-content\/uploads\/2021\/10\/Natacao-768x514.jpg 768w, https:\/\/www.fitnessbrasil.com.br\/wp-content\/uploads\/2021\/10\/Natacao-1536x1028.jpg 1536w, https:\/\/www.fitnessbrasil.com.br\/wp-content\/uploads\/2021\/10\/Natacao-2048x1371.jpg 2048w\" data-sizes=\"(max-width: 1195px) 100vw, 1195px\" src=\"data:image\/svg+xml;base64,PHN2ZyB3aWR0aD0iMSIgaGVpZ2h0PSIxIiB4bWxucz0iaHR0cDovL3d3dy53My5vcmcvMjAwMC9zdmciPjwvc3ZnPg==\" style=\"--smush-placeholder-width: 1195px; --smush-placeholder-aspect-ratio: 1195\/800;\" \/><\/figure>\n\n\n\n<p><strong>Al\u00e9m da palestra \u201cO professor empreendedor: novas conquistas\u201d, Urizzi tamb\u00e9m participa da mesa-redonda \u201cQuais os benef\u00edcios de trabalhar com m\u00e9todo?\u201d,<\/strong> ao lado de Almir Marchetti e Fabricio Madureira. \u201cAlguns empreendedores acham que t\u00eam metodologia, quando na verdade t\u00eam um conjunto de estrat\u00e9gias\u201d, ressalta. Autoridade no assunto, ele conta que a \u00a0Metodologia Gustavo Borges \u00e9 um estudo que descreve as melhores pr\u00e1ticas para ensinar e treinar a nata\u00e7\u00e3o e oferece padroniza\u00e7\u00e3o e sistematiza\u00e7\u00e3o de todos os processos. <strong>Sess\u00f5es imperd\u00edveis na IRHSA FB 2021!<\/strong><\/p>\n\n\n\n<p class=\"has-white-color has-cyan-bluish-gray-background-color has-text-color has-background\"><strong>As inscri\u00e7\u00f5es para IHRSA FB 2021, de 9 a 12 de novembro, evento 100% online, podem ser feitas em&nbsp;<\/strong><a href=\"https:\/\/www.sympla.com.br\/ihrsa-fitness-brasil---edicao-virtual-2021__1299528\" target=\"_blank\" rel=\"noreferrer noopener\"><strong>IHRSA FITNESS BRASIL \u2013 Edi\u00e7\u00e3o Virtual 2021)<\/strong><\/a><strong>.<\/strong><\/p>","protected":false},"excerpt":{"rendered":"<p>Formado em educa\u00e7\u00e3o f\u00edsica, ex-t\u00e9cnico da sele\u00e7\u00e3o brasileira de nata\u00e7\u00e3o, criador da Metodologia Gustavo Borges, William Urizzi de Lima \u00e9 uma refer\u00eancia da modalidade. Na IHRSA FB 2021, ele vai falar sobre a import\u00e2ncia de empreender no esporte Yara Ach\u00f4a, Fitness Brasil11\/10\/2021 Profissional de educa\u00e7\u00e3o f\u00edsica formado na terceira turma da Faculdade de Educa\u00e7\u00e3o F\u00edsica&#8230;<\/p>","protected":false},"author":40,"featured_media":2093,"comment_status":"open","ping_status":"open","sticky":false,"template":"","format":"standard","meta":{"_acf_changed":false,"footnotes":""},"categories":[68,70],"tags":[],"post_folder":[],"class_list":["post-2092","post","type-post","status-publish","format-standard","has-post-thumbnail","hentry","category-esporte","category-noticias"],"acf":[],"yoast_head":"<!-- This site is optimized with the Yoast SEO plugin v27.4 - https:\/\/yoast.com\/product\/yoast-seo-wordpress\/ -->\n<title>\u201cO professor \u00e9 um transformador da sociedade\u201d - Fitness Brasil<\/title>\n<meta name=\"robots\" content=\"index, follow, max-snippet:-1, max-image-preview:large, max-video-preview:-1\" \/>\n<link rel=\"canonical\" href=\"https:\/\/www.fitnessbrasil.com.br\/es\/newsfitbr\/o-professor-e-um-transformador-da-sociedade\/\" \/>\n<meta property=\"og:locale\" content=\"es_ES\" \/>\n<meta property=\"og:type\" content=\"article\" \/>\n<meta property=\"og:title\" content=\"\u201cO professor \u00e9 um transformador da sociedade\u201d - Fitness Brasil\" \/>\n<meta property=\"og:description\" content=\"Formado em educa\u00e7\u00e3o f\u00edsica, ex-t\u00e9cnico da sele\u00e7\u00e3o brasileira de nata\u00e7\u00e3o, criador da Metodologia Gustavo Borges, William Urizzi de Lima \u00e9 uma\" \/>\n<meta property=\"og:url\" content=\"https:\/\/www.fitnessbrasil.com.br\/es\/newsfitbr\/o-professor-e-um-transformador-da-sociedade\/\" \/>\n<meta property=\"og:site_name\" content=\"Fitness Brasil\" \/>\n<meta property=\"article:published_time\" content=\"2021-10-11T15:00:00+00:00\" \/>\n<meta property=\"article:modified_time\" content=\"2022-03-24T18:00:21+00:00\" \/>\n<meta property=\"og:image\" content=\"https:\/\/www.fitnessbrasil.com.br\/wp-content\/uploads\/2021\/10\/Palestrante-urizi.jpg\" \/>\n\t<meta property=\"og:image:width\" content=\"2560\" \/>\n\t<meta property=\"og:image:height\" content=\"1695\" \/>\n\t<meta property=\"og:image:type\" content=\"image\/jpeg\" \/>\n<meta name=\"author\" content=\"Yara Achoa\" \/>\n<meta name=\"twitter:card\" content=\"summary_large_image\" \/>\n<meta name=\"twitter:label1\" content=\"Escrito por\" \/>\n\t<meta name=\"twitter:data1\" content=\"Yara Achoa\" \/>\n\t<meta name=\"twitter:label2\" content=\"Tiempo de lectura\" \/>\n\t<meta name=\"twitter:data2\" content=\"2 minutos\" \/>\n<script type=\"application\/ld+json\" class=\"yoast-schema-graph\">{\"@context\":\"https:\\\/\\\/schema.org\",\"@graph\":[{\"@type\":\"Article\",\"@id\":\"https:\\\/\\\/www.fitnessbrasil.com.br\\\/newsfitbr\\\/o-professor-e-um-transformador-da-sociedade\\\/#article\",\"isPartOf\":{\"@id\":\"https:\\\/\\\/www.fitnessbrasil.com.br\\\/newsfitbr\\\/o-professor-e-um-transformador-da-sociedade\\\/\"},\"author\":{\"name\":\"Yara Achoa\",\"@id\":\"https:\\\/\\\/www.fitnessbrasil.com.br\\\/#\\\/schema\\\/person\\\/44332d981b99ed3bec8d1f53079a3ad4\"},\"headline\":\"\u201cO professor \u00e9 um transformador da sociedade\u201d\",\"datePublished\":\"2021-10-11T15:00:00+00:00\",\"dateModified\":\"2022-03-24T18:00:21+00:00\",\"mainEntityOfPage\":{\"@id\":\"https:\\\/\\\/www.fitnessbrasil.com.br\\\/newsfitbr\\\/o-professor-e-um-transformador-da-sociedade\\\/\"},\"wordCount\":397,\"commentCount\":0,\"publisher\":{\"@id\":\"https:\\\/\\\/www.fitnessbrasil.com.br\\\/#organization\"},\"image\":{\"@id\":\"https:\\\/\\\/www.fitnessbrasil.com.br\\\/newsfitbr\\\/o-professor-e-um-transformador-da-sociedade\\\/#primaryimage\"},\"thumbnailUrl\":\"https:\\\/\\\/www.fitnessbrasil.com.br\\\/wp-content\\\/uploads\\\/2021\\\/10\\\/Palestrante-urizi.jpg\",\"articleSection\":[\"Esporte\",\"Not\u00edcias\"],\"inLanguage\":\"es\",\"potentialAction\":[{\"@type\":\"CommentAction\",\"name\":\"Comment\",\"target\":[\"https:\\\/\\\/www.fitnessbrasil.com.br\\\/newsfitbr\\\/o-professor-e-um-transformador-da-sociedade\\\/#respond\"]}]},{\"@type\":\"WebPage\",\"@id\":\"https:\\\/\\\/www.fitnessbrasil.com.br\\\/newsfitbr\\\/o-professor-e-um-transformador-da-sociedade\\\/\",\"url\":\"https:\\\/\\\/www.fitnessbrasil.com.br\\\/newsfitbr\\\/o-professor-e-um-transformador-da-sociedade\\\/\",\"name\":\"\u201cO professor \u00e9 um transformador da sociedade\u201d - Fitness Brasil\",\"isPartOf\":{\"@id\":\"https:\\\/\\\/www.fitnessbrasil.com.br\\\/#website\"},\"primaryImageOfPage\":{\"@id\":\"https:\\\/\\\/www.fitnessbrasil.com.br\\\/newsfitbr\\\/o-professor-e-um-transformador-da-sociedade\\\/#primaryimage\"},\"image\":{\"@id\":\"https:\\\/\\\/www.fitnessbrasil.com.br\\\/newsfitbr\\\/o-professor-e-um-transformador-da-sociedade\\\/#primaryimage\"},\"thumbnailUrl\":\"https:\\\/\\\/www.fitnessbrasil.com.br\\\/wp-content\\\/uploads\\\/2021\\\/10\\\/Palestrante-urizi.jpg\",\"datePublished\":\"2021-10-11T15:00:00+00:00\",\"dateModified\":\"2022-03-24T18:00:21+00:00\",\"breadcrumb\":{\"@id\":\"https:\\\/\\\/www.fitnessbrasil.com.br\\\/newsfitbr\\\/o-professor-e-um-transformador-da-sociedade\\\/#breadcrumb\"},\"inLanguage\":\"es\",\"potentialAction\":[{\"@type\":\"ReadAction\",\"target\":[\"https:\\\/\\\/www.fitnessbrasil.com.br\\\/newsfitbr\\\/o-professor-e-um-transformador-da-sociedade\\\/\"]}]},{\"@type\":\"ImageObject\",\"inLanguage\":\"es\",\"@id\":\"https:\\\/\\\/www.fitnessbrasil.com.br\\\/newsfitbr\\\/o-professor-e-um-transformador-da-sociedade\\\/#primaryimage\",\"url\":\"https:\\\/\\\/www.fitnessbrasil.com.br\\\/wp-content\\\/uploads\\\/2021\\\/10\\\/Palestrante-urizi.jpg\",\"contentUrl\":\"https:\\\/\\\/www.fitnessbrasil.com.br\\\/wp-content\\\/uploads\\\/2021\\\/10\\\/Palestrante-urizi.jpg\",\"width\":2560,\"height\":1695},{\"@type\":\"BreadcrumbList\",\"@id\":\"https:\\\/\\\/www.fitnessbrasil.com.br\\\/newsfitbr\\\/o-professor-e-um-transformador-da-sociedade\\\/#breadcrumb\",\"itemListElement\":[{\"@type\":\"ListItem\",\"position\":1,\"name\":\"In\u00edcio\",\"item\":\"https:\\\/\\\/www.fitnessbrasil.com.br\\\/\"},{\"@type\":\"ListItem\",\"position\":2,\"name\":\"\u201cO professor \u00e9 um transformador da sociedade\u201d\"}]},{\"@type\":\"WebSite\",\"@id\":\"https:\\\/\\\/www.fitnessbrasil.com.br\\\/#website\",\"url\":\"https:\\\/\\\/www.fitnessbrasil.com.br\\\/\",\"name\":\"Fitness Brasil\",\"description\":\"\",\"publisher\":{\"@id\":\"https:\\\/\\\/www.fitnessbrasil.com.br\\\/#organization\"},\"potentialAction\":[{\"@type\":\"SearchAction\",\"target\":{\"@type\":\"EntryPoint\",\"urlTemplate\":\"https:\\\/\\\/www.fitnessbrasil.com.br\\\/?s={search_term_string}\"},\"query-input\":{\"@type\":\"PropertyValueSpecification\",\"valueRequired\":true,\"valueName\":\"search_term_string\"}}],\"inLanguage\":\"es\"},{\"@type\":\"Organization\",\"@id\":\"https:\\\/\\\/www.fitnessbrasil.com.br\\\/#organization\",\"name\":\"Fitness Brasil\",\"url\":\"https:\\\/\\\/www.fitnessbrasil.com.br\\\/\",\"logo\":{\"@type\":\"ImageObject\",\"inLanguage\":\"es\",\"@id\":\"https:\\\/\\\/www.fitnessbrasil.com.br\\\/#\\\/schema\\\/logo\\\/image\\\/\",\"url\":\"https:\\\/\\\/www.fitnessbrasil.com.br\\\/wp-content\\\/uploads\\\/2022\\\/01\\\/Logo-Fitness-Brasil_preto-e-cor.png\",\"contentUrl\":\"https:\\\/\\\/www.fitnessbrasil.com.br\\\/wp-content\\\/uploads\\\/2022\\\/01\\\/Logo-Fitness-Brasil_preto-e-cor.png\",\"width\":593,\"height\":316,\"caption\":\"Fitness Brasil\"},\"image\":{\"@id\":\"https:\\\/\\\/www.fitnessbrasil.com.br\\\/#\\\/schema\\\/logo\\\/image\\\/\"}},{\"@type\":\"Person\",\"@id\":\"https:\\\/\\\/www.fitnessbrasil.com.br\\\/#\\\/schema\\\/person\\\/44332d981b99ed3bec8d1f53079a3ad4\",\"name\":\"Yara Achoa\",\"image\":{\"@type\":\"ImageObject\",\"inLanguage\":\"es\",\"@id\":\"https:\\\/\\\/secure.gravatar.com\\\/avatar\\\/703d1497efa1686cdeb68ba91129ecb39a6e38dabd429d4b66e0f888e491d424?s=96&r=g&d=https:\\\/\\\/www.fitnessbrasil.com.br\\\/wp-content\\\/plugins\\\/userswp\\\/assets\\\/images\\\/no_profile.png\",\"url\":\"https:\\\/\\\/secure.gravatar.com\\\/avatar\\\/703d1497efa1686cdeb68ba91129ecb39a6e38dabd429d4b66e0f888e491d424?s=96&r=g&d=https:\\\/\\\/www.fitnessbrasil.com.br\\\/wp-content\\\/plugins\\\/userswp\\\/assets\\\/images\\\/no_profile.png\",\"contentUrl\":\"https:\\\/\\\/secure.gravatar.com\\\/avatar\\\/703d1497efa1686cdeb68ba91129ecb39a6e38dabd429d4b66e0f888e491d424?s=96&r=g&d=https:\\\/\\\/www.fitnessbrasil.com.br\\\/wp-content\\\/plugins\\\/userswp\\\/assets\\\/images\\\/no_profile.png\",\"caption\":\"Yara Achoa\"},\"sameAs\":[\"http:\\\/\\\/yara@fitnessbrasil.com.br\"],\"url\":\"https:\\\/\\\/www.fitnessbrasil.com.br\\\/es\\\/profile\\\/yara\\\/\"}]}<\/script>\n<!-- \/ Yoast SEO plugin. -->","yoast_head_json":{"title":"\u201cO professor \u00e9 um transformador da sociedade\u201d - Fitness Brasil","robots":{"index":"index","follow":"follow","max-snippet":"max-snippet:-1","max-image-preview":"max-image-preview:large","max-video-preview":"max-video-preview:-1"},"canonical":"https:\/\/www.fitnessbrasil.com.br\/es\/newsfitbr\/o-professor-e-um-transformador-da-sociedade\/","og_locale":"es_ES","og_type":"article","og_title":"\u201cO professor \u00e9 um transformador da sociedade\u201d - Fitness Brasil","og_description":"Formado em educa\u00e7\u00e3o f\u00edsica, ex-t\u00e9cnico da sele\u00e7\u00e3o brasileira de nata\u00e7\u00e3o, criador da Metodologia Gustavo Borges, William Urizzi de Lima \u00e9 uma","og_url":"https:\/\/www.fitnessbrasil.com.br\/es\/newsfitbr\/o-professor-e-um-transformador-da-sociedade\/","og_site_name":"Fitness Brasil","article_published_time":"2021-10-11T15:00:00+00:00","article_modified_time":"2022-03-24T18:00:21+00:00","og_image":[{"width":2560,"height":1695,"url":"https:\/\/www.fitnessbrasil.com.br\/wp-content\/uploads\/2021\/10\/Palestrante-urizi.jpg","type":"image\/jpeg"}],"author":"Yara Achoa","twitter_card":"summary_large_image","twitter_misc":{"Escrito por":"Yara Achoa","Tiempo de lectura":"2 minutos"},"schema":{"@context":"https:\/\/schema.org","@graph":[{"@type":"Article","@id":"https:\/\/www.fitnessbrasil.com.br\/newsfitbr\/o-professor-e-um-transformador-da-sociedade\/#article","isPartOf":{"@id":"https:\/\/www.fitnessbrasil.com.br\/newsfitbr\/o-professor-e-um-transformador-da-sociedade\/"},"author":{"name":"Yara Achoa","@id":"https:\/\/www.fitnessbrasil.com.br\/#\/schema\/person\/44332d981b99ed3bec8d1f53079a3ad4"},"headline":"\u201cO professor \u00e9 um transformador da sociedade\u201d","datePublished":"2021-10-11T15:00:00+00:00","dateModified":"2022-03-24T18:00:21+00:00","mainEntityOfPage":{"@id":"https:\/\/www.fitnessbrasil.com.br\/newsfitbr\/o-professor-e-um-transformador-da-sociedade\/"},"wordCount":397,"commentCount":0,"publisher":{"@id":"https:\/\/www.fitnessbrasil.com.br\/#organization"},"image":{"@id":"https:\/\/www.fitnessbrasil.com.br\/newsfitbr\/o-professor-e-um-transformador-da-sociedade\/#primaryimage"},"thumbnailUrl":"https:\/\/www.fitnessbrasil.com.br\/wp-content\/uploads\/2021\/10\/Palestrante-urizi.jpg","articleSection":["Esporte","Not\u00edcias"],"inLanguage":"es","potentialAction":[{"@type":"CommentAction","name":"Comment","target":["https:\/\/www.fitnessbrasil.com.br\/newsfitbr\/o-professor-e-um-transformador-da-sociedade\/#respond"]}]},{"@type":"WebPage","@id":"https:\/\/www.fitnessbrasil.com.br\/newsfitbr\/o-professor-e-um-transformador-da-sociedade\/","url":"https:\/\/www.fitnessbrasil.com.br\/newsfitbr\/o-professor-e-um-transformador-da-sociedade\/","name":"\u201cO professor \u00e9 um transformador da sociedade\u201d - Fitness Brasil","isPartOf":{"@id":"https:\/\/www.fitnessbrasil.com.br\/#website"},"primaryImageOfPage":{"@id":"https:\/\/www.fitnessbrasil.com.br\/newsfitbr\/o-professor-e-um-transformador-da-sociedade\/#primaryimage"},"image":{"@id":"https:\/\/www.fitnessbrasil.com.br\/newsfitbr\/o-professor-e-um-transformador-da-sociedade\/#primaryimage"},"thumbnailUrl":"https:\/\/www.fitnessbrasil.com.br\/wp-content\/uploads\/2021\/10\/Palestrante-urizi.jpg","datePublished":"2021-10-11T15:00:00+00:00","dateModified":"2022-03-24T18:00:21+00:00","breadcrumb":{"@id":"https:\/\/www.fitnessbrasil.com.br\/newsfitbr\/o-professor-e-um-transformador-da-sociedade\/#breadcrumb"},"inLanguage":"es","potentialAction":[{"@type":"ReadAction","target":["https:\/\/www.fitnessbrasil.com.br\/newsfitbr\/o-professor-e-um-transformador-da-sociedade\/"]}]},{"@type":"ImageObject","inLanguage":"es","@id":"https:\/\/www.fitnessbrasil.com.br\/newsfitbr\/o-professor-e-um-transformador-da-sociedade\/#primaryimage","url":"https:\/\/www.fitnessbrasil.com.br\/wp-content\/uploads\/2021\/10\/Palestrante-urizi.jpg","contentUrl":"https:\/\/www.fitnessbrasil.com.br\/wp-content\/uploads\/2021\/10\/Palestrante-urizi.jpg","width":2560,"height":1695},{"@type":"BreadcrumbList","@id":"https:\/\/www.fitnessbrasil.com.br\/newsfitbr\/o-professor-e-um-transformador-da-sociedade\/#breadcrumb","itemListElement":[{"@type":"ListItem","position":1,"name":"In\u00edcio","item":"https:\/\/www.fitnessbrasil.com.br\/"},{"@type":"ListItem","position":2,"name":"\u201cO professor \u00e9 um transformador da sociedade\u201d"}]},{"@type":"WebSite","@id":"https:\/\/www.fitnessbrasil.com.br\/#website","url":"https:\/\/www.fitnessbrasil.com.br\/","name":"Fitness Brasil","description":"","publisher":{"@id":"https:\/\/www.fitnessbrasil.com.br\/#organization"},"potentialAction":[{"@type":"SearchAction","target":{"@type":"EntryPoint","urlTemplate":"https:\/\/www.fitnessbrasil.com.br\/?s={search_term_string}"},"query-input":{"@type":"PropertyValueSpecification","valueRequired":true,"valueName":"search_term_string"}}],"inLanguage":"es"},{"@type":"Organization","@id":"https:\/\/www.fitnessbrasil.com.br\/#organization","name":"Fitness Brasil","url":"https:\/\/www.fitnessbrasil.com.br\/","logo":{"@type":"ImageObject","inLanguage":"es","@id":"https:\/\/www.fitnessbrasil.com.br\/#\/schema\/logo\/image\/","url":"https:\/\/www.fitnessbrasil.com.br\/wp-content\/uploads\/2022\/01\/Logo-Fitness-Brasil_preto-e-cor.png","contentUrl":"https:\/\/www.fitnessbrasil.com.br\/wp-content\/uploads\/2022\/01\/Logo-Fitness-Brasil_preto-e-cor.png","width":593,"height":316,"caption":"Fitness Brasil"},"image":{"@id":"https:\/\/www.fitnessbrasil.com.br\/#\/schema\/logo\/image\/"}},{"@type":"Person","@id":"https:\/\/www.fitnessbrasil.com.br\/#\/schema\/person\/44332d981b99ed3bec8d1f53079a3ad4","name":"Yara Achoa","image":{"@type":"ImageObject","inLanguage":"es","@id":"https:\/\/secure.gravatar.com\/avatar\/703d1497efa1686cdeb68ba91129ecb39a6e38dabd429d4b66e0f888e491d424?s=96&r=g&d=https:\/\/www.fitnessbrasil.com.br\/wp-content\/plugins\/userswp\/assets\/images\/no_profile.png","url":"https:\/\/secure.gravatar.com\/avatar\/703d1497efa1686cdeb68ba91129ecb39a6e38dabd429d4b66e0f888e491d424?s=96&r=g&d=https:\/\/www.fitnessbrasil.com.br\/wp-content\/plugins\/userswp\/assets\/images\/no_profile.png","contentUrl":"https:\/\/secure.gravatar.com\/avatar\/703d1497efa1686cdeb68ba91129ecb39a6e38dabd429d4b66e0f888e491d424?s=96&r=g&d=https:\/\/www.fitnessbrasil.com.br\/wp-content\/plugins\/userswp\/assets\/images\/no_profile.png","caption":"Yara Achoa"},"sameAs":["http:\/\/yara@fitnessbrasil.com.br"],"url":"https:\/\/www.fitnessbrasil.com.br\/es\/profile\/yara\/"}]}},"_links":{"self":[{"href":"https:\/\/www.fitnessbrasil.com.br\/es\/wp-json\/wp\/v2\/posts\/2092","targetHints":{"allow":["GET"]}}],"collection":[{"href":"https:\/\/www.fitnessbrasil.com.br\/es\/wp-json\/wp\/v2\/posts"}],"about":[{"href":"https:\/\/www.fitnessbrasil.com.br\/es\/wp-json\/wp\/v2\/types\/post"}],"author":[{"embeddable":true,"href":"https:\/\/www.fitnessbrasil.com.br\/es\/wp-json\/wp\/v2\/users\/40"}],"replies":[{"embeddable":true,"href":"https:\/\/www.fitnessbrasil.com.br\/es\/wp-json\/wp\/v2\/comments?post=2092"}],"version-history":[{"count":1,"href":"https:\/\/www.fitnessbrasil.com.br\/es\/wp-json\/wp\/v2\/posts\/2092\/revisions"}],"predecessor-version":[{"id":2095,"href":"https:\/\/www.fitnessbrasil.com.br\/es\/wp-json\/wp\/v2\/posts\/2092\/revisions\/2095"}],"wp:featuredmedia":[{"embeddable":true,"href":"https:\/\/www.fitnessbrasil.com.br\/es\/wp-json\/wp\/v2\/media\/2093"}],"wp:attachment":[{"href":"https:\/\/www.fitnessbrasil.com.br\/es\/wp-json\/wp\/v2\/media?parent=2092"}],"wp:term":[{"taxonomy":"category","embeddable":true,"href":"https:\/\/www.fitnessbrasil.com.br\/es\/wp-json\/wp\/v2\/categories?post=2092"},{"taxonomy":"post_tag","embeddable":true,"href":"https:\/\/www.fitnessbrasil.com.br\/es\/wp-json\/wp\/v2\/tags?post=2092"},{"taxonomy":"post_folder","embeddable":true,"href":"https:\/\/www.fitnessbrasil.com.br\/es\/wp-json\/wp\/v2\/post_folder?post=2092"}],"curies":[{"name":"wp","href":"https:\/\/api.w.org\/{rel}","templated":true}]}}