{"id":2372,"date":"2021-11-09T19:29:39","date_gmt":"2021-11-09T22:29:39","guid":{"rendered":"https:\/\/www.fitnessbrasil.com.br\/?p=2372"},"modified":"2022-03-24T15:11:49","modified_gmt":"2022-03-24T18:11:49","slug":"otimismo-e-interacao-marcam-o-primeiro-dia-da-ihrsa-fitness-brasil-2021","status":"publish","type":"post","link":"https:\/\/www.fitnessbrasil.com.br\/es\/newsfitbr\/otimismo-e-interacao-marcam-o-primeiro-dia-da-ihrsa-fitness-brasil-2021\/","title":{"rendered":"Otimismo e intera\u00e7\u00e3o marcam o primeiro dia da IHRSA FITNESS BRASIL 2021"},"content":{"rendered":"<p><em>A edi\u00e7\u00e3o virtual do maior encontro da ind\u00fastria do fitness, sa\u00fade e bem-estar da Am\u00e9rica Latina revelou boas perspectivas para gest\u00e3o e neg\u00f3cios na pr\u00f3xima temporada.<\/em><\/p>\n\n\n\n<p>Yara Ach\u00f4a, Fitness Brasil<br>9\/11\/2021<\/p>\n\n\n\n<p>A ansiedade estava estampada no semblante da equipe da <strong>IHRSA Fitness Brasil Virtual 2021.<\/strong> Depois de meses de planejamento, organiza\u00e7\u00e3o, produ\u00e7\u00e3o e ajustes \u2013 e ainda em meio a inseguran\u00e7as provocadas pela pandemia e protocolos sanit\u00e1rios \u2013, finalmente o maior encontro da ind\u00fastria do fitness entrava no ar. Aos primeiros segundos da transmiss\u00e3o da abertura, no entanto, as express\u00f5es relaxaram e deram espa\u00e7o a sorrisos otimistas, com mensagens que traziam as melhores perspectivas para o mercado. \u00a0\u00a0<\/p>\n\n\n\n<p>No discurso inicial, Fabio Saba, diretor educacional da IHRSA Fitness Brasil, destacou a import\u00e2ncia do prop\u00f3sito do evento e comemorou a retomada econ\u00f4mica: \u201cHoje \u00e9 um dia especial, \u00e9 o primeiro dia sem mortes por Covid no estado de S\u00e3o Paulo. As pessoas est\u00e3o ansiosas por voltar a suas rotinas. Mais do que nunca querem cuidar da sa\u00fade. E n\u00f3s estamos aqui para ajud\u00e1-las a viver mais e melhor.\u201d Diretor executivo da Fitness Brasil, Gustavo Almeida tamb\u00e9m destacou: \u201cSomos uma plataforma omnichannel do ecossistema de fitness, esporte, sa\u00fade e bem-estar, que oferece educa\u00e7\u00e3o, networking, neg\u00f3cios e entretenimento, 365 dias por ano, transformando a vida das pessoas e da sociedade.\u201d<\/p>\n\n\n\n<figure class=\"wp-block-image size-large\"><img decoding=\"async\" width=\"1069\" height=\"800\" data-src=\"https:\/\/www.fitnessbrasil.com.br\/wp-content\/uploads\/2021\/11\/3-1069x800.jpeg\" alt=\"\" class=\"wp-image-2375 lazyload\" data-srcset=\"https:\/\/www.fitnessbrasil.com.br\/wp-content\/uploads\/2021\/11\/3-1069x800.jpeg 1069w, https:\/\/www.fitnessbrasil.com.br\/wp-content\/uploads\/2021\/11\/3-534x400.jpeg 534w, https:\/\/www.fitnessbrasil.com.br\/wp-content\/uploads\/2021\/11\/3-768x575.jpeg 768w, https:\/\/www.fitnessbrasil.com.br\/wp-content\/uploads\/2021\/11\/3.jpeg 1280w\" data-sizes=\"(max-width: 1069px) 100vw, 1069px\" src=\"data:image\/svg+xml;base64,PHN2ZyB3aWR0aD0iMSIgaGVpZ2h0PSIxIiB4bWxucz0iaHR0cDovL3d3dy53My5vcmcvMjAwMC9zdmciPjwvc3ZnPg==\" style=\"--smush-placeholder-width: 1069px; --smush-placeholder-aspect-ratio: 1069\/800;\" \/><\/figure>\n\n\n\n<p>Durante todo o dia, a dupla de anfitri\u00f5es Robson Schiavo \u2013 o professor Bicudo \u2013 e a personal trainer Sara Rodrigues se mostrou afinada, trazendo todas as informa\u00e7\u00f5es necess\u00e1rias para a boa experi\u00eancia do participante.<\/p>\n\n\n\n<figure class=\"wp-block-image size-full\"><img decoding=\"async\" width=\"1280\" height=\"720\" data-src=\"https:\/\/www.fitnessbrasil.com.br\/wp-content\/uploads\/2021\/11\/2.jpeg\" alt=\"\" class=\"wp-image-2374 lazyload\" data-srcset=\"https:\/\/www.fitnessbrasil.com.br\/wp-content\/uploads\/2021\/11\/2.jpeg 1280w, https:\/\/www.fitnessbrasil.com.br\/wp-content\/uploads\/2021\/11\/2-711x400.jpeg 711w, https:\/\/www.fitnessbrasil.com.br\/wp-content\/uploads\/2021\/11\/2-768x432.jpeg 768w\" data-sizes=\"(max-width: 1280px) 100vw, 1280px\" src=\"data:image\/svg+xml;base64,PHN2ZyB3aWR0aD0iMSIgaGVpZ2h0PSIxIiB4bWxucz0iaHR0cDovL3d3dy53My5vcmcvMjAwMC9zdmciPjwvc3ZnPg==\" style=\"--smush-placeholder-width: 1280px; --smush-placeholder-aspect-ratio: 1280\/720;\" \/><\/figure>\n\n\n\n<p>Mestre em psicologia da educa\u00e7\u00e3o, p\u00f3s-graduado em marketing e comunica\u00e7\u00e3o, Paulo Vieira de Campos trouxe o tema educa\u00e7\u00e3o e destacou a import\u00e2ncia da aprendizagem cont\u00ednua. \u201cExistem v\u00e1rias formas de aprendizagem: a maneira mais formal (uma aula, um tutorial); experi\u00eancias; pessoas (networking, relacionamento) e criar conex\u00f5es. Sucesso \u00e9 o que voc\u00ea sabe vezes o n\u00famero de pessoas que voc\u00ea conhece.\u201d<\/p>\n\n\n\n<figure class=\"wp-block-image size-large\"><img decoding=\"async\" width=\"1067\" height=\"800\" data-src=\"https:\/\/www.fitnessbrasil.com.br\/wp-content\/uploads\/2021\/11\/4-1067x800.jpeg\" alt=\"\" class=\"wp-image-2376 lazyload\" data-srcset=\"https:\/\/www.fitnessbrasil.com.br\/wp-content\/uploads\/2021\/11\/4-1067x800.jpeg 1067w, https:\/\/www.fitnessbrasil.com.br\/wp-content\/uploads\/2021\/11\/4-533x400.jpeg 533w, https:\/\/www.fitnessbrasil.com.br\/wp-content\/uploads\/2021\/11\/4-768x576.jpeg 768w, https:\/\/www.fitnessbrasil.com.br\/wp-content\/uploads\/2021\/11\/4-1536x1152.jpeg 1536w, https:\/\/www.fitnessbrasil.com.br\/wp-content\/uploads\/2021\/11\/4.jpeg 1600w\" data-sizes=\"(max-width: 1067px) 100vw, 1067px\" src=\"data:image\/svg+xml;base64,PHN2ZyB3aWR0aD0iMSIgaGVpZ2h0PSIxIiB4bWxucz0iaHR0cDovL3d3dy53My5vcmcvMjAwMC9zdmciPjwvc3ZnPg==\" style=\"--smush-placeholder-width: 1067px; --smush-placeholder-aspect-ratio: 1067\/800;\" \/><\/figure>\n\n\n\n<p><strong>Confira os principais momentos do primeiro dia, que contou com intensa programa\u00e7\u00e3o<\/strong><\/p>\n\n\n\n<figure class=\"wp-block-gallery columns-3 is-cropped wp-block-gallery-1 is-layout-flex wp-block-gallery-is-layout-flex\"><ul class=\"blocks-gallery-grid\"><li class=\"blocks-gallery-item\"><figure><img decoding=\"async\" width=\"1024\" height=\"768\" data-src=\"https:\/\/www.fitnessbrasil.com.br\/wp-content\/uploads\/2021\/11\/5.jpeg\" alt=\"\" data-id=\"2377\" data-full-url=\"https:\/\/www.fitnessbrasil.com.br\/wp-content\/uploads\/2021\/11\/5.jpeg\" data-link=\"https:\/\/www.fitnessbrasil.com.br\/?attachment_id=2377#main\" class=\"wp-image-2377 lazyload\" data-srcset=\"https:\/\/www.fitnessbrasil.com.br\/wp-content\/uploads\/2021\/11\/5.jpeg 1024w, https:\/\/www.fitnessbrasil.com.br\/wp-content\/uploads\/2021\/11\/5-533x400.jpeg 533w, https:\/\/www.fitnessbrasil.com.br\/wp-content\/uploads\/2021\/11\/5-768x576.jpeg 768w\" data-sizes=\"(max-width: 1024px) 100vw, 1024px\" src=\"data:image\/svg+xml;base64,PHN2ZyB3aWR0aD0iMSIgaGVpZ2h0PSIxIiB4bWxucz0iaHR0cDovL3d3dy53My5vcmcvMjAwMC9zdmciPjwvc3ZnPg==\" style=\"--smush-placeholder-width: 1024px; --smush-placeholder-aspect-ratio: 1024\/768;\" \/><\/figure><\/li><li class=\"blocks-gallery-item\"><figure><img decoding=\"async\" width=\"1067\" height=\"800\" data-src=\"https:\/\/www.fitnessbrasil.com.br\/wp-content\/uploads\/2021\/11\/6-1067x800.jpeg\" alt=\"\" data-id=\"2378\" data-full-url=\"https:\/\/www.fitnessbrasil.com.br\/wp-content\/uploads\/2021\/11\/6.jpeg\" data-link=\"https:\/\/www.fitnessbrasil.com.br\/?attachment_id=2378#main\" class=\"wp-image-2378 lazyload\" data-srcset=\"https:\/\/www.fitnessbrasil.com.br\/wp-content\/uploads\/2021\/11\/6-1067x800.jpeg 1067w, https:\/\/www.fitnessbrasil.com.br\/wp-content\/uploads\/2021\/11\/6-533x400.jpeg 533w, https:\/\/www.fitnessbrasil.com.br\/wp-content\/uploads\/2021\/11\/6-768x576.jpeg 768w, https:\/\/www.fitnessbrasil.com.br\/wp-content\/uploads\/2021\/11\/6-1536x1152.jpeg 1536w, https:\/\/www.fitnessbrasil.com.br\/wp-content\/uploads\/2021\/11\/6.jpeg 1600w\" data-sizes=\"(max-width: 1067px) 100vw, 1067px\" src=\"data:image\/svg+xml;base64,PHN2ZyB3aWR0aD0iMSIgaGVpZ2h0PSIxIiB4bWxucz0iaHR0cDovL3d3dy53My5vcmcvMjAwMC9zdmciPjwvc3ZnPg==\" style=\"--smush-placeholder-width: 1067px; --smush-placeholder-aspect-ratio: 1067\/800;\" \/><\/figure><\/li><li class=\"blocks-gallery-item\"><figure><img decoding=\"async\" width=\"1067\" height=\"800\" data-src=\"https:\/\/www.fitnessbrasil.com.br\/wp-content\/uploads\/2021\/11\/7-1067x800.jpeg\" alt=\"\" data-id=\"2379\" data-full-url=\"https:\/\/www.fitnessbrasil.com.br\/wp-content\/uploads\/2021\/11\/7.jpeg\" data-link=\"https:\/\/www.fitnessbrasil.com.br\/?attachment_id=2379#main\" class=\"wp-image-2379 lazyload\" data-srcset=\"https:\/\/www.fitnessbrasil.com.br\/wp-content\/uploads\/2021\/11\/7-1067x800.jpeg 1067w, https:\/\/www.fitnessbrasil.com.br\/wp-content\/uploads\/2021\/11\/7-533x400.jpeg 533w, https:\/\/www.fitnessbrasil.com.br\/wp-content\/uploads\/2021\/11\/7-768x576.jpeg 768w, https:\/\/www.fitnessbrasil.com.br\/wp-content\/uploads\/2021\/11\/7-1536x1152.jpeg 1536w, https:\/\/www.fitnessbrasil.com.br\/wp-content\/uploads\/2021\/11\/7.jpeg 1600w\" data-sizes=\"(max-width: 1067px) 100vw, 1067px\" src=\"data:image\/svg+xml;base64,PHN2ZyB3aWR0aD0iMSIgaGVpZ2h0PSIxIiB4bWxucz0iaHR0cDovL3d3dy53My5vcmcvMjAwMC9zdmciPjwvc3ZnPg==\" style=\"--smush-placeholder-width: 1067px; --smush-placeholder-aspect-ratio: 1067\/800;\" \/><\/figure><\/li><li class=\"blocks-gallery-item\"><figure><img decoding=\"async\" width=\"1067\" height=\"800\" data-src=\"https:\/\/www.fitnessbrasil.com.br\/wp-content\/uploads\/2021\/11\/8-1067x800.jpeg\" alt=\"\" data-id=\"2380\" data-full-url=\"https:\/\/www.fitnessbrasil.com.br\/wp-content\/uploads\/2021\/11\/8.jpeg\" data-link=\"https:\/\/www.fitnessbrasil.com.br\/?attachment_id=2380#main\" class=\"wp-image-2380 lazyload\" data-srcset=\"https:\/\/www.fitnessbrasil.com.br\/wp-content\/uploads\/2021\/11\/8-1067x800.jpeg 1067w, https:\/\/www.fitnessbrasil.com.br\/wp-content\/uploads\/2021\/11\/8-533x400.jpeg 533w, https:\/\/www.fitnessbrasil.com.br\/wp-content\/uploads\/2021\/11\/8-768x576.jpeg 768w, https:\/\/www.fitnessbrasil.com.br\/wp-content\/uploads\/2021\/11\/8-1536x1152.jpeg 1536w, https:\/\/www.fitnessbrasil.com.br\/wp-content\/uploads\/2021\/11\/8.jpeg 1600w\" data-sizes=\"(max-width: 1067px) 100vw, 1067px\" src=\"data:image\/svg+xml;base64,PHN2ZyB3aWR0aD0iMSIgaGVpZ2h0PSIxIiB4bWxucz0iaHR0cDovL3d3dy53My5vcmcvMjAwMC9zdmciPjwvc3ZnPg==\" style=\"--smush-placeholder-width: 1067px; --smush-placeholder-aspect-ratio: 1067\/800;\" \/><\/figure><\/li><li class=\"blocks-gallery-item\"><figure><img decoding=\"async\" width=\"1067\" height=\"800\" data-src=\"https:\/\/www.fitnessbrasil.com.br\/wp-content\/uploads\/2021\/11\/9-1067x800.jpeg\" alt=\"\" data-id=\"2381\" data-full-url=\"https:\/\/www.fitnessbrasil.com.br\/wp-content\/uploads\/2021\/11\/9.jpeg\" data-link=\"https:\/\/www.fitnessbrasil.com.br\/?attachment_id=2381#main\" class=\"wp-image-2381 lazyload\" data-srcset=\"https:\/\/www.fitnessbrasil.com.br\/wp-content\/uploads\/2021\/11\/9-1067x800.jpeg 1067w, https:\/\/www.fitnessbrasil.com.br\/wp-content\/uploads\/2021\/11\/9-533x400.jpeg 533w, https:\/\/www.fitnessbrasil.com.br\/wp-content\/uploads\/2021\/11\/9-768x576.jpeg 768w, https:\/\/www.fitnessbrasil.com.br\/wp-content\/uploads\/2021\/11\/9-1536x1152.jpeg 1536w, https:\/\/www.fitnessbrasil.com.br\/wp-content\/uploads\/2021\/11\/9.jpeg 1600w\" data-sizes=\"(max-width: 1067px) 100vw, 1067px\" src=\"data:image\/svg+xml;base64,PHN2ZyB3aWR0aD0iMSIgaGVpZ2h0PSIxIiB4bWxucz0iaHR0cDovL3d3dy53My5vcmcvMjAwMC9zdmciPjwvc3ZnPg==\" style=\"--smush-placeholder-width: 1067px; --smush-placeholder-aspect-ratio: 1067\/800;\" \/><\/figure><\/li><li class=\"blocks-gallery-item\"><figure><img decoding=\"async\" width=\"600\" height=\"800\" data-src=\"https:\/\/www.fitnessbrasil.com.br\/wp-content\/uploads\/2021\/11\/10-600x800.jpeg\" alt=\"\" data-id=\"2382\" data-full-url=\"https:\/\/www.fitnessbrasil.com.br\/wp-content\/uploads\/2021\/11\/10.jpeg\" data-link=\"https:\/\/www.fitnessbrasil.com.br\/?attachment_id=2382#main\" class=\"wp-image-2382 lazyload\" data-srcset=\"https:\/\/www.fitnessbrasil.com.br\/wp-content\/uploads\/2021\/11\/10-600x800.jpeg 600w, https:\/\/www.fitnessbrasil.com.br\/wp-content\/uploads\/2021\/11\/10-300x400.jpeg 300w, https:\/\/www.fitnessbrasil.com.br\/wp-content\/uploads\/2021\/11\/10.jpeg 768w\" data-sizes=\"(max-width: 600px) 100vw, 600px\" src=\"data:image\/svg+xml;base64,PHN2ZyB3aWR0aD0iMSIgaGVpZ2h0PSIxIiB4bWxucz0iaHR0cDovL3d3dy53My5vcmcvMjAwMC9zdmciPjwvc3ZnPg==\" style=\"--smush-placeholder-width: 600px; --smush-placeholder-aspect-ratio: 600\/800;\" \/><\/figure><\/li><li class=\"blocks-gallery-item\"><figure><img decoding=\"async\" width=\"1024\" height=\"768\" data-src=\"https:\/\/www.fitnessbrasil.com.br\/wp-content\/uploads\/2021\/11\/11.jpeg\" alt=\"\" data-id=\"2383\" data-full-url=\"https:\/\/www.fitnessbrasil.com.br\/wp-content\/uploads\/2021\/11\/11.jpeg\" data-link=\"https:\/\/www.fitnessbrasil.com.br\/?attachment_id=2383#main\" class=\"wp-image-2383 lazyload\" data-srcset=\"https:\/\/www.fitnessbrasil.com.br\/wp-content\/uploads\/2021\/11\/11.jpeg 1024w, https:\/\/www.fitnessbrasil.com.br\/wp-content\/uploads\/2021\/11\/11-533x400.jpeg 533w, https:\/\/www.fitnessbrasil.com.br\/wp-content\/uploads\/2021\/11\/11-768x576.jpeg 768w\" data-sizes=\"(max-width: 1024px) 100vw, 1024px\" src=\"data:image\/svg+xml;base64,PHN2ZyB3aWR0aD0iMSIgaGVpZ2h0PSIxIiB4bWxucz0iaHR0cDovL3d3dy53My5vcmcvMjAwMC9zdmciPjwvc3ZnPg==\" style=\"--smush-placeholder-width: 1024px; --smush-placeholder-aspect-ratio: 1024\/768;\" \/><\/figure><\/li><li class=\"blocks-gallery-item\"><figure><img decoding=\"async\" width=\"599\" height=\"800\" data-src=\"https:\/\/www.fitnessbrasil.com.br\/wp-content\/uploads\/2021\/11\/12-599x800.jpeg\" alt=\"\" data-id=\"2384\" data-full-url=\"https:\/\/www.fitnessbrasil.com.br\/wp-content\/uploads\/2021\/11\/12.jpeg\" data-link=\"https:\/\/www.fitnessbrasil.com.br\/?attachment_id=2384#main\" class=\"wp-image-2384 lazyload\" data-srcset=\"https:\/\/www.fitnessbrasil.com.br\/wp-content\/uploads\/2021\/11\/12-599x800.jpeg 599w, https:\/\/www.fitnessbrasil.com.br\/wp-content\/uploads\/2021\/11\/12-299x400.jpeg 299w, https:\/\/www.fitnessbrasil.com.br\/wp-content\/uploads\/2021\/11\/12-768x1026.jpeg 768w, https:\/\/www.fitnessbrasil.com.br\/wp-content\/uploads\/2021\/11\/12.jpeg 958w\" data-sizes=\"(max-width: 599px) 100vw, 599px\" src=\"data:image\/svg+xml;base64,PHN2ZyB3aWR0aD0iMSIgaGVpZ2h0PSIxIiB4bWxucz0iaHR0cDovL3d3dy53My5vcmcvMjAwMC9zdmciPjwvc3ZnPg==\" style=\"--smush-placeholder-width: 599px; --smush-placeholder-aspect-ratio: 599\/800;\" \/><\/figure><\/li><li class=\"blocks-gallery-item\"><figure><img decoding=\"async\" width=\"599\" height=\"800\" data-src=\"https:\/\/www.fitnessbrasil.com.br\/wp-content\/uploads\/2021\/11\/13-599x800.jpeg\" alt=\"\" data-id=\"2385\" data-full-url=\"https:\/\/www.fitnessbrasil.com.br\/wp-content\/uploads\/2021\/11\/13.jpeg\" data-link=\"https:\/\/www.fitnessbrasil.com.br\/?attachment_id=2385#main\" class=\"wp-image-2385 lazyload\" data-srcset=\"https:\/\/www.fitnessbrasil.com.br\/wp-content\/uploads\/2021\/11\/13-599x800.jpeg 599w, https:\/\/www.fitnessbrasil.com.br\/wp-content\/uploads\/2021\/11\/13-299x400.jpeg 299w, https:\/\/www.fitnessbrasil.com.br\/wp-content\/uploads\/2021\/11\/13-768x1026.jpeg 768w, https:\/\/www.fitnessbrasil.com.br\/wp-content\/uploads\/2021\/11\/13.jpeg 958w\" data-sizes=\"(max-width: 599px) 100vw, 599px\" src=\"data:image\/svg+xml;base64,PHN2ZyB3aWR0aD0iMSIgaGVpZ2h0PSIxIiB4bWxucz0iaHR0cDovL3d3dy53My5vcmcvMjAwMC9zdmciPjwvc3ZnPg==\" style=\"--smush-placeholder-width: 599px; --smush-placeholder-aspect-ratio: 599\/800;\" \/><\/figure><\/li><\/ul><\/figure>\n\n\n\n<p>Paulo Campos &#8211; Aprender \u00e9 nos dar uma nova chance!<\/p>\n\n\n\n<p>Marcelo Vianna &#8211; L\u00edder eficaz no mercado competitivo<\/p>\n\n\n\n<p>Pablo Vi\u00f1aspre &#8211; Como a intelig\u00eancia artificial mudar\u00e1 a gest\u00e3o dos neg\u00f3cios fitness, com participa\u00e7\u00e3o de Luis Amoroso<\/p>\n\n\n\n<p>Alan Marques e Andr\u00e9 Leta &#8211; Impactos da COVID no mercado fitness: o que mudou no comportamento do consumidor<\/p>\n\n\n\n<p>Carol Rocha &#8211; Venda Offline x Venda Online<\/p>\n\n\n\n<p>Givanildo Matias &#8211; 5 li\u00e7\u00f5es que as Micro Gyms podem ensinar para as academias tradicionais<\/p>\n\n\n\n<p>Alexandre Os\u00f3rio &#8211; Alavancas de vendas: o que \u00e9 e como implementar o m\u00e9todo de crescimento mais r\u00e1pido<\/p>\n\n\n\n<p>Fabio Saba &#8211; Gest\u00e3o de Conflitos: \u00c2nimos alterados necessitam de l\u00edderes mais preparados<\/p>\n\n\n\n<p>Fernando Beltrame &#8211; Os primeiros passos do ESG<\/p>\n\n\n\n<p>Robson de Paula \u2013 Sess\u00e3o interativa Gest\u00e3o de Pessoas: Recrutamento e Sele\u00e7\u00e3o<\/p>\n\n\n\n<p>Luis Amoroso &#8211; Sess\u00e3o interativa A\u00e7\u00e3o &amp; Rea\u00e7\u00e3o: suas decis\u00f5es definem os resultados<\/p>\n\n\n\n<p><strong>Palestras gratuitas tamb\u00e9m atra\u00edram a aten\u00e7\u00e3o dos participantes.<\/strong><\/p>\n\n\n\n<figure class=\"wp-block-image size-large\"><img decoding=\"async\" width=\"1069\" height=\"800\" data-src=\"https:\/\/www.fitnessbrasil.com.br\/wp-content\/uploads\/2021\/11\/15-1069x800.jpeg\" alt=\"\" class=\"wp-image-2389 lazyload\" data-srcset=\"https:\/\/www.fitnessbrasil.com.br\/wp-content\/uploads\/2021\/11\/15-1069x800.jpeg 1069w, https:\/\/www.fitnessbrasil.com.br\/wp-content\/uploads\/2021\/11\/15-534x400.jpeg 534w, https:\/\/www.fitnessbrasil.com.br\/wp-content\/uploads\/2021\/11\/15-768x575.jpeg 768w, https:\/\/www.fitnessbrasil.com.br\/wp-content\/uploads\/2021\/11\/15.jpeg 1280w\" data-sizes=\"(max-width: 1069px) 100vw, 1069px\" src=\"data:image\/svg+xml;base64,PHN2ZyB3aWR0aD0iMSIgaGVpZ2h0PSIxIiB4bWxucz0iaHR0cDovL3d3dy53My5vcmcvMjAwMC9zdmciPjwvc3ZnPg==\" style=\"--smush-placeholder-width: 1069px; --smush-placeholder-aspect-ratio: 1069\/800;\" \/><\/figure>\n\n\n\n<p>Miha &#8211; Eletroestimula\u00e7\u00e3o na Pr\u00e1tica, por Rangel Vilas Boas, M\u00e1rcio Lui, Cau Saad, M\u00e1rcio Atala e outros<\/p>\n\n\n\n<p>Cloud Gym:- A academia do futuro \u00e9 agora. Aulas online, vendas digitais e programas h\u00edbridos, por Alexandre Grecco<\/p>\n\n\n\n<p>Mormaii Fitness &#8211; Empreendendo com prop\u00f3sito na era da sa\u00fade, por Enrico Ferrari<\/p>\n\n\n\n<p>Pacto &#8211; N\u00facleo de resultados: quais e como acompanhar os n\u00fameros m\u00e1gicos do crescimento de um neg\u00f3cio fitness, por Leonardo Moreira<\/p>\n\n\n\n<p>Les Mills &#8211; O novo comportamento dos praticantes de gin\u00e1stica coletiva, por Alberto Gon\u00e7alves<\/p>\n\n\n\n<p><strong>As aulas gratuitas e ao vivo fecharam o primeiro dia da IHRSA FB com muita anima\u00e7\u00e3o.<\/strong><\/p>\n\n\n\n<figure class=\"wp-block-image size-full\"><img decoding=\"async\" width=\"1021\" height=\"711\" data-src=\"https:\/\/www.fitnessbrasil.com.br\/wp-content\/uploads\/2021\/11\/14-e1636496826649.jpeg\" alt=\"\" class=\"wp-image-2386 lazyload\" data-srcset=\"https:\/\/www.fitnessbrasil.com.br\/wp-content\/uploads\/2021\/11\/14-e1636496826649.jpeg 1021w, https:\/\/www.fitnessbrasil.com.br\/wp-content\/uploads\/2021\/11\/14-e1636496826649-574x400.jpeg 574w, https:\/\/www.fitnessbrasil.com.br\/wp-content\/uploads\/2021\/11\/14-e1636496826649-768x535.jpeg 768w, https:\/\/www.fitnessbrasil.com.br\/wp-content\/uploads\/2021\/11\/14-e1636496826649-330x230.jpeg 330w\" data-sizes=\"(max-width: 1021px) 100vw, 1021px\" src=\"data:image\/svg+xml;base64,PHN2ZyB3aWR0aD0iMSIgaGVpZ2h0PSIxIiB4bWxucz0iaHR0cDovL3d3dy53My5vcmcvMjAwMC9zdmciPjwvc3ZnPg==\" style=\"--smush-placeholder-width: 1021px; --smush-placeholder-aspect-ratio: 1021\/711;\" \/><\/figure>\n\n\n\n<p>Body Combat, com Robinson Kennedy<\/p>\n\n\n\n<p>Zumba, com Raphael Rosa<\/p>\n\n\n\n<p>Treinamento Integrado Mormaii, com Juliana Rocha<\/p>\n\n\n\n<p>Defesa Pessoal Feminina &#8211; DPU Krav Maga BR, com Gr\u00e3o Mestre Jeferson da Silva<\/p>\n\n\n\n<p><strong>Amanh\u00e3 tem mais!<\/strong><\/p>\n\n\n\n<p><strong>A IRHSA Fitness Brasil 2021 segue at\u00e9 12 de novembro em uma plataforma inovadora<\/strong>, com todo o acesso ao conte\u00fado feito com navega\u00e7\u00e3o f\u00e1cil e amig\u00e1vel. E com as vantagens de uma reuni\u00e3o virtual: acesso a partir de computador, celular, tablet, para o participante acompanhar no conforto de seu home-office ou onde quiser, com direito a rever as apresenta\u00e7\u00f5es durante sete dias.<\/p>\n\n\n\n<p>Grandes profissionais, marcas e servi\u00e7os j\u00e1 confirmaram presen\u00e7a no evento, que tem como <strong>patrocinadores ouro Gympass, miha, Konnen Fitness, MixPlay TV, Pacto, Studio Integrado Mormaii Fitness<\/strong>.<\/p>\n\n\n\n<p>A programa\u00e7\u00e3o completa est\u00e1 dispon\u00edvel em: <a href=\"https:\/\/www.sympla.com.br\/ihrsa-fitness-brasil---edicao-virtual-2021__1299528\">IHRSA FITNESS BRASIL &#8211; Edi\u00e7\u00e3o Virtual 2021<\/a><\/p>","protected":false},"excerpt":{"rendered":"<p>A edi\u00e7\u00e3o virtual do maior encontro da ind\u00fastria do fitness, sa\u00fade e bem-estar da Am\u00e9rica Latina revelou boas perspectivas para gest\u00e3o e neg\u00f3cios na pr\u00f3xima temporada. Yara Ach\u00f4a, Fitness Brasil9\/11\/2021 A ansiedade estava estampada no semblante da equipe da IHRSA Fitness Brasil Virtual 2021. Depois de meses de planejamento, organiza\u00e7\u00e3o, produ\u00e7\u00e3o e ajustes \u2013 e&#8230;<\/p>","protected":false},"author":40,"featured_media":2373,"comment_status":"closed","ping_status":"closed","sticky":false,"template":"","format":"standard","meta":{"_acf_changed":false,"footnotes":""},"categories":[70],"tags":[],"post_folder":[],"class_list":["post-2372","post","type-post","status-publish","format-standard","has-post-thumbnail","hentry","category-noticias"],"acf":[],"yoast_head":"<!-- This site is optimized with the Yoast SEO plugin v27.4 - https:\/\/yoast.com\/product\/yoast-seo-wordpress\/ -->\n<title>Otimismo e intera\u00e7\u00e3o marcam o primeiro dia da IHRSA FITNESS BRASIL 2021 - Fitness Brasil<\/title>\n<meta name=\"robots\" content=\"index, follow, max-snippet:-1, max-image-preview:large, max-video-preview:-1\" \/>\n<link rel=\"canonical\" href=\"https:\/\/www.fitnessbrasil.com.br\/es\/newsfitbr\/otimismo-e-interacao-marcam-o-primeiro-dia-da-ihrsa-fitness-brasil-2021\/\" \/>\n<meta property=\"og:locale\" content=\"es_ES\" \/>\n<meta property=\"og:type\" content=\"article\" \/>\n<meta property=\"og:title\" content=\"Otimismo e intera\u00e7\u00e3o marcam o primeiro dia da IHRSA FITNESS BRASIL 2021 - Fitness Brasil\" \/>\n<meta property=\"og:description\" content=\"A edi\u00e7\u00e3o virtual do maior encontro da ind\u00fastria do fitness, sa\u00fade e bem-estar da Am\u00e9rica Latina revelou boas perspectivas para gest\u00e3o e neg\u00f3cio\" \/>\n<meta property=\"og:url\" content=\"https:\/\/www.fitnessbrasil.com.br\/es\/newsfitbr\/otimismo-e-interacao-marcam-o-primeiro-dia-da-ihrsa-fitness-brasil-2021\/\" \/>\n<meta property=\"og:site_name\" content=\"Fitness Brasil\" \/>\n<meta property=\"article:published_time\" content=\"2021-11-09T22:29:39+00:00\" \/>\n<meta property=\"article:modified_time\" content=\"2022-03-24T18:11:49+00:00\" \/>\n<meta property=\"og:image\" content=\"https:\/\/www.fitnessbrasil.com.br\/wp-content\/uploads\/2021\/11\/1.jpeg\" \/>\n\t<meta property=\"og:image:width\" content=\"1600\" \/>\n\t<meta property=\"og:image:height\" content=\"1200\" \/>\n\t<meta property=\"og:image:type\" content=\"image\/jpeg\" \/>\n<meta name=\"author\" content=\"Yara Achoa\" \/>\n<meta name=\"twitter:card\" content=\"summary_large_image\" \/>\n<meta name=\"twitter:label1\" content=\"Escrito por\" \/>\n\t<meta name=\"twitter:data1\" content=\"Yara Achoa\" \/>\n\t<meta name=\"twitter:label2\" content=\"Tiempo de lectura\" \/>\n\t<meta name=\"twitter:data2\" content=\"4 minutos\" \/>\n<script type=\"application\/ld+json\" class=\"yoast-schema-graph\">{\"@context\":\"https:\\\/\\\/schema.org\",\"@graph\":[{\"@type\":\"Article\",\"@id\":\"https:\\\/\\\/www.fitnessbrasil.com.br\\\/newsfitbr\\\/otimismo-e-interacao-marcam-o-primeiro-dia-da-ihrsa-fitness-brasil-2021\\\/#article\",\"isPartOf\":{\"@id\":\"https:\\\/\\\/www.fitnessbrasil.com.br\\\/newsfitbr\\\/otimismo-e-interacao-marcam-o-primeiro-dia-da-ihrsa-fitness-brasil-2021\\\/\"},\"author\":{\"name\":\"Yara Achoa\",\"@id\":\"https:\\\/\\\/www.fitnessbrasil.com.br\\\/#\\\/schema\\\/person\\\/44332d981b99ed3bec8d1f53079a3ad4\"},\"headline\":\"Otimismo e intera\u00e7\u00e3o marcam o primeiro dia da IHRSA FITNESS BRASIL 2021\",\"datePublished\":\"2021-11-09T22:29:39+00:00\",\"dateModified\":\"2022-03-24T18:11:49+00:00\",\"mainEntityOfPage\":{\"@id\":\"https:\\\/\\\/www.fitnessbrasil.com.br\\\/newsfitbr\\\/otimismo-e-interacao-marcam-o-primeiro-dia-da-ihrsa-fitness-brasil-2021\\\/\"},\"wordCount\":790,\"publisher\":{\"@id\":\"https:\\\/\\\/www.fitnessbrasil.com.br\\\/#organization\"},\"image\":{\"@id\":\"https:\\\/\\\/www.fitnessbrasil.com.br\\\/newsfitbr\\\/otimismo-e-interacao-marcam-o-primeiro-dia-da-ihrsa-fitness-brasil-2021\\\/#primaryimage\"},\"thumbnailUrl\":\"https:\\\/\\\/www.fitnessbrasil.com.br\\\/wp-content\\\/uploads\\\/2021\\\/11\\\/1.jpeg\",\"articleSection\":[\"Not\u00edcias\"],\"inLanguage\":\"es\"},{\"@type\":\"WebPage\",\"@id\":\"https:\\\/\\\/www.fitnessbrasil.com.br\\\/newsfitbr\\\/otimismo-e-interacao-marcam-o-primeiro-dia-da-ihrsa-fitness-brasil-2021\\\/\",\"url\":\"https:\\\/\\\/www.fitnessbrasil.com.br\\\/newsfitbr\\\/otimismo-e-interacao-marcam-o-primeiro-dia-da-ihrsa-fitness-brasil-2021\\\/\",\"name\":\"Otimismo e intera\u00e7\u00e3o marcam o primeiro dia da IHRSA FITNESS BRASIL 2021 - Fitness Brasil\",\"isPartOf\":{\"@id\":\"https:\\\/\\\/www.fitnessbrasil.com.br\\\/#website\"},\"primaryImageOfPage\":{\"@id\":\"https:\\\/\\\/www.fitnessbrasil.com.br\\\/newsfitbr\\\/otimismo-e-interacao-marcam-o-primeiro-dia-da-ihrsa-fitness-brasil-2021\\\/#primaryimage\"},\"image\":{\"@id\":\"https:\\\/\\\/www.fitnessbrasil.com.br\\\/newsfitbr\\\/otimismo-e-interacao-marcam-o-primeiro-dia-da-ihrsa-fitness-brasil-2021\\\/#primaryimage\"},\"thumbnailUrl\":\"https:\\\/\\\/www.fitnessbrasil.com.br\\\/wp-content\\\/uploads\\\/2021\\\/11\\\/1.jpeg\",\"datePublished\":\"2021-11-09T22:29:39+00:00\",\"dateModified\":\"2022-03-24T18:11:49+00:00\",\"breadcrumb\":{\"@id\":\"https:\\\/\\\/www.fitnessbrasil.com.br\\\/newsfitbr\\\/otimismo-e-interacao-marcam-o-primeiro-dia-da-ihrsa-fitness-brasil-2021\\\/#breadcrumb\"},\"inLanguage\":\"es\",\"potentialAction\":[{\"@type\":\"ReadAction\",\"target\":[\"https:\\\/\\\/www.fitnessbrasil.com.br\\\/newsfitbr\\\/otimismo-e-interacao-marcam-o-primeiro-dia-da-ihrsa-fitness-brasil-2021\\\/\"]}]},{\"@type\":\"ImageObject\",\"inLanguage\":\"es\",\"@id\":\"https:\\\/\\\/www.fitnessbrasil.com.br\\\/newsfitbr\\\/otimismo-e-interacao-marcam-o-primeiro-dia-da-ihrsa-fitness-brasil-2021\\\/#primaryimage\",\"url\":\"https:\\\/\\\/www.fitnessbrasil.com.br\\\/wp-content\\\/uploads\\\/2021\\\/11\\\/1.jpeg\",\"contentUrl\":\"https:\\\/\\\/www.fitnessbrasil.com.br\\\/wp-content\\\/uploads\\\/2021\\\/11\\\/1.jpeg\",\"width\":1600,\"height\":1200},{\"@type\":\"BreadcrumbList\",\"@id\":\"https:\\\/\\\/www.fitnessbrasil.com.br\\\/newsfitbr\\\/otimismo-e-interacao-marcam-o-primeiro-dia-da-ihrsa-fitness-brasil-2021\\\/#breadcrumb\",\"itemListElement\":[{\"@type\":\"ListItem\",\"position\":1,\"name\":\"In\u00edcio\",\"item\":\"https:\\\/\\\/www.fitnessbrasil.com.br\\\/\"},{\"@type\":\"ListItem\",\"position\":2,\"name\":\"Otimismo e intera\u00e7\u00e3o marcam o primeiro dia da IHRSA FITNESS BRASIL 2021\"}]},{\"@type\":\"WebSite\",\"@id\":\"https:\\\/\\\/www.fitnessbrasil.com.br\\\/#website\",\"url\":\"https:\\\/\\\/www.fitnessbrasil.com.br\\\/\",\"name\":\"Fitness Brasil\",\"description\":\"\",\"publisher\":{\"@id\":\"https:\\\/\\\/www.fitnessbrasil.com.br\\\/#organization\"},\"potentialAction\":[{\"@type\":\"SearchAction\",\"target\":{\"@type\":\"EntryPoint\",\"urlTemplate\":\"https:\\\/\\\/www.fitnessbrasil.com.br\\\/?s={search_term_string}\"},\"query-input\":{\"@type\":\"PropertyValueSpecification\",\"valueRequired\":true,\"valueName\":\"search_term_string\"}}],\"inLanguage\":\"es\"},{\"@type\":\"Organization\",\"@id\":\"https:\\\/\\\/www.fitnessbrasil.com.br\\\/#organization\",\"name\":\"Fitness Brasil\",\"url\":\"https:\\\/\\\/www.fitnessbrasil.com.br\\\/\",\"logo\":{\"@type\":\"ImageObject\",\"inLanguage\":\"es\",\"@id\":\"https:\\\/\\\/www.fitnessbrasil.com.br\\\/#\\\/schema\\\/logo\\\/image\\\/\",\"url\":\"https:\\\/\\\/www.fitnessbrasil.com.br\\\/wp-content\\\/uploads\\\/2022\\\/01\\\/Logo-Fitness-Brasil_preto-e-cor.png\",\"contentUrl\":\"https:\\\/\\\/www.fitnessbrasil.com.br\\\/wp-content\\\/uploads\\\/2022\\\/01\\\/Logo-Fitness-Brasil_preto-e-cor.png\",\"width\":593,\"height\":316,\"caption\":\"Fitness Brasil\"},\"image\":{\"@id\":\"https:\\\/\\\/www.fitnessbrasil.com.br\\\/#\\\/schema\\\/logo\\\/image\\\/\"}},{\"@type\":\"Person\",\"@id\":\"https:\\\/\\\/www.fitnessbrasil.com.br\\\/#\\\/schema\\\/person\\\/44332d981b99ed3bec8d1f53079a3ad4\",\"name\":\"Yara Achoa\",\"image\":{\"@type\":\"ImageObject\",\"inLanguage\":\"es\",\"@id\":\"https:\\\/\\\/secure.gravatar.com\\\/avatar\\\/703d1497efa1686cdeb68ba91129ecb39a6e38dabd429d4b66e0f888e491d424?s=96&r=g&d=https:\\\/\\\/www.fitnessbrasil.com.br\\\/wp-content\\\/plugins\\\/userswp\\\/assets\\\/images\\\/no_profile.png\",\"url\":\"https:\\\/\\\/secure.gravatar.com\\\/avatar\\\/703d1497efa1686cdeb68ba91129ecb39a6e38dabd429d4b66e0f888e491d424?s=96&r=g&d=https:\\\/\\\/www.fitnessbrasil.com.br\\\/wp-content\\\/plugins\\\/userswp\\\/assets\\\/images\\\/no_profile.png\",\"contentUrl\":\"https:\\\/\\\/secure.gravatar.com\\\/avatar\\\/703d1497efa1686cdeb68ba91129ecb39a6e38dabd429d4b66e0f888e491d424?s=96&r=g&d=https:\\\/\\\/www.fitnessbrasil.com.br\\\/wp-content\\\/plugins\\\/userswp\\\/assets\\\/images\\\/no_profile.png\",\"caption\":\"Yara Achoa\"},\"sameAs\":[\"http:\\\/\\\/yara@fitnessbrasil.com.br\"],\"url\":\"https:\\\/\\\/www.fitnessbrasil.com.br\\\/es\\\/profile\\\/yara\\\/\"}]}<\/script>\n<!-- \/ Yoast SEO plugin. -->","yoast_head_json":{"title":"Otimismo e intera\u00e7\u00e3o marcam o primeiro dia da IHRSA FITNESS BRASIL 2021 - Fitness Brasil","robots":{"index":"index","follow":"follow","max-snippet":"max-snippet:-1","max-image-preview":"max-image-preview:large","max-video-preview":"max-video-preview:-1"},"canonical":"https:\/\/www.fitnessbrasil.com.br\/es\/newsfitbr\/otimismo-e-interacao-marcam-o-primeiro-dia-da-ihrsa-fitness-brasil-2021\/","og_locale":"es_ES","og_type":"article","og_title":"Otimismo e intera\u00e7\u00e3o marcam o primeiro dia da IHRSA FITNESS BRASIL 2021 - Fitness Brasil","og_description":"A edi\u00e7\u00e3o virtual do maior encontro da ind\u00fastria do fitness, sa\u00fade e bem-estar da Am\u00e9rica Latina revelou boas perspectivas para gest\u00e3o e neg\u00f3cio","og_url":"https:\/\/www.fitnessbrasil.com.br\/es\/newsfitbr\/otimismo-e-interacao-marcam-o-primeiro-dia-da-ihrsa-fitness-brasil-2021\/","og_site_name":"Fitness Brasil","article_published_time":"2021-11-09T22:29:39+00:00","article_modified_time":"2022-03-24T18:11:49+00:00","og_image":[{"width":1600,"height":1200,"url":"https:\/\/www.fitnessbrasil.com.br\/wp-content\/uploads\/2021\/11\/1.jpeg","type":"image\/jpeg"}],"author":"Yara Achoa","twitter_card":"summary_large_image","twitter_misc":{"Escrito por":"Yara Achoa","Tiempo de lectura":"4 minutos"},"schema":{"@context":"https:\/\/schema.org","@graph":[{"@type":"Article","@id":"https:\/\/www.fitnessbrasil.com.br\/newsfitbr\/otimismo-e-interacao-marcam-o-primeiro-dia-da-ihrsa-fitness-brasil-2021\/#article","isPartOf":{"@id":"https:\/\/www.fitnessbrasil.com.br\/newsfitbr\/otimismo-e-interacao-marcam-o-primeiro-dia-da-ihrsa-fitness-brasil-2021\/"},"author":{"name":"Yara Achoa","@id":"https:\/\/www.fitnessbrasil.com.br\/#\/schema\/person\/44332d981b99ed3bec8d1f53079a3ad4"},"headline":"Otimismo e intera\u00e7\u00e3o marcam o primeiro dia da IHRSA FITNESS BRASIL 2021","datePublished":"2021-11-09T22:29:39+00:00","dateModified":"2022-03-24T18:11:49+00:00","mainEntityOfPage":{"@id":"https:\/\/www.fitnessbrasil.com.br\/newsfitbr\/otimismo-e-interacao-marcam-o-primeiro-dia-da-ihrsa-fitness-brasil-2021\/"},"wordCount":790,"publisher":{"@id":"https:\/\/www.fitnessbrasil.com.br\/#organization"},"image":{"@id":"https:\/\/www.fitnessbrasil.com.br\/newsfitbr\/otimismo-e-interacao-marcam-o-primeiro-dia-da-ihrsa-fitness-brasil-2021\/#primaryimage"},"thumbnailUrl":"https:\/\/www.fitnessbrasil.com.br\/wp-content\/uploads\/2021\/11\/1.jpeg","articleSection":["Not\u00edcias"],"inLanguage":"es"},{"@type":"WebPage","@id":"https:\/\/www.fitnessbrasil.com.br\/newsfitbr\/otimismo-e-interacao-marcam-o-primeiro-dia-da-ihrsa-fitness-brasil-2021\/","url":"https:\/\/www.fitnessbrasil.com.br\/newsfitbr\/otimismo-e-interacao-marcam-o-primeiro-dia-da-ihrsa-fitness-brasil-2021\/","name":"Otimismo e intera\u00e7\u00e3o marcam o primeiro dia da IHRSA FITNESS BRASIL 2021 - Fitness Brasil","isPartOf":{"@id":"https:\/\/www.fitnessbrasil.com.br\/#website"},"primaryImageOfPage":{"@id":"https:\/\/www.fitnessbrasil.com.br\/newsfitbr\/otimismo-e-interacao-marcam-o-primeiro-dia-da-ihrsa-fitness-brasil-2021\/#primaryimage"},"image":{"@id":"https:\/\/www.fitnessbrasil.com.br\/newsfitbr\/otimismo-e-interacao-marcam-o-primeiro-dia-da-ihrsa-fitness-brasil-2021\/#primaryimage"},"thumbnailUrl":"https:\/\/www.fitnessbrasil.com.br\/wp-content\/uploads\/2021\/11\/1.jpeg","datePublished":"2021-11-09T22:29:39+00:00","dateModified":"2022-03-24T18:11:49+00:00","breadcrumb":{"@id":"https:\/\/www.fitnessbrasil.com.br\/newsfitbr\/otimismo-e-interacao-marcam-o-primeiro-dia-da-ihrsa-fitness-brasil-2021\/#breadcrumb"},"inLanguage":"es","potentialAction":[{"@type":"ReadAction","target":["https:\/\/www.fitnessbrasil.com.br\/newsfitbr\/otimismo-e-interacao-marcam-o-primeiro-dia-da-ihrsa-fitness-brasil-2021\/"]}]},{"@type":"ImageObject","inLanguage":"es","@id":"https:\/\/www.fitnessbrasil.com.br\/newsfitbr\/otimismo-e-interacao-marcam-o-primeiro-dia-da-ihrsa-fitness-brasil-2021\/#primaryimage","url":"https:\/\/www.fitnessbrasil.com.br\/wp-content\/uploads\/2021\/11\/1.jpeg","contentUrl":"https:\/\/www.fitnessbrasil.com.br\/wp-content\/uploads\/2021\/11\/1.jpeg","width":1600,"height":1200},{"@type":"BreadcrumbList","@id":"https:\/\/www.fitnessbrasil.com.br\/newsfitbr\/otimismo-e-interacao-marcam-o-primeiro-dia-da-ihrsa-fitness-brasil-2021\/#breadcrumb","itemListElement":[{"@type":"ListItem","position":1,"name":"In\u00edcio","item":"https:\/\/www.fitnessbrasil.com.br\/"},{"@type":"ListItem","position":2,"name":"Otimismo e intera\u00e7\u00e3o marcam o primeiro dia da IHRSA FITNESS BRASIL 2021"}]},{"@type":"WebSite","@id":"https:\/\/www.fitnessbrasil.com.br\/#website","url":"https:\/\/www.fitnessbrasil.com.br\/","name":"Fitness Brasil","description":"","publisher":{"@id":"https:\/\/www.fitnessbrasil.com.br\/#organization"},"potentialAction":[{"@type":"SearchAction","target":{"@type":"EntryPoint","urlTemplate":"https:\/\/www.fitnessbrasil.com.br\/?s={search_term_string}"},"query-input":{"@type":"PropertyValueSpecification","valueRequired":true,"valueName":"search_term_string"}}],"inLanguage":"es"},{"@type":"Organization","@id":"https:\/\/www.fitnessbrasil.com.br\/#organization","name":"Fitness Brasil","url":"https:\/\/www.fitnessbrasil.com.br\/","logo":{"@type":"ImageObject","inLanguage":"es","@id":"https:\/\/www.fitnessbrasil.com.br\/#\/schema\/logo\/image\/","url":"https:\/\/www.fitnessbrasil.com.br\/wp-content\/uploads\/2022\/01\/Logo-Fitness-Brasil_preto-e-cor.png","contentUrl":"https:\/\/www.fitnessbrasil.com.br\/wp-content\/uploads\/2022\/01\/Logo-Fitness-Brasil_preto-e-cor.png","width":593,"height":316,"caption":"Fitness Brasil"},"image":{"@id":"https:\/\/www.fitnessbrasil.com.br\/#\/schema\/logo\/image\/"}},{"@type":"Person","@id":"https:\/\/www.fitnessbrasil.com.br\/#\/schema\/person\/44332d981b99ed3bec8d1f53079a3ad4","name":"Yara Achoa","image":{"@type":"ImageObject","inLanguage":"es","@id":"https:\/\/secure.gravatar.com\/avatar\/703d1497efa1686cdeb68ba91129ecb39a6e38dabd429d4b66e0f888e491d424?s=96&r=g&d=https:\/\/www.fitnessbrasil.com.br\/wp-content\/plugins\/userswp\/assets\/images\/no_profile.png","url":"https:\/\/secure.gravatar.com\/avatar\/703d1497efa1686cdeb68ba91129ecb39a6e38dabd429d4b66e0f888e491d424?s=96&r=g&d=https:\/\/www.fitnessbrasil.com.br\/wp-content\/plugins\/userswp\/assets\/images\/no_profile.png","contentUrl":"https:\/\/secure.gravatar.com\/avatar\/703d1497efa1686cdeb68ba91129ecb39a6e38dabd429d4b66e0f888e491d424?s=96&r=g&d=https:\/\/www.fitnessbrasil.com.br\/wp-content\/plugins\/userswp\/assets\/images\/no_profile.png","caption":"Yara Achoa"},"sameAs":["http:\/\/yara@fitnessbrasil.com.br"],"url":"https:\/\/www.fitnessbrasil.com.br\/es\/profile\/yara\/"}]}},"_links":{"self":[{"href":"https:\/\/www.fitnessbrasil.com.br\/es\/wp-json\/wp\/v2\/posts\/2372","targetHints":{"allow":["GET"]}}],"collection":[{"href":"https:\/\/www.fitnessbrasil.com.br\/es\/wp-json\/wp\/v2\/posts"}],"about":[{"href":"https:\/\/www.fitnessbrasil.com.br\/es\/wp-json\/wp\/v2\/types\/post"}],"author":[{"embeddable":true,"href":"https:\/\/www.fitnessbrasil.com.br\/es\/wp-json\/wp\/v2\/users\/40"}],"replies":[{"embeddable":true,"href":"https:\/\/www.fitnessbrasil.com.br\/es\/wp-json\/wp\/v2\/comments?post=2372"}],"version-history":[{"count":2,"href":"https:\/\/www.fitnessbrasil.com.br\/es\/wp-json\/wp\/v2\/posts\/2372\/revisions"}],"predecessor-version":[{"id":2390,"href":"https:\/\/www.fitnessbrasil.com.br\/es\/wp-json\/wp\/v2\/posts\/2372\/revisions\/2390"}],"wp:featuredmedia":[{"embeddable":true,"href":"https:\/\/www.fitnessbrasil.com.br\/es\/wp-json\/wp\/v2\/media\/2373"}],"wp:attachment":[{"href":"https:\/\/www.fitnessbrasil.com.br\/es\/wp-json\/wp\/v2\/media?parent=2372"}],"wp:term":[{"taxonomy":"category","embeddable":true,"href":"https:\/\/www.fitnessbrasil.com.br\/es\/wp-json\/wp\/v2\/categories?post=2372"},{"taxonomy":"post_tag","embeddable":true,"href":"https:\/\/www.fitnessbrasil.com.br\/es\/wp-json\/wp\/v2\/tags?post=2372"},{"taxonomy":"post_folder","embeddable":true,"href":"https:\/\/www.fitnessbrasil.com.br\/es\/wp-json\/wp\/v2\/post_folder?post=2372"}],"curies":[{"name":"wp","href":"https:\/\/api.w.org\/{rel}","templated":true}]}}