{"id":27614,"date":"2022-10-05T18:37:24","date_gmt":"2022-10-05T21:37:24","guid":{"rendered":"https:\/\/www.fitnessbrasil.com.br\/?p=27614"},"modified":"2025-05-28T20:00:00","modified_gmt":"2025-05-28T23:00:00","slug":"prescrever-pra-que","status":"publish","type":"post","link":"https:\/\/www.fitnessbrasil.com.br\/es\/newsfitbr\/prescrever-pra-que\/","title":{"rendered":"Prescrever pra qu\u00ea? Voc\u00ea j\u00e1 parou para pensar nisso?"},"content":{"rendered":"<p>Por Pierre Barbosa, colunista Fitness Brasil<\/p>\n\n\n\n<!--more-->\n\n\n\n<p><strong>Essa indaga\u00e7\u00e3o \u00e9 a base de uma academia que tem foco na entrega para os 95%.<\/strong> Se n\u00e3o houver resposta ou d\u00favida para a pergunta, voc\u00ea provavelmente cair\u00e1 na armadilha de supor que \u00e9 uma academia para todos, mas que na verdade apenas atende a expectativa do fitness ou \u00e9 lowcost, lowprice ou lowcura \u2013 depende de como seja a estrat\u00e9gia.<\/p>\n\n\n\n<p><strong>Fa\u00e7a essa experi\u00eancia amanh\u00e3 na sua academia<\/strong><\/p>\n\n\n\n<p>Aborde um cliente durante o treino na sua academia \ud83d\ude33, normalmente escolho mulheres, n\u00e3o fitness (95%), fazendo a cadeira extensora ou leg. E fa\u00e7o a seguinte pergunta:<\/p>\n\n\n\n<p><strong>&#8220;Ol\u00e1, bom dia, por que a senhora est\u00e1 fazendo esse equipamento?&#8221;<\/strong><\/p>\n\n\n\n<p><strong>Resposta comum:<\/strong> \u201cPorque est\u00e1 na ficha\u201d \ud83e\udd14<\/p>\n\n\n\n<p>Legal, em seguida busco o professor na sala e fa\u00e7o a mesma pergunta:<\/p>\n\n\n\n<p><strong>\u201cOl\u00e1 professor, por que aquela &#8220;aluna&#8221; est\u00e1 fazendo a cadeira extensora?\u201d<\/strong><\/p>\n\n\n\n<p><strong>Resposta Comum: <\/strong>\u201cPorque est\u00e1 prescrito na ficha de treino dela.\u201d\ud83e\udd2f<\/p>\n\n\n\n<p><strong>RESULTADO 1:<\/strong> A cliente (95%) n\u00e3o tem a menor ideia do motivo dela estar investindo 1h do seu dia fazendo aquelas m\u00e1quinas, o que aquilo est\u00e1 beneficiando algo espec\u00edfico no seu dia, seja qual for o desejo ou necessidade dela \u2714\ufe0f. Sendo assim, \u00e9 logico que ela n\u00e3o vai entender (valorizar) o servi\u00e7o, ou seja, 79 reais pode ser uma fortuna.<\/p>\n\n\n\n<p><strong>RESULTADO 2:<\/strong> O professor tamb\u00e9m n\u00e3o tem a menor ideia do motivo daquela cliente estar fazendo aquele exerc\u00edcio, como aquela ferramenta t\u00e3o espetacular chamada muscula\u00e7\u00e3o est\u00e1 beneficiando diretamente a vida daquela pessoa, gerando assim a mesma falta de valor do cliente sobre o prestador de servidor (seja para o professor e\/ou, normalmente, para a marca da academia).<\/p>\n\n\n\n<p>Isso inclusive pode, e deve, ser um ind\u00edcio b\u00e1sico de que, porque o m\u00e9dico cobra 700 reais em uma consulta de 40min e a m\u00e9dia de hora aula de Personal \u00e9 50 reais no Brasil.<\/p>\n\n\n\n<figure class=\"wp-block-image aligncenter size-large\"><img decoding=\"async\" width=\"1200\" height=\"800\" data-src=\"https:\/\/www.fitnessbrasil.com.br\/wp-content\/uploads\/2022\/10\/pierre-fb-news-2022-01-prescrever-pra-que-B-1200x800.jpg\" alt=\"\" class=\"wp-image-27616 lazyload\" data-srcset=\"https:\/\/www.fitnessbrasil.com.br\/wp-content\/uploads\/2022\/10\/pierre-fb-news-2022-01-prescrever-pra-que-B-1200x800.jpg 1200w, https:\/\/www.fitnessbrasil.com.br\/wp-content\/uploads\/2022\/10\/pierre-fb-news-2022-01-prescrever-pra-que-B-600x400.jpg 600w, https:\/\/www.fitnessbrasil.com.br\/wp-content\/uploads\/2022\/10\/pierre-fb-news-2022-01-prescrever-pra-que-B-768x512.jpg 768w, https:\/\/www.fitnessbrasil.com.br\/wp-content\/uploads\/2022\/10\/pierre-fb-news-2022-01-prescrever-pra-que-B-1536x1024.jpg 1536w, https:\/\/www.fitnessbrasil.com.br\/wp-content\/uploads\/2022\/10\/pierre-fb-news-2022-01-prescrever-pra-que-B-18x12.jpg 18w, https:\/\/www.fitnessbrasil.com.br\/wp-content\/uploads\/2022\/10\/pierre-fb-news-2022-01-prescrever-pra-que-B-510x340.jpg 510w, https:\/\/www.fitnessbrasil.com.br\/wp-content\/uploads\/2022\/10\/pierre-fb-news-2022-01-prescrever-pra-que-B.jpg 1773w\" data-sizes=\"(max-width: 1200px) 100vw, 1200px\" src=\"data:image\/svg+xml;base64,PHN2ZyB3aWR0aD0iMSIgaGVpZ2h0PSIxIiB4bWxucz0iaHR0cDovL3d3dy53My5vcmcvMjAwMC9zdmciPjwvc3ZnPg==\" style=\"--smush-placeholder-width: 1200px; --smush-placeholder-aspect-ratio: 1200\/800;\" \/><figcaption><em>Fonte da nossa plataforma de Mapeamento de Qualidade de Vida (MQV): +38% das pessoas trabalham muito tempo sentadas e 21% relatam forte exig\u00eancia intelectual.+53% sentem dores f\u00edsicas e 38% se sentem muito sedent\u00e1rios<\/em><\/figcaption><\/figure>\n\n\n\n<p><strong>REFLEX\u00c3O<\/strong><\/p>\n\n\n\n<p><strong>Sua academia precisa urgente de uma METODOLOGIA DE PRODUTO, DE NEG\u00d3CIO<\/strong>. Esquece a tal da periodiza\u00e7\u00e3o num primeiro momento, explique sobre de que forma o seu servi\u00e7o atende as NECESSIDADES DIRETAS das pessoas fora da sua academia (isso inclui os est\u00fadios). Se seu professor prescreve uma ficha sem um objeto claro e espec\u00edfico para o cliente se beneficiar fora da academia, cito: emagrecimento, dor, &#8220;ficar bem&#8221;, esportes, tipo de trabalho, taff, longevidade, obesidade infantil, nota na escola, tratamento cl\u00ednico, performance profissional, sedentarismo, ansiedade e Ins\u00f4nia, felicidade, entre v\u00e1rias outras&#8230;. <strong>Seu treino ou academia sempre ir\u00e3o permanecer na prioridade de corte de custos.<\/strong><\/p>\n\n\n\n<div class=\"wp-block-media-text alignwide is-stacked-on-mobile\" style=\"grid-template-columns:18% auto\"><figure class=\"wp-block-media-text__media\"><img decoding=\"async\" width=\"384\" height=\"463\" data-src=\"https:\/\/www.fitnessbrasil.com.br\/wp-content\/uploads\/2022\/10\/pierre-e1665005791809.jpg\" alt=\"\" class=\"wp-image-27617 size-full lazyload\" data-srcset=\"https:\/\/www.fitnessbrasil.com.br\/wp-content\/uploads\/2022\/10\/pierre-e1665005791809.jpg 384w, https:\/\/www.fitnessbrasil.com.br\/wp-content\/uploads\/2022\/10\/pierre-e1665005791809-332x400.jpg 332w, https:\/\/www.fitnessbrasil.com.br\/wp-content\/uploads\/2022\/10\/pierre-e1665005791809-10x12.jpg 10w\" data-sizes=\"(max-width: 384px) 100vw, 384px\" src=\"data:image\/svg+xml;base64,PHN2ZyB3aWR0aD0iMSIgaGVpZ2h0PSIxIiB4bWxucz0iaHR0cDovL3d3dy53My5vcmcvMjAwMC9zdmciPjwvc3ZnPg==\" style=\"--smush-placeholder-width: 384px; --smush-placeholder-aspect-ratio: 384\/463;\" \/><\/figure><div class=\"wp-block-media-text__content\">\n<p class=\"has-small-font-size\"><em><strong>Pierre Barbosa <\/strong>\u00e9 formado em Ci\u00eancias Cont\u00e1beis e Administra\u00e7\u00e3o de Empresas, criador do Instituto do Al\u00edvio e do Mapeamento da Qualidade de Vida (MQV)<\/em>. <em>Especialista em materializar servi\u00e7os para as 95% das pessoas que n\u00e3o gostam e nem praticam atividade f\u00edsica<\/em><\/p>\n<\/div><\/div>","protected":false},"excerpt":{"rendered":"<p>Por Pierre Barbosa, colunista Fitness Brasil<\/p>","protected":false},"author":1511,"featured_media":27615,"comment_status":"open","ping_status":"closed","sticky":false,"template":"","format":"standard","meta":{"_acf_changed":true,"footnotes":""},"categories":[74,235],"tags":[],"post_folder":[],"class_list":["post-27614","post","type-post","status-publish","format-standard","has-post-thumbnail","hentry","category-colunistas","category-pierre-barbosa"],"acf":[],"yoast_head":"<!-- This site is optimized with the Yoast SEO plugin v27.4 - https:\/\/yoast.com\/product\/yoast-seo-wordpress\/ -->\n<title>Prescrever pra qu\u00ea? Voc\u00ea j\u00e1 parou para pensar nisso? - Fitness Brasil<\/title>\n<meta name=\"robots\" content=\"index, follow, max-snippet:-1, max-image-preview:large, max-video-preview:-1\" \/>\n<link rel=\"canonical\" href=\"https:\/\/www.fitnessbrasil.com.br\/es\/newsfitbr\/prescrever-pra-que\/\" \/>\n<meta property=\"og:locale\" content=\"es_ES\" \/>\n<meta property=\"og:type\" content=\"article\" \/>\n<meta property=\"og:title\" content=\"Prescrever pra qu\u00ea? Voc\u00ea j\u00e1 parou para pensar nisso? - Fitness Brasil\" \/>\n<meta property=\"og:description\" content=\"Por Pierre Barbosa, colunista Fitness Brasil\" \/>\n<meta property=\"og:url\" content=\"https:\/\/www.fitnessbrasil.com.br\/es\/newsfitbr\/prescrever-pra-que\/\" \/>\n<meta property=\"og:site_name\" content=\"Fitness Brasil\" \/>\n<meta property=\"article:published_time\" content=\"2022-10-05T21:37:24+00:00\" \/>\n<meta property=\"article:modified_time\" content=\"2025-05-28T23:00:00+00:00\" \/>\n<meta property=\"og:image\" content=\"https:\/\/www.fitnessbrasil.com.br\/wp-content\/uploads\/2022\/10\/pierre-fb-news-2022-01-prescrever-pra-que-A.jpg\" \/>\n\t<meta property=\"og:image:width\" content=\"1773\" \/>\n\t<meta property=\"og:image:height\" content=\"1182\" \/>\n\t<meta property=\"og:image:type\" content=\"image\/jpeg\" \/>\n<meta name=\"author\" content=\"Pierre Barbosa\" \/>\n<meta name=\"twitter:card\" content=\"summary_large_image\" \/>\n<meta name=\"twitter:label1\" content=\"Escrito por\" \/>\n\t<meta name=\"twitter:data1\" content=\"Pierre Barbosa\" \/>\n\t<meta name=\"twitter:label2\" content=\"Tiempo de lectura\" \/>\n\t<meta name=\"twitter:data2\" content=\"4 minutos\" \/>\n<script type=\"application\/ld+json\" class=\"yoast-schema-graph\">{\"@context\":\"https:\\\/\\\/schema.org\",\"@graph\":[{\"@type\":\"Article\",\"@id\":\"https:\\\/\\\/www.fitnessbrasil.com.br\\\/newsfitbr\\\/prescrever-pra-que\\\/#article\",\"isPartOf\":{\"@id\":\"https:\\\/\\\/www.fitnessbrasil.com.br\\\/newsfitbr\\\/prescrever-pra-que\\\/\"},\"author\":{\"name\":\"Pierre Barbosa\",\"@id\":\"https:\\\/\\\/www.fitnessbrasil.com.br\\\/#\\\/schema\\\/person\\\/1a181b55394e702fddc29a445cb43ab1\"},\"headline\":\"Prescrever pra qu\u00ea? Voc\u00ea j\u00e1 parou para pensar nisso?\",\"datePublished\":\"2022-10-05T21:37:24+00:00\",\"dateModified\":\"2025-05-28T23:00:00+00:00\",\"mainEntityOfPage\":{\"@id\":\"https:\\\/\\\/www.fitnessbrasil.com.br\\\/newsfitbr\\\/prescrever-pra-que\\\/\"},\"wordCount\":514,\"commentCount\":0,\"publisher\":{\"@id\":\"https:\\\/\\\/www.fitnessbrasil.com.br\\\/#organization\"},\"image\":{\"@id\":\"https:\\\/\\\/www.fitnessbrasil.com.br\\\/newsfitbr\\\/prescrever-pra-que\\\/#primaryimage\"},\"thumbnailUrl\":\"https:\\\/\\\/www.fitnessbrasil.com.br\\\/wp-content\\\/uploads\\\/2022\\\/10\\\/pierre-fb-news-2022-01-prescrever-pra-que-A.jpg\",\"articleSection\":[\"Colunistas\",\"PIERRE BARBOSA\"],\"inLanguage\":\"es\",\"potentialAction\":[{\"@type\":\"CommentAction\",\"name\":\"Comment\",\"target\":[\"https:\\\/\\\/www.fitnessbrasil.com.br\\\/newsfitbr\\\/prescrever-pra-que\\\/#respond\"]}]},{\"@type\":\"WebPage\",\"@id\":\"https:\\\/\\\/www.fitnessbrasil.com.br\\\/newsfitbr\\\/prescrever-pra-que\\\/\",\"url\":\"https:\\\/\\\/www.fitnessbrasil.com.br\\\/newsfitbr\\\/prescrever-pra-que\\\/\",\"name\":\"Prescrever pra qu\u00ea? Voc\u00ea j\u00e1 parou para pensar nisso? - Fitness Brasil\",\"isPartOf\":{\"@id\":\"https:\\\/\\\/www.fitnessbrasil.com.br\\\/#website\"},\"primaryImageOfPage\":{\"@id\":\"https:\\\/\\\/www.fitnessbrasil.com.br\\\/newsfitbr\\\/prescrever-pra-que\\\/#primaryimage\"},\"image\":{\"@id\":\"https:\\\/\\\/www.fitnessbrasil.com.br\\\/newsfitbr\\\/prescrever-pra-que\\\/#primaryimage\"},\"thumbnailUrl\":\"https:\\\/\\\/www.fitnessbrasil.com.br\\\/wp-content\\\/uploads\\\/2022\\\/10\\\/pierre-fb-news-2022-01-prescrever-pra-que-A.jpg\",\"datePublished\":\"2022-10-05T21:37:24+00:00\",\"dateModified\":\"2025-05-28T23:00:00+00:00\",\"breadcrumb\":{\"@id\":\"https:\\\/\\\/www.fitnessbrasil.com.br\\\/newsfitbr\\\/prescrever-pra-que\\\/#breadcrumb\"},\"inLanguage\":\"es\",\"potentialAction\":[{\"@type\":\"ReadAction\",\"target\":[\"https:\\\/\\\/www.fitnessbrasil.com.br\\\/newsfitbr\\\/prescrever-pra-que\\\/\"]}]},{\"@type\":\"ImageObject\",\"inLanguage\":\"es\",\"@id\":\"https:\\\/\\\/www.fitnessbrasil.com.br\\\/newsfitbr\\\/prescrever-pra-que\\\/#primaryimage\",\"url\":\"https:\\\/\\\/www.fitnessbrasil.com.br\\\/wp-content\\\/uploads\\\/2022\\\/10\\\/pierre-fb-news-2022-01-prescrever-pra-que-A.jpg\",\"contentUrl\":\"https:\\\/\\\/www.fitnessbrasil.com.br\\\/wp-content\\\/uploads\\\/2022\\\/10\\\/pierre-fb-news-2022-01-prescrever-pra-que-A.jpg\",\"width\":1773,\"height\":1182,\"caption\":\"Instructor Guiding Man To Fill The Membership Form\"},{\"@type\":\"BreadcrumbList\",\"@id\":\"https:\\\/\\\/www.fitnessbrasil.com.br\\\/newsfitbr\\\/prescrever-pra-que\\\/#breadcrumb\",\"itemListElement\":[{\"@type\":\"ListItem\",\"position\":1,\"name\":\"In\u00edcio\",\"item\":\"https:\\\/\\\/www.fitnessbrasil.com.br\\\/\"},{\"@type\":\"ListItem\",\"position\":2,\"name\":\"Prescrever pra qu\u00ea? Voc\u00ea j\u00e1 parou para pensar nisso?\"}]},{\"@type\":\"WebSite\",\"@id\":\"https:\\\/\\\/www.fitnessbrasil.com.br\\\/#website\",\"url\":\"https:\\\/\\\/www.fitnessbrasil.com.br\\\/\",\"name\":\"Fitness Brasil\",\"description\":\"\",\"publisher\":{\"@id\":\"https:\\\/\\\/www.fitnessbrasil.com.br\\\/#organization\"},\"potentialAction\":[{\"@type\":\"SearchAction\",\"target\":{\"@type\":\"EntryPoint\",\"urlTemplate\":\"https:\\\/\\\/www.fitnessbrasil.com.br\\\/?s={search_term_string}\"},\"query-input\":{\"@type\":\"PropertyValueSpecification\",\"valueRequired\":true,\"valueName\":\"search_term_string\"}}],\"inLanguage\":\"es\"},{\"@type\":\"Organization\",\"@id\":\"https:\\\/\\\/www.fitnessbrasil.com.br\\\/#organization\",\"name\":\"Fitness Brasil\",\"url\":\"https:\\\/\\\/www.fitnessbrasil.com.br\\\/\",\"logo\":{\"@type\":\"ImageObject\",\"inLanguage\":\"es\",\"@id\":\"https:\\\/\\\/www.fitnessbrasil.com.br\\\/#\\\/schema\\\/logo\\\/image\\\/\",\"url\":\"https:\\\/\\\/www.fitnessbrasil.com.br\\\/wp-content\\\/uploads\\\/2022\\\/01\\\/Logo-Fitness-Brasil_preto-e-cor.png\",\"contentUrl\":\"https:\\\/\\\/www.fitnessbrasil.com.br\\\/wp-content\\\/uploads\\\/2022\\\/01\\\/Logo-Fitness-Brasil_preto-e-cor.png\",\"width\":593,\"height\":316,\"caption\":\"Fitness Brasil\"},\"image\":{\"@id\":\"https:\\\/\\\/www.fitnessbrasil.com.br\\\/#\\\/schema\\\/logo\\\/image\\\/\"}},{\"@type\":\"Person\",\"@id\":\"https:\\\/\\\/www.fitnessbrasil.com.br\\\/#\\\/schema\\\/person\\\/1a181b55394e702fddc29a445cb43ab1\",\"name\":\"Pierre Barbosa\",\"image\":{\"@type\":\"ImageObject\",\"inLanguage\":\"es\",\"@id\":\"https:\\\/\\\/secure.gravatar.com\\\/avatar\\\/9edf4fe4d8bfdd6bdd9187da63103549dd3433de1b4fc8494c82a0e71078c76b?s=96&r=g&d=https:\\\/\\\/www.fitnessbrasil.com.br\\\/wp-content\\\/plugins\\\/userswp\\\/assets\\\/images\\\/no_profile.png\",\"url\":\"https:\\\/\\\/secure.gravatar.com\\\/avatar\\\/9edf4fe4d8bfdd6bdd9187da63103549dd3433de1b4fc8494c82a0e71078c76b?s=96&r=g&d=https:\\\/\\\/www.fitnessbrasil.com.br\\\/wp-content\\\/plugins\\\/userswp\\\/assets\\\/images\\\/no_profile.png\",\"contentUrl\":\"https:\\\/\\\/secure.gravatar.com\\\/avatar\\\/9edf4fe4d8bfdd6bdd9187da63103549dd3433de1b4fc8494c82a0e71078c76b?s=96&r=g&d=https:\\\/\\\/www.fitnessbrasil.com.br\\\/wp-content\\\/plugins\\\/userswp\\\/assets\\\/images\\\/no_profile.png\",\"caption\":\"Pierre Barbosa\"},\"url\":\"https:\\\/\\\/www.fitnessbrasil.com.br\\\/es\\\/profile\\\/pierrefitnessbrasil-com-br\\\/\"}]}<\/script>\n<!-- \/ Yoast SEO plugin. -->","yoast_head_json":{"title":"Prescrever pra qu\u00ea? Voc\u00ea j\u00e1 parou para pensar nisso? - Fitness Brasil","robots":{"index":"index","follow":"follow","max-snippet":"max-snippet:-1","max-image-preview":"max-image-preview:large","max-video-preview":"max-video-preview:-1"},"canonical":"https:\/\/www.fitnessbrasil.com.br\/es\/newsfitbr\/prescrever-pra-que\/","og_locale":"es_ES","og_type":"article","og_title":"Prescrever pra qu\u00ea? Voc\u00ea j\u00e1 parou para pensar nisso? - Fitness Brasil","og_description":"Por Pierre Barbosa, colunista Fitness Brasil","og_url":"https:\/\/www.fitnessbrasil.com.br\/es\/newsfitbr\/prescrever-pra-que\/","og_site_name":"Fitness Brasil","article_published_time":"2022-10-05T21:37:24+00:00","article_modified_time":"2025-05-28T23:00:00+00:00","og_image":[{"width":1773,"height":1182,"url":"https:\/\/www.fitnessbrasil.com.br\/wp-content\/uploads\/2022\/10\/pierre-fb-news-2022-01-prescrever-pra-que-A.jpg","type":"image\/jpeg"}],"author":"Pierre Barbosa","twitter_card":"summary_large_image","twitter_misc":{"Escrito por":"Pierre Barbosa","Tiempo de lectura":"4 minutos"},"schema":{"@context":"https:\/\/schema.org","@graph":[{"@type":"Article","@id":"https:\/\/www.fitnessbrasil.com.br\/newsfitbr\/prescrever-pra-que\/#article","isPartOf":{"@id":"https:\/\/www.fitnessbrasil.com.br\/newsfitbr\/prescrever-pra-que\/"},"author":{"name":"Pierre Barbosa","@id":"https:\/\/www.fitnessbrasil.com.br\/#\/schema\/person\/1a181b55394e702fddc29a445cb43ab1"},"headline":"Prescrever pra qu\u00ea? Voc\u00ea j\u00e1 parou para pensar nisso?","datePublished":"2022-10-05T21:37:24+00:00","dateModified":"2025-05-28T23:00:00+00:00","mainEntityOfPage":{"@id":"https:\/\/www.fitnessbrasil.com.br\/newsfitbr\/prescrever-pra-que\/"},"wordCount":514,"commentCount":0,"publisher":{"@id":"https:\/\/www.fitnessbrasil.com.br\/#organization"},"image":{"@id":"https:\/\/www.fitnessbrasil.com.br\/newsfitbr\/prescrever-pra-que\/#primaryimage"},"thumbnailUrl":"https:\/\/www.fitnessbrasil.com.br\/wp-content\/uploads\/2022\/10\/pierre-fb-news-2022-01-prescrever-pra-que-A.jpg","articleSection":["Colunistas","PIERRE BARBOSA"],"inLanguage":"es","potentialAction":[{"@type":"CommentAction","name":"Comment","target":["https:\/\/www.fitnessbrasil.com.br\/newsfitbr\/prescrever-pra-que\/#respond"]}]},{"@type":"WebPage","@id":"https:\/\/www.fitnessbrasil.com.br\/newsfitbr\/prescrever-pra-que\/","url":"https:\/\/www.fitnessbrasil.com.br\/newsfitbr\/prescrever-pra-que\/","name":"Prescrever pra qu\u00ea? Voc\u00ea j\u00e1 parou para pensar nisso? - Fitness Brasil","isPartOf":{"@id":"https:\/\/www.fitnessbrasil.com.br\/#website"},"primaryImageOfPage":{"@id":"https:\/\/www.fitnessbrasil.com.br\/newsfitbr\/prescrever-pra-que\/#primaryimage"},"image":{"@id":"https:\/\/www.fitnessbrasil.com.br\/newsfitbr\/prescrever-pra-que\/#primaryimage"},"thumbnailUrl":"https:\/\/www.fitnessbrasil.com.br\/wp-content\/uploads\/2022\/10\/pierre-fb-news-2022-01-prescrever-pra-que-A.jpg","datePublished":"2022-10-05T21:37:24+00:00","dateModified":"2025-05-28T23:00:00+00:00","breadcrumb":{"@id":"https:\/\/www.fitnessbrasil.com.br\/newsfitbr\/prescrever-pra-que\/#breadcrumb"},"inLanguage":"es","potentialAction":[{"@type":"ReadAction","target":["https:\/\/www.fitnessbrasil.com.br\/newsfitbr\/prescrever-pra-que\/"]}]},{"@type":"ImageObject","inLanguage":"es","@id":"https:\/\/www.fitnessbrasil.com.br\/newsfitbr\/prescrever-pra-que\/#primaryimage","url":"https:\/\/www.fitnessbrasil.com.br\/wp-content\/uploads\/2022\/10\/pierre-fb-news-2022-01-prescrever-pra-que-A.jpg","contentUrl":"https:\/\/www.fitnessbrasil.com.br\/wp-content\/uploads\/2022\/10\/pierre-fb-news-2022-01-prescrever-pra-que-A.jpg","width":1773,"height":1182,"caption":"Instructor Guiding Man To Fill The Membership Form"},{"@type":"BreadcrumbList","@id":"https:\/\/www.fitnessbrasil.com.br\/newsfitbr\/prescrever-pra-que\/#breadcrumb","itemListElement":[{"@type":"ListItem","position":1,"name":"In\u00edcio","item":"https:\/\/www.fitnessbrasil.com.br\/"},{"@type":"ListItem","position":2,"name":"Prescrever pra qu\u00ea? Voc\u00ea j\u00e1 parou para pensar nisso?"}]},{"@type":"WebSite","@id":"https:\/\/www.fitnessbrasil.com.br\/#website","url":"https:\/\/www.fitnessbrasil.com.br\/","name":"Fitness Brasil","description":"","publisher":{"@id":"https:\/\/www.fitnessbrasil.com.br\/#organization"},"potentialAction":[{"@type":"SearchAction","target":{"@type":"EntryPoint","urlTemplate":"https:\/\/www.fitnessbrasil.com.br\/?s={search_term_string}"},"query-input":{"@type":"PropertyValueSpecification","valueRequired":true,"valueName":"search_term_string"}}],"inLanguage":"es"},{"@type":"Organization","@id":"https:\/\/www.fitnessbrasil.com.br\/#organization","name":"Fitness Brasil","url":"https:\/\/www.fitnessbrasil.com.br\/","logo":{"@type":"ImageObject","inLanguage":"es","@id":"https:\/\/www.fitnessbrasil.com.br\/#\/schema\/logo\/image\/","url":"https:\/\/www.fitnessbrasil.com.br\/wp-content\/uploads\/2022\/01\/Logo-Fitness-Brasil_preto-e-cor.png","contentUrl":"https:\/\/www.fitnessbrasil.com.br\/wp-content\/uploads\/2022\/01\/Logo-Fitness-Brasil_preto-e-cor.png","width":593,"height":316,"caption":"Fitness Brasil"},"image":{"@id":"https:\/\/www.fitnessbrasil.com.br\/#\/schema\/logo\/image\/"}},{"@type":"Person","@id":"https:\/\/www.fitnessbrasil.com.br\/#\/schema\/person\/1a181b55394e702fddc29a445cb43ab1","name":"Pierre Barbosa","image":{"@type":"ImageObject","inLanguage":"es","@id":"https:\/\/secure.gravatar.com\/avatar\/9edf4fe4d8bfdd6bdd9187da63103549dd3433de1b4fc8494c82a0e71078c76b?s=96&r=g&d=https:\/\/www.fitnessbrasil.com.br\/wp-content\/plugins\/userswp\/assets\/images\/no_profile.png","url":"https:\/\/secure.gravatar.com\/avatar\/9edf4fe4d8bfdd6bdd9187da63103549dd3433de1b4fc8494c82a0e71078c76b?s=96&r=g&d=https:\/\/www.fitnessbrasil.com.br\/wp-content\/plugins\/userswp\/assets\/images\/no_profile.png","contentUrl":"https:\/\/secure.gravatar.com\/avatar\/9edf4fe4d8bfdd6bdd9187da63103549dd3433de1b4fc8494c82a0e71078c76b?s=96&r=g&d=https:\/\/www.fitnessbrasil.com.br\/wp-content\/plugins\/userswp\/assets\/images\/no_profile.png","caption":"Pierre Barbosa"},"url":"https:\/\/www.fitnessbrasil.com.br\/es\/profile\/pierrefitnessbrasil-com-br\/"}]}},"_links":{"self":[{"href":"https:\/\/www.fitnessbrasil.com.br\/es\/wp-json\/wp\/v2\/posts\/27614","targetHints":{"allow":["GET"]}}],"collection":[{"href":"https:\/\/www.fitnessbrasil.com.br\/es\/wp-json\/wp\/v2\/posts"}],"about":[{"href":"https:\/\/www.fitnessbrasil.com.br\/es\/wp-json\/wp\/v2\/types\/post"}],"author":[{"embeddable":true,"href":"https:\/\/www.fitnessbrasil.com.br\/es\/wp-json\/wp\/v2\/users\/1511"}],"replies":[{"embeddable":true,"href":"https:\/\/www.fitnessbrasil.com.br\/es\/wp-json\/wp\/v2\/comments?post=27614"}],"version-history":[{"count":0,"href":"https:\/\/www.fitnessbrasil.com.br\/es\/wp-json\/wp\/v2\/posts\/27614\/revisions"}],"wp:featuredmedia":[{"embeddable":true,"href":"https:\/\/www.fitnessbrasil.com.br\/es\/wp-json\/wp\/v2\/media\/27615"}],"wp:attachment":[{"href":"https:\/\/www.fitnessbrasil.com.br\/es\/wp-json\/wp\/v2\/media?parent=27614"}],"wp:term":[{"taxonomy":"category","embeddable":true,"href":"https:\/\/www.fitnessbrasil.com.br\/es\/wp-json\/wp\/v2\/categories?post=27614"},{"taxonomy":"post_tag","embeddable":true,"href":"https:\/\/www.fitnessbrasil.com.br\/es\/wp-json\/wp\/v2\/tags?post=27614"},{"taxonomy":"post_folder","embeddable":true,"href":"https:\/\/www.fitnessbrasil.com.br\/es\/wp-json\/wp\/v2\/post_folder?post=27614"}],"curies":[{"name":"wp","href":"https:\/\/api.w.org\/{rel}","templated":true}]}}