{"id":529,"date":"2021-08-03T06:00:00","date_gmt":"2021-08-03T09:00:00","guid":{"rendered":"http:\/\/www.fitnessbrasil.com.br\/?p=529"},"modified":"2022-03-24T13:38:18","modified_gmt":"2022-03-24T16:38:18","slug":"vendas-com-marketing-digital-em-tempos-de-pandemia","status":"publish","type":"post","link":"https:\/\/www.fitnessbrasil.com.br\/es\/newsfitbr\/vendas-com-marketing-digital-em-tempos-de-pandemia\/","title":{"rendered":"Vendas com marketing digital em tempos de pandemia"},"content":{"rendered":"<p>Para come\u00e7ar essa conversa, a qual vai mexer com a sua cabe\u00e7a e fazer com que todos n\u00f3s entendamos um pouco do que aconteceu e&nbsp; o que vai acontecer com as vendas nas academias, usando o marketing digital em tempos de crise, pandemia e um tempo de muitas oportunidades.<\/p>\n\n\n\n<p>N\u00f3s vamos falar aqui sobre as situa\u00e7\u00f5es pr\u00e1ticas que est\u00e3o acontecendo nesses \u00faltimos anos, por respeito a voc\u00ea e a mim o assunto n\u00e3o vai citar pol\u00edtica e nem economia, porque na verdade pouco podemos influenciar nas decis\u00f5es que s\u00e3o regidas pelos poderes revogados .<br><br><\/p>\n\n\n\n<p>V\u00e1rios, sen\u00e3o 90% dos neg\u00f3cios tiveram que se reinventar durante este per\u00edodo de pandemia, alguns por sobreviv\u00eancia, outros por que j\u00e1 estavam nessa transforma\u00e7\u00e3o e pouqu\u00edssimos, refor\u00e7o,&nbsp; pouqu\u00edssimos conseguiram entender que precisam ser extremamente profissionais e ligados nas oportunidades que estamos vivendo no mercado Fitness.<br><br>Como falei vamos para a pr\u00e1tica, veja alguns dos modelos novos que j\u00e1 est\u00e3o no mercado fitness de academias e est\u00fadios :<br><br>* Atendimento de Aulas online ao vivo e gravado;<br>* V\u00e1rios programas digitais como suporte ou produtos de vendas;<br>* Small Groups online de v\u00e1rias modalidades;<\/p>\n\n\n\n<p>* Presta\u00e7\u00e3o dos servi\u00e7os de Personal Trainer atrav\u00e9s da Academia;<br>* Os APPs personalizados com v\u00e1rios servi\u00e7os para o cliente<br>* Os programas h\u00edbridos ( Presenciais e Online )<br>* Cria\u00e7\u00e3o de&nbsp; comunidades online para networking e vender outros produtos;<br>* Os sistemas de indica\u00e7\u00e3o online com at\u00e9 10X mais de resultados efetivos.<br><br><br>Antes da Covid-19, o n\u00famero de pessoas usando as redes sociais j\u00e1 era impressionate, sabe o quanto aumentou desde ent\u00e3o ?<br><br>Mais de 180 milh\u00f5es de&nbsp;pessoas&nbsp;usaram alguma&nbsp;rede social&nbsp;entre julho e setembro de 202 no Brasil,&nbsp;aumento&nbsp;de 2 milh\u00f5es de usu\u00e1rios por dia em rela\u00e7\u00e3o ao trimestre anterior. O&nbsp;n\u00famero&nbsp;representa, ainda, o dobro do registrado em janeiro de 2020 e \u00e9 o maior crescimento apontado pelo relat\u00f3rio desde que come\u00e7ou a ser produzido essas pesquisas.<br><br>&nbsp;O que gera em nossa conversa aqui outro momento pr\u00e1tico, o que premeias ser levado em conta somente as redes sociais :<br><br><\/p>\n\n\n\n<ul class=\"wp-block-list\"><li><strong>Publica<\/strong><strong>\u00e7\u00e3o de conte<\/strong><strong>\u00fa<\/strong><strong>dos em v<\/strong><strong>\u00ed<\/strong><strong>deo;<\/strong><strong><\/strong><\/li><li><strong>Uso de conte\u00fados gerados pelos seus usu\u00e1rios;<\/strong><\/li><li><strong>Apoio de influenciadores digitais para amplificar o conhecimento de marca;<\/strong><\/li><li><strong>Personaliza<\/strong><strong>\u00e7\u00e3o do conte<\/strong><strong>\u00fa<\/strong><strong>do;<\/strong><strong><\/strong><\/li><li><strong>Ter investimento mensal em an\u00fancios<\/strong><\/li><li><strong>Gerar campanhas profissionais de vendas em cada rede social.<\/strong><strong><br><br><\/strong><strong>&nbsp;<\/strong><strong><\/strong><\/li><\/ul>\n\n\n\n<p>&nbsp;Atender os clientes online e deix\u00e1-los satisfeitos \u00c9 ESSENCIAL e muito lucrativo para as academias. &nbsp;Sendo a maneira mais forte de aumentar seus novos clientes, manter o seu neg\u00f3cio funcionando e sim entraria verdadeira transforma\u00e7\u00e3o digital!<br><br>Finalizando a nossa conversa quero deixar uma dica de quem est\u00e1 h\u00e1 31 anos nesse mercado e 5 anos trabalhando com marketing digital especializado para academias e o mercado fitness\u2026<br><br>Voc\u00ea n\u00e3o precisa ser especialista e nem fazer aqueles cursos intermin\u00e1veis, voc\u00ea precisa adequar a sua rotina de gest\u00e3o e vendas um tempo para conhecer as novas t\u00e9cnicas j\u00e1 comprovadas e quem pode te ajudar a fazer, assim facilitando o seu sucesso com marketing digital em tempos de pandemia!<br><br>Por Alexandre Greco: Mestre e Especialista em Marketing Digital, Gest\u00e3o por Resultados e Atendimento ao cliente com excel\u00eancia &#8211; ESPM \/ IPA; CEO da Gest\u00e3o Fitness Online, com 30 anos de experi\u00eancia no Fitness lotando as academias (Professor, Coordenador, Propriet\u00e1rio de Academias e Consultor); Produtor digital de cursos online com foco em aumentar as vendas e o lucro das pequenas e m\u00e9dias academia no Brasil.<\/p>","protected":false},"excerpt":{"rendered":"<p>Para come\u00e7ar essa conversa, a qual vai mexer com a sua cabe\u00e7a e fazer com que todos n\u00f3s entendamos um pouco do que aconteceu e  o que vai acontecer com as vendas nas academias, usando o marketing digital em tempos de crise, pandemia e um tempo de muitas oportunidades.<\/p>","protected":false},"author":40,"featured_media":1028,"comment_status":"closed","ping_status":"closed","sticky":false,"template":"","format":"standard","meta":{"_acf_changed":false,"footnotes":""},"categories":[66,1],"tags":[35,36,38,33,37,34],"post_folder":[],"class_list":["post-529","post","type-post","status-publish","format-standard","has-post-thumbnail","hentry","category-academias","category-gestao-e-negocios","tag-covid","tag-digital","tag-gestao","tag-marketing","tag-pandemia","tag-vendas"],"acf":[],"yoast_head":"<!-- This site is optimized with the Yoast SEO plugin v27.4 - https:\/\/yoast.com\/product\/yoast-seo-wordpress\/ -->\n<title>Vendas com marketing digital em tempos de pandemia - Fitness Brasil<\/title>\n<meta name=\"robots\" content=\"index, follow, max-snippet:-1, max-image-preview:large, max-video-preview:-1\" \/>\n<link rel=\"canonical\" href=\"https:\/\/www.fitnessbrasil.com.br\/es\/newsfitbr\/vendas-com-marketing-digital-em-tempos-de-pandemia\/\" \/>\n<meta property=\"og:locale\" content=\"es_ES\" \/>\n<meta property=\"og:type\" content=\"article\" \/>\n<meta property=\"og:title\" content=\"Vendas com marketing digital em tempos de pandemia - Fitness Brasil\" \/>\n<meta property=\"og:description\" content=\"Para come\u00e7ar essa conversa, a qual vai mexer com a sua cabe\u00e7a e fazer com que todos n\u00f3s entendamos um pouco do que aconteceu e o que vai acontecer\" \/>\n<meta property=\"og:url\" content=\"https:\/\/www.fitnessbrasil.com.br\/es\/newsfitbr\/vendas-com-marketing-digital-em-tempos-de-pandemia\/\" \/>\n<meta property=\"og:site_name\" content=\"Fitness Brasil\" \/>\n<meta property=\"article:published_time\" content=\"2021-08-03T09:00:00+00:00\" \/>\n<meta property=\"article:modified_time\" content=\"2022-03-24T16:38:18+00:00\" \/>\n<meta property=\"og:image\" content=\"https:\/\/www.fitnessbrasil.com.br\/wp-content\/uploads\/2021\/08\/cherrydeck-A44EW3n2PgM-unsplash-scaled.jpg\" \/>\n\t<meta property=\"og:image:width\" content=\"2560\" \/>\n\t<meta property=\"og:image:height\" content=\"1594\" \/>\n\t<meta property=\"og:image:type\" content=\"image\/jpeg\" \/>\n<meta name=\"author\" content=\"Yara Achoa\" \/>\n<meta name=\"twitter:card\" content=\"summary_large_image\" \/>\n<meta name=\"twitter:label1\" content=\"Escrito por\" \/>\n\t<meta name=\"twitter:data1\" content=\"Yara Achoa\" \/>\n\t<meta name=\"twitter:label2\" content=\"Tiempo de lectura\" \/>\n\t<meta name=\"twitter:data2\" content=\"3 minutos\" \/>\n<script type=\"application\/ld+json\" class=\"yoast-schema-graph\">{\"@context\":\"https:\\\/\\\/schema.org\",\"@graph\":[{\"@type\":\"Article\",\"@id\":\"https:\\\/\\\/www.fitnessbrasil.com.br\\\/newsfitbr\\\/vendas-com-marketing-digital-em-tempos-de-pandemia\\\/#article\",\"isPartOf\":{\"@id\":\"https:\\\/\\\/www.fitnessbrasil.com.br\\\/newsfitbr\\\/vendas-com-marketing-digital-em-tempos-de-pandemia\\\/\"},\"author\":{\"name\":\"Yara Achoa\",\"@id\":\"https:\\\/\\\/www.fitnessbrasil.com.br\\\/#\\\/schema\\\/person\\\/44332d981b99ed3bec8d1f53079a3ad4\"},\"headline\":\"Vendas com marketing digital em tempos de pandemia\",\"datePublished\":\"2021-08-03T09:00:00+00:00\",\"dateModified\":\"2022-03-24T16:38:18+00:00\",\"mainEntityOfPage\":{\"@id\":\"https:\\\/\\\/www.fitnessbrasil.com.br\\\/newsfitbr\\\/vendas-com-marketing-digital-em-tempos-de-pandemia\\\/\"},\"wordCount\":623,\"publisher\":{\"@id\":\"https:\\\/\\\/www.fitnessbrasil.com.br\\\/#organization\"},\"image\":{\"@id\":\"https:\\\/\\\/www.fitnessbrasil.com.br\\\/newsfitbr\\\/vendas-com-marketing-digital-em-tempos-de-pandemia\\\/#primaryimage\"},\"thumbnailUrl\":\"https:\\\/\\\/www.fitnessbrasil.com.br\\\/wp-content\\\/uploads\\\/2021\\\/08\\\/cherrydeck-A44EW3n2PgM-unsplash-scaled.jpg\",\"keywords\":[\"covid\",\"digital\",\"gest\u00e3o\",\"marketing\",\"pandemia\",\"vendas\"],\"articleSection\":[\"Academias\",\"Gest\u00e3o e neg\u00f3cios\"],\"inLanguage\":\"es\"},{\"@type\":\"WebPage\",\"@id\":\"https:\\\/\\\/www.fitnessbrasil.com.br\\\/newsfitbr\\\/vendas-com-marketing-digital-em-tempos-de-pandemia\\\/\",\"url\":\"https:\\\/\\\/www.fitnessbrasil.com.br\\\/newsfitbr\\\/vendas-com-marketing-digital-em-tempos-de-pandemia\\\/\",\"name\":\"Vendas com marketing digital em tempos de pandemia - Fitness Brasil\",\"isPartOf\":{\"@id\":\"https:\\\/\\\/www.fitnessbrasil.com.br\\\/#website\"},\"primaryImageOfPage\":{\"@id\":\"https:\\\/\\\/www.fitnessbrasil.com.br\\\/newsfitbr\\\/vendas-com-marketing-digital-em-tempos-de-pandemia\\\/#primaryimage\"},\"image\":{\"@id\":\"https:\\\/\\\/www.fitnessbrasil.com.br\\\/newsfitbr\\\/vendas-com-marketing-digital-em-tempos-de-pandemia\\\/#primaryimage\"},\"thumbnailUrl\":\"https:\\\/\\\/www.fitnessbrasil.com.br\\\/wp-content\\\/uploads\\\/2021\\\/08\\\/cherrydeck-A44EW3n2PgM-unsplash-scaled.jpg\",\"datePublished\":\"2021-08-03T09:00:00+00:00\",\"dateModified\":\"2022-03-24T16:38:18+00:00\",\"breadcrumb\":{\"@id\":\"https:\\\/\\\/www.fitnessbrasil.com.br\\\/newsfitbr\\\/vendas-com-marketing-digital-em-tempos-de-pandemia\\\/#breadcrumb\"},\"inLanguage\":\"es\",\"potentialAction\":[{\"@type\":\"ReadAction\",\"target\":[\"https:\\\/\\\/www.fitnessbrasil.com.br\\\/newsfitbr\\\/vendas-com-marketing-digital-em-tempos-de-pandemia\\\/\"]}]},{\"@type\":\"ImageObject\",\"inLanguage\":\"es\",\"@id\":\"https:\\\/\\\/www.fitnessbrasil.com.br\\\/newsfitbr\\\/vendas-com-marketing-digital-em-tempos-de-pandemia\\\/#primaryimage\",\"url\":\"https:\\\/\\\/www.fitnessbrasil.com.br\\\/wp-content\\\/uploads\\\/2021\\\/08\\\/cherrydeck-A44EW3n2PgM-unsplash-scaled.jpg\",\"contentUrl\":\"https:\\\/\\\/www.fitnessbrasil.com.br\\\/wp-content\\\/uploads\\\/2021\\\/08\\\/cherrydeck-A44EW3n2PgM-unsplash-scaled.jpg\",\"width\":2560,\"height\":1594},{\"@type\":\"BreadcrumbList\",\"@id\":\"https:\\\/\\\/www.fitnessbrasil.com.br\\\/newsfitbr\\\/vendas-com-marketing-digital-em-tempos-de-pandemia\\\/#breadcrumb\",\"itemListElement\":[{\"@type\":\"ListItem\",\"position\":1,\"name\":\"In\u00edcio\",\"item\":\"https:\\\/\\\/www.fitnessbrasil.com.br\\\/\"},{\"@type\":\"ListItem\",\"position\":2,\"name\":\"Vendas com marketing digital em tempos de pandemia\"}]},{\"@type\":\"WebSite\",\"@id\":\"https:\\\/\\\/www.fitnessbrasil.com.br\\\/#website\",\"url\":\"https:\\\/\\\/www.fitnessbrasil.com.br\\\/\",\"name\":\"Fitness Brasil\",\"description\":\"\",\"publisher\":{\"@id\":\"https:\\\/\\\/www.fitnessbrasil.com.br\\\/#organization\"},\"potentialAction\":[{\"@type\":\"SearchAction\",\"target\":{\"@type\":\"EntryPoint\",\"urlTemplate\":\"https:\\\/\\\/www.fitnessbrasil.com.br\\\/?s={search_term_string}\"},\"query-input\":{\"@type\":\"PropertyValueSpecification\",\"valueRequired\":true,\"valueName\":\"search_term_string\"}}],\"inLanguage\":\"es\"},{\"@type\":\"Organization\",\"@id\":\"https:\\\/\\\/www.fitnessbrasil.com.br\\\/#organization\",\"name\":\"Fitness Brasil\",\"url\":\"https:\\\/\\\/www.fitnessbrasil.com.br\\\/\",\"logo\":{\"@type\":\"ImageObject\",\"inLanguage\":\"es\",\"@id\":\"https:\\\/\\\/www.fitnessbrasil.com.br\\\/#\\\/schema\\\/logo\\\/image\\\/\",\"url\":\"https:\\\/\\\/www.fitnessbrasil.com.br\\\/wp-content\\\/uploads\\\/2022\\\/01\\\/Logo-Fitness-Brasil_preto-e-cor.png\",\"contentUrl\":\"https:\\\/\\\/www.fitnessbrasil.com.br\\\/wp-content\\\/uploads\\\/2022\\\/01\\\/Logo-Fitness-Brasil_preto-e-cor.png\",\"width\":593,\"height\":316,\"caption\":\"Fitness Brasil\"},\"image\":{\"@id\":\"https:\\\/\\\/www.fitnessbrasil.com.br\\\/#\\\/schema\\\/logo\\\/image\\\/\"}},{\"@type\":\"Person\",\"@id\":\"https:\\\/\\\/www.fitnessbrasil.com.br\\\/#\\\/schema\\\/person\\\/44332d981b99ed3bec8d1f53079a3ad4\",\"name\":\"Yara Achoa\",\"image\":{\"@type\":\"ImageObject\",\"inLanguage\":\"es\",\"@id\":\"https:\\\/\\\/secure.gravatar.com\\\/avatar\\\/703d1497efa1686cdeb68ba91129ecb39a6e38dabd429d4b66e0f888e491d424?s=96&r=g&d=https:\\\/\\\/www.fitnessbrasil.com.br\\\/wp-content\\\/plugins\\\/userswp\\\/assets\\\/images\\\/no_profile.png\",\"url\":\"https:\\\/\\\/secure.gravatar.com\\\/avatar\\\/703d1497efa1686cdeb68ba91129ecb39a6e38dabd429d4b66e0f888e491d424?s=96&r=g&d=https:\\\/\\\/www.fitnessbrasil.com.br\\\/wp-content\\\/plugins\\\/userswp\\\/assets\\\/images\\\/no_profile.png\",\"contentUrl\":\"https:\\\/\\\/secure.gravatar.com\\\/avatar\\\/703d1497efa1686cdeb68ba91129ecb39a6e38dabd429d4b66e0f888e491d424?s=96&r=g&d=https:\\\/\\\/www.fitnessbrasil.com.br\\\/wp-content\\\/plugins\\\/userswp\\\/assets\\\/images\\\/no_profile.png\",\"caption\":\"Yara Achoa\"},\"sameAs\":[\"http:\\\/\\\/yara@fitnessbrasil.com.br\"],\"url\":\"https:\\\/\\\/www.fitnessbrasil.com.br\\\/es\\\/profile\\\/yara\\\/\"}]}<\/script>\n<!-- \/ Yoast SEO plugin. -->","yoast_head_json":{"title":"Vendas com marketing digital em tempos de pandemia - Fitness Brasil","robots":{"index":"index","follow":"follow","max-snippet":"max-snippet:-1","max-image-preview":"max-image-preview:large","max-video-preview":"max-video-preview:-1"},"canonical":"https:\/\/www.fitnessbrasil.com.br\/es\/newsfitbr\/vendas-com-marketing-digital-em-tempos-de-pandemia\/","og_locale":"es_ES","og_type":"article","og_title":"Vendas com marketing digital em tempos de pandemia - Fitness Brasil","og_description":"Para come\u00e7ar essa conversa, a qual vai mexer com a sua cabe\u00e7a e fazer com que todos n\u00f3s entendamos um pouco do que aconteceu e o que vai acontecer","og_url":"https:\/\/www.fitnessbrasil.com.br\/es\/newsfitbr\/vendas-com-marketing-digital-em-tempos-de-pandemia\/","og_site_name":"Fitness Brasil","article_published_time":"2021-08-03T09:00:00+00:00","article_modified_time":"2022-03-24T16:38:18+00:00","og_image":[{"width":2560,"height":1594,"url":"https:\/\/www.fitnessbrasil.com.br\/wp-content\/uploads\/2021\/08\/cherrydeck-A44EW3n2PgM-unsplash-scaled.jpg","type":"image\/jpeg"}],"author":"Yara Achoa","twitter_card":"summary_large_image","twitter_misc":{"Escrito por":"Yara Achoa","Tiempo de lectura":"3 minutos"},"schema":{"@context":"https:\/\/schema.org","@graph":[{"@type":"Article","@id":"https:\/\/www.fitnessbrasil.com.br\/newsfitbr\/vendas-com-marketing-digital-em-tempos-de-pandemia\/#article","isPartOf":{"@id":"https:\/\/www.fitnessbrasil.com.br\/newsfitbr\/vendas-com-marketing-digital-em-tempos-de-pandemia\/"},"author":{"name":"Yara Achoa","@id":"https:\/\/www.fitnessbrasil.com.br\/#\/schema\/person\/44332d981b99ed3bec8d1f53079a3ad4"},"headline":"Vendas com marketing digital em tempos de pandemia","datePublished":"2021-08-03T09:00:00+00:00","dateModified":"2022-03-24T16:38:18+00:00","mainEntityOfPage":{"@id":"https:\/\/www.fitnessbrasil.com.br\/newsfitbr\/vendas-com-marketing-digital-em-tempos-de-pandemia\/"},"wordCount":623,"publisher":{"@id":"https:\/\/www.fitnessbrasil.com.br\/#organization"},"image":{"@id":"https:\/\/www.fitnessbrasil.com.br\/newsfitbr\/vendas-com-marketing-digital-em-tempos-de-pandemia\/#primaryimage"},"thumbnailUrl":"https:\/\/www.fitnessbrasil.com.br\/wp-content\/uploads\/2021\/08\/cherrydeck-A44EW3n2PgM-unsplash-scaled.jpg","keywords":["covid","digital","gest\u00e3o","marketing","pandemia","vendas"],"articleSection":["Academias","Gest\u00e3o e neg\u00f3cios"],"inLanguage":"es"},{"@type":"WebPage","@id":"https:\/\/www.fitnessbrasil.com.br\/newsfitbr\/vendas-com-marketing-digital-em-tempos-de-pandemia\/","url":"https:\/\/www.fitnessbrasil.com.br\/newsfitbr\/vendas-com-marketing-digital-em-tempos-de-pandemia\/","name":"Vendas com marketing digital em tempos de pandemia - Fitness Brasil","isPartOf":{"@id":"https:\/\/www.fitnessbrasil.com.br\/#website"},"primaryImageOfPage":{"@id":"https:\/\/www.fitnessbrasil.com.br\/newsfitbr\/vendas-com-marketing-digital-em-tempos-de-pandemia\/#primaryimage"},"image":{"@id":"https:\/\/www.fitnessbrasil.com.br\/newsfitbr\/vendas-com-marketing-digital-em-tempos-de-pandemia\/#primaryimage"},"thumbnailUrl":"https:\/\/www.fitnessbrasil.com.br\/wp-content\/uploads\/2021\/08\/cherrydeck-A44EW3n2PgM-unsplash-scaled.jpg","datePublished":"2021-08-03T09:00:00+00:00","dateModified":"2022-03-24T16:38:18+00:00","breadcrumb":{"@id":"https:\/\/www.fitnessbrasil.com.br\/newsfitbr\/vendas-com-marketing-digital-em-tempos-de-pandemia\/#breadcrumb"},"inLanguage":"es","potentialAction":[{"@type":"ReadAction","target":["https:\/\/www.fitnessbrasil.com.br\/newsfitbr\/vendas-com-marketing-digital-em-tempos-de-pandemia\/"]}]},{"@type":"ImageObject","inLanguage":"es","@id":"https:\/\/www.fitnessbrasil.com.br\/newsfitbr\/vendas-com-marketing-digital-em-tempos-de-pandemia\/#primaryimage","url":"https:\/\/www.fitnessbrasil.com.br\/wp-content\/uploads\/2021\/08\/cherrydeck-A44EW3n2PgM-unsplash-scaled.jpg","contentUrl":"https:\/\/www.fitnessbrasil.com.br\/wp-content\/uploads\/2021\/08\/cherrydeck-A44EW3n2PgM-unsplash-scaled.jpg","width":2560,"height":1594},{"@type":"BreadcrumbList","@id":"https:\/\/www.fitnessbrasil.com.br\/newsfitbr\/vendas-com-marketing-digital-em-tempos-de-pandemia\/#breadcrumb","itemListElement":[{"@type":"ListItem","position":1,"name":"In\u00edcio","item":"https:\/\/www.fitnessbrasil.com.br\/"},{"@type":"ListItem","position":2,"name":"Vendas com marketing digital em tempos de pandemia"}]},{"@type":"WebSite","@id":"https:\/\/www.fitnessbrasil.com.br\/#website","url":"https:\/\/www.fitnessbrasil.com.br\/","name":"Fitness Brasil","description":"","publisher":{"@id":"https:\/\/www.fitnessbrasil.com.br\/#organization"},"potentialAction":[{"@type":"SearchAction","target":{"@type":"EntryPoint","urlTemplate":"https:\/\/www.fitnessbrasil.com.br\/?s={search_term_string}"},"query-input":{"@type":"PropertyValueSpecification","valueRequired":true,"valueName":"search_term_string"}}],"inLanguage":"es"},{"@type":"Organization","@id":"https:\/\/www.fitnessbrasil.com.br\/#organization","name":"Fitness Brasil","url":"https:\/\/www.fitnessbrasil.com.br\/","logo":{"@type":"ImageObject","inLanguage":"es","@id":"https:\/\/www.fitnessbrasil.com.br\/#\/schema\/logo\/image\/","url":"https:\/\/www.fitnessbrasil.com.br\/wp-content\/uploads\/2022\/01\/Logo-Fitness-Brasil_preto-e-cor.png","contentUrl":"https:\/\/www.fitnessbrasil.com.br\/wp-content\/uploads\/2022\/01\/Logo-Fitness-Brasil_preto-e-cor.png","width":593,"height":316,"caption":"Fitness Brasil"},"image":{"@id":"https:\/\/www.fitnessbrasil.com.br\/#\/schema\/logo\/image\/"}},{"@type":"Person","@id":"https:\/\/www.fitnessbrasil.com.br\/#\/schema\/person\/44332d981b99ed3bec8d1f53079a3ad4","name":"Yara Achoa","image":{"@type":"ImageObject","inLanguage":"es","@id":"https:\/\/secure.gravatar.com\/avatar\/703d1497efa1686cdeb68ba91129ecb39a6e38dabd429d4b66e0f888e491d424?s=96&r=g&d=https:\/\/www.fitnessbrasil.com.br\/wp-content\/plugins\/userswp\/assets\/images\/no_profile.png","url":"https:\/\/secure.gravatar.com\/avatar\/703d1497efa1686cdeb68ba91129ecb39a6e38dabd429d4b66e0f888e491d424?s=96&r=g&d=https:\/\/www.fitnessbrasil.com.br\/wp-content\/plugins\/userswp\/assets\/images\/no_profile.png","contentUrl":"https:\/\/secure.gravatar.com\/avatar\/703d1497efa1686cdeb68ba91129ecb39a6e38dabd429d4b66e0f888e491d424?s=96&r=g&d=https:\/\/www.fitnessbrasil.com.br\/wp-content\/plugins\/userswp\/assets\/images\/no_profile.png","caption":"Yara Achoa"},"sameAs":["http:\/\/yara@fitnessbrasil.com.br"],"url":"https:\/\/www.fitnessbrasil.com.br\/es\/profile\/yara\/"}]}},"_links":{"self":[{"href":"https:\/\/www.fitnessbrasil.com.br\/es\/wp-json\/wp\/v2\/posts\/529","targetHints":{"allow":["GET"]}}],"collection":[{"href":"https:\/\/www.fitnessbrasil.com.br\/es\/wp-json\/wp\/v2\/posts"}],"about":[{"href":"https:\/\/www.fitnessbrasil.com.br\/es\/wp-json\/wp\/v2\/types\/post"}],"author":[{"embeddable":true,"href":"https:\/\/www.fitnessbrasil.com.br\/es\/wp-json\/wp\/v2\/users\/40"}],"replies":[{"embeddable":true,"href":"https:\/\/www.fitnessbrasil.com.br\/es\/wp-json\/wp\/v2\/comments?post=529"}],"version-history":[{"count":6,"href":"https:\/\/www.fitnessbrasil.com.br\/es\/wp-json\/wp\/v2\/posts\/529\/revisions"}],"predecessor-version":[{"id":1033,"href":"https:\/\/www.fitnessbrasil.com.br\/es\/wp-json\/wp\/v2\/posts\/529\/revisions\/1033"}],"wp:featuredmedia":[{"embeddable":true,"href":"https:\/\/www.fitnessbrasil.com.br\/es\/wp-json\/wp\/v2\/media\/1028"}],"wp:attachment":[{"href":"https:\/\/www.fitnessbrasil.com.br\/es\/wp-json\/wp\/v2\/media?parent=529"}],"wp:term":[{"taxonomy":"category","embeddable":true,"href":"https:\/\/www.fitnessbrasil.com.br\/es\/wp-json\/wp\/v2\/categories?post=529"},{"taxonomy":"post_tag","embeddable":true,"href":"https:\/\/www.fitnessbrasil.com.br\/es\/wp-json\/wp\/v2\/tags?post=529"},{"taxonomy":"post_folder","embeddable":true,"href":"https:\/\/www.fitnessbrasil.com.br\/es\/wp-json\/wp\/v2\/post_folder?post=529"}],"curies":[{"name":"wp","href":"https:\/\/api.w.org\/{rel}","templated":true}]}}