{"id":6181,"date":"2022-04-07T11:37:05","date_gmt":"2022-04-07T14:37:05","guid":{"rendered":"https:\/\/www.fitnessbrasil.com.br\/?p=6181"},"modified":"2022-04-07T12:58:41","modified_gmt":"2022-04-07T15:58:41","slug":"casa-do-corre-segue-com-programacao-ate-domingo-dia-da-maratona-de-sao-paulo","status":"publish","type":"post","link":"https:\/\/www.fitnessbrasil.com.br\/es\/newsfitbr\/casa-do-corre-segue-com-programacao-ate-domingo-dia-da-maratona-de-sao-paulo\/","title":{"rendered":"Casa do Corre segue com programa\u00e7\u00e3o at\u00e9 domingo, dia da Maratona de S\u00e3o Paulo"},"content":{"rendered":"<p><em>A\u00e7\u00e3o idealizada pela Olympikus consolida a autoridade da marca no mercado de corrida no pa\u00eds e promove lan\u00e7amento do t\u00eanis Corre2<\/em><\/p>\n\n\n\n<!--more-->\n\n\n\n<p>Yara Ach\u00f4a, Fitness Brasil<br>7\/4\/2022<\/p>\n\n\n\n<p>Inaugurada no \u00faltimo final de semana, no Parque Villa-Lobos, em S\u00e3o Paulo, <strong>a Casa do Corre Olympikus segue com programa\u00e7\u00e3o de treinos e talks sobre corrida e sa\u00fade at\u00e9 domingo, 10 de abril, dia da Maratona de S\u00e3o Paulo. A a\u00e7\u00e3o marca tamb\u00e9m o lan\u00e7amento do Corre2, terceiro modelo do ciclo de lan\u00e7amentos da Fam\u00edlia Corre<\/strong>, refer\u00eancia em performance, e t\u00eanis oficial da prova paulistana.<\/p>\n\n\n\n<p>Buscando alcan\u00e7ar todos os perfis de corredores, o sucessor do Corre1 foca em atletas que buscam m\u00e1ximo amortecimento. <strong>Para o desenvolvimento da evolu\u00e7\u00e3o do modelo, o projeto contou novamente com um time de especialistas do esporte<\/strong>. E dessa vez tamb\u00e9m com o apoio do <strong>Laborat\u00f3rio de Biomec\u00e2nica da USP, uma das principais Universidades do pa\u00eds, por meio de estudo organizado pelo professor J\u00falio Serr\u00e3o, refer\u00eancia em biomec\u00e2nica<\/strong>.<\/p>\n\n\n\n<figure class=\"wp-block-image size-large\"><img decoding=\"async\" width=\"1202\" height=\"800\" data-src=\"https:\/\/www.fitnessbrasil.com.br\/wp-content\/uploads\/2022\/04\/Olympikus-Casa-do-Corre_Corre2_Fractal_divulgacao-10-1202x800.jpg\" alt=\"\" class=\"wp-image-6189 lazyload\" data-srcset=\"https:\/\/www.fitnessbrasil.com.br\/wp-content\/uploads\/2022\/04\/Olympikus-Casa-do-Corre_Corre2_Fractal_divulgacao-10-1202x800.jpg 1202w, https:\/\/www.fitnessbrasil.com.br\/wp-content\/uploads\/2022\/04\/Olympikus-Casa-do-Corre_Corre2_Fractal_divulgacao-10-601x400.jpg 601w, https:\/\/www.fitnessbrasil.com.br\/wp-content\/uploads\/2022\/04\/Olympikus-Casa-do-Corre_Corre2_Fractal_divulgacao-10-768x511.jpg 768w, https:\/\/www.fitnessbrasil.com.br\/wp-content\/uploads\/2022\/04\/Olympikus-Casa-do-Corre_Corre2_Fractal_divulgacao-10-1536x1022.jpg 1536w, https:\/\/www.fitnessbrasil.com.br\/wp-content\/uploads\/2022\/04\/Olympikus-Casa-do-Corre_Corre2_Fractal_divulgacao-10-2048x1363.jpg 2048w, https:\/\/www.fitnessbrasil.com.br\/wp-content\/uploads\/2022\/04\/Olympikus-Casa-do-Corre_Corre2_Fractal_divulgacao-10-18x12.jpg 18w, https:\/\/www.fitnessbrasil.com.br\/wp-content\/uploads\/2022\/04\/Olympikus-Casa-do-Corre_Corre2_Fractal_divulgacao-10-510x339.jpg 510w\" data-sizes=\"(max-width: 1202px) 100vw, 1202px\" src=\"data:image\/svg+xml;base64,PHN2ZyB3aWR0aD0iMSIgaGVpZ2h0PSIxIiB4bWxucz0iaHR0cDovL3d3dy53My5vcmcvMjAwMC9zdmciPjwvc3ZnPg==\" style=\"--smush-placeholder-width: 1202px; --smush-placeholder-aspect-ratio: 1202\/800;\" \/><\/figure>\n\n\n\n<p class=\"has-medium-font-size\"><strong>Por dentro do Corre2<\/strong><\/p>\n\n\n\n<p>Com 42 gramas a menos que a edi\u00e7\u00e3o anterior, <strong>o modelo proporciona mais amortecimento e conforto<\/strong> para o alcance de m\u00e1ximo desempenho na pr\u00e1tica do esporte, seja em corridas di\u00e1rias, treinos longos ou maratonas. A entressola do Corre2 conta com a nova tecnologia Eleva, j\u00e1 presente nos lan\u00e7amentos anteriores da fam\u00edlia, que explora o limite de expans\u00e3o do EVA para alcan\u00e7ar m\u00e1xima resposta, promovendo maior durabilidade.<\/p>\n\n\n\n<p>Tecnologias como a Gripper e Gripper plus (borrachas antiderrapantes) tamb\u00e9m est\u00e3o presentes no modelo e trazem como principal atributo o aumento da maciez, proporcionando <strong>resist\u00eancia \u00e0 abras\u00e3o e estabilidade diante da aterrissagem da passada<\/strong>. J\u00e1 a Oxitec traz uma tecnologia de monofilamento com elastano que proporciona <strong>leveza e maior conforto t\u00e9rmico<\/strong>. Na palmilha encontramos a Ortholite, que ajuda a circular o ar entre as passadas fornecendo <strong>maior respirabilidade para os p\u00e9s durante a corrida<\/strong>.&nbsp;<\/p>\n\n\n\n<div class=\"wp-block-image\"><figure class=\"aligncenter size-large\"><img decoding=\"async\" width=\"1200\" height=\"800\" data-src=\"https:\/\/www.fitnessbrasil.com.br\/wp-content\/uploads\/2022\/04\/Olympikus-Casa-do-Corre_divulgacao--1200x800.jpg\" alt=\"\" class=\"wp-image-6197 lazyload\" data-srcset=\"https:\/\/www.fitnessbrasil.com.br\/wp-content\/uploads\/2022\/04\/Olympikus-Casa-do-Corre_divulgacao--1200x800.jpg 1200w, https:\/\/www.fitnessbrasil.com.br\/wp-content\/uploads\/2022\/04\/Olympikus-Casa-do-Corre_divulgacao--600x400.jpg 600w, https:\/\/www.fitnessbrasil.com.br\/wp-content\/uploads\/2022\/04\/Olympikus-Casa-do-Corre_divulgacao--768x512.jpg 768w, https:\/\/www.fitnessbrasil.com.br\/wp-content\/uploads\/2022\/04\/Olympikus-Casa-do-Corre_divulgacao--1536x1024.jpg 1536w, https:\/\/www.fitnessbrasil.com.br\/wp-content\/uploads\/2022\/04\/Olympikus-Casa-do-Corre_divulgacao--2048x1365.jpg 2048w, https:\/\/www.fitnessbrasil.com.br\/wp-content\/uploads\/2022\/04\/Olympikus-Casa-do-Corre_divulgacao--18x12.jpg 18w, https:\/\/www.fitnessbrasil.com.br\/wp-content\/uploads\/2022\/04\/Olympikus-Casa-do-Corre_divulgacao--510x340.jpg 510w\" data-sizes=\"(max-width: 1200px) 100vw, 1200px\" src=\"data:image\/svg+xml;base64,PHN2ZyB3aWR0aD0iMSIgaGVpZ2h0PSIxIiB4bWxucz0iaHR0cDovL3d3dy53My5vcmcvMjAwMC9zdmciPjwvc3ZnPg==\" style=\"--smush-placeholder-width: 1200px; --smush-placeholder-aspect-ratio: 1200\/800;\" \/><\/figure><\/div>\n\n\n\n<p>Um detalhe que refor\u00e7a ainda mais as ra\u00edzes brasileiras de sua cria\u00e7\u00e3o, \u00e9 que <strong>o novo design do solado foi inspirado no leito do Rio S\u00e3o Francisco,<\/strong> ideia de um de seus cocriadores, o atleta Wellington Cip\u00f3.&nbsp;&nbsp;&nbsp;<\/p>\n\n\n\n<figure class=\"wp-block-gallery has-nested-images columns-default is-cropped wp-block-gallery-1 is-layout-flex wp-block-gallery-is-layout-flex\">\n<figure class=\"wp-block-image size-large\"><img decoding=\"async\" width=\"2560\" height=\"1704\" data-id=\"6184\" data-src=\"https:\/\/www.fitnessbrasil.com.br\/wp-content\/uploads\/2022\/04\/Olympikus-Casa-do-Corre_Corre2_Fractal_divulgacao-4-scaled.jpg\" alt=\"\" class=\"wp-image-6184 lazyload\" data-srcset=\"https:\/\/www.fitnessbrasil.com.br\/wp-content\/uploads\/2022\/04\/Olympikus-Casa-do-Corre_Corre2_Fractal_divulgacao-4-scaled.jpg 2560w, https:\/\/www.fitnessbrasil.com.br\/wp-content\/uploads\/2022\/04\/Olympikus-Casa-do-Corre_Corre2_Fractal_divulgacao-4-601x400.jpg 601w, https:\/\/www.fitnessbrasil.com.br\/wp-content\/uploads\/2022\/04\/Olympikus-Casa-do-Corre_Corre2_Fractal_divulgacao-4-1202x800.jpg 1202w, https:\/\/www.fitnessbrasil.com.br\/wp-content\/uploads\/2022\/04\/Olympikus-Casa-do-Corre_Corre2_Fractal_divulgacao-4-768x511.jpg 768w, https:\/\/www.fitnessbrasil.com.br\/wp-content\/uploads\/2022\/04\/Olympikus-Casa-do-Corre_Corre2_Fractal_divulgacao-4-1536x1022.jpg 1536w, https:\/\/www.fitnessbrasil.com.br\/wp-content\/uploads\/2022\/04\/Olympikus-Casa-do-Corre_Corre2_Fractal_divulgacao-4-2048x1363.jpg 2048w, https:\/\/www.fitnessbrasil.com.br\/wp-content\/uploads\/2022\/04\/Olympikus-Casa-do-Corre_Corre2_Fractal_divulgacao-4-18x12.jpg 18w, https:\/\/www.fitnessbrasil.com.br\/wp-content\/uploads\/2022\/04\/Olympikus-Casa-do-Corre_Corre2_Fractal_divulgacao-4-510x339.jpg 510w\" data-sizes=\"(max-width: 2560px) 100vw, 2560px\" src=\"data:image\/svg+xml;base64,PHN2ZyB3aWR0aD0iMSIgaGVpZ2h0PSIxIiB4bWxucz0iaHR0cDovL3d3dy53My5vcmcvMjAwMC9zdmciPjwvc3ZnPg==\" style=\"--smush-placeholder-width: 2560px; --smush-placeholder-aspect-ratio: 2560\/1704;\" \/><\/figure>\n\n\n\n<figure class=\"wp-block-image size-large\"><img decoding=\"async\" width=\"2560\" height=\"1704\" data-id=\"6185\" data-src=\"https:\/\/www.fitnessbrasil.com.br\/wp-content\/uploads\/2022\/04\/Olympikus-Casa-do-Corre_Corre2_Fractal_divulgacao-6-scaled.jpg\" alt=\"\" class=\"wp-image-6185 lazyload\" data-srcset=\"https:\/\/www.fitnessbrasil.com.br\/wp-content\/uploads\/2022\/04\/Olympikus-Casa-do-Corre_Corre2_Fractal_divulgacao-6-scaled.jpg 2560w, https:\/\/www.fitnessbrasil.com.br\/wp-content\/uploads\/2022\/04\/Olympikus-Casa-do-Corre_Corre2_Fractal_divulgacao-6-601x400.jpg 601w, https:\/\/www.fitnessbrasil.com.br\/wp-content\/uploads\/2022\/04\/Olympikus-Casa-do-Corre_Corre2_Fractal_divulgacao-6-1202x800.jpg 1202w, https:\/\/www.fitnessbrasil.com.br\/wp-content\/uploads\/2022\/04\/Olympikus-Casa-do-Corre_Corre2_Fractal_divulgacao-6-768x511.jpg 768w, https:\/\/www.fitnessbrasil.com.br\/wp-content\/uploads\/2022\/04\/Olympikus-Casa-do-Corre_Corre2_Fractal_divulgacao-6-1536x1022.jpg 1536w, https:\/\/www.fitnessbrasil.com.br\/wp-content\/uploads\/2022\/04\/Olympikus-Casa-do-Corre_Corre2_Fractal_divulgacao-6-2048x1363.jpg 2048w, https:\/\/www.fitnessbrasil.com.br\/wp-content\/uploads\/2022\/04\/Olympikus-Casa-do-Corre_Corre2_Fractal_divulgacao-6-18x12.jpg 18w, https:\/\/www.fitnessbrasil.com.br\/wp-content\/uploads\/2022\/04\/Olympikus-Casa-do-Corre_Corre2_Fractal_divulgacao-6-510x339.jpg 510w\" data-sizes=\"(max-width: 2560px) 100vw, 2560px\" src=\"data:image\/svg+xml;base64,PHN2ZyB3aWR0aD0iMSIgaGVpZ2h0PSIxIiB4bWxucz0iaHR0cDovL3d3dy53My5vcmcvMjAwMC9zdmciPjwvc3ZnPg==\" style=\"--smush-placeholder-width: 2560px; --smush-placeholder-aspect-ratio: 2560\/1704;\" \/><\/figure>\n<\/figure>\n\n\n\n<p>O modelo foi apresentado oficialmente na inaugura\u00e7\u00e3o da <strong>Casa do Corre, espa\u00e7o de experi\u00eancia da marca no Parque Villa Lobos<\/strong>, produzido pelas ag\u00eancias Milk e Vapor e com conte\u00fados Buena Onda. Ali, <strong>al\u00e9m de conhecer os tr\u00eas modelos da Fam\u00edlia Corre, o visitante pode participar de treinos gratuitos, palestras, curtir uma recupera\u00e7\u00e3o p\u00f3s treino com Hypervolt, fazer avalia\u00e7\u00f5es biomec\u00e2nicas, entre outras coisas<\/strong>. A Casa do Corre fica aberta at\u00e9 10 de abril, quando ocorre a <strong>26\u00aa edi\u00e7\u00e3o da Maratona Internacional de S\u00e3o Paulo, evento patrocinado pela Olympikus<\/strong>. As inscri\u00e7\u00f5es para acesso aos eventos da casa devem ser realizadas no <a rel=\"noreferrer noopener\" href=\"https:\/\/www.sympla.com.br\/produtor\/casadocorre\" target=\"_blank\">site<\/a>. J\u00e1 a programa\u00e7\u00e3o completa pode ser encontrada em <a href=\"https:\/\/www.olympikus.com.br\/casadocorre\">olympikus.com.br\/casadocorre<\/a>.<\/p>\n\n\n\n<p>Complementando as ativa\u00e7\u00f5es de lan\u00e7amento, <strong>campanhas de m\u00eddia online e offline ser\u00e3o trabalhadas em diversas plataformas e pra\u00e7as<\/strong> nas semanas seguintes.<\/p>\n\n\n\n<figure class=\"wp-block-gallery has-nested-images columns-default is-cropped wp-block-gallery-2 is-layout-flex wp-block-gallery-is-layout-flex\">\n<figure class=\"wp-block-image size-large\"><img decoding=\"async\" width=\"2560\" height=\"1707\" data-id=\"6183\" data-src=\"https:\/\/www.fitnessbrasil.com.br\/wp-content\/uploads\/2022\/04\/Olympikus-Casa-do-Corre_Corre2_Fractal_divulgacao-3-scaled.jpg\" alt=\"\" class=\"wp-image-6183 lazyload\" data-srcset=\"https:\/\/www.fitnessbrasil.com.br\/wp-content\/uploads\/2022\/04\/Olympikus-Casa-do-Corre_Corre2_Fractal_divulgacao-3-scaled.jpg 2560w, https:\/\/www.fitnessbrasil.com.br\/wp-content\/uploads\/2022\/04\/Olympikus-Casa-do-Corre_Corre2_Fractal_divulgacao-3-600x400.jpg 600w, https:\/\/www.fitnessbrasil.com.br\/wp-content\/uploads\/2022\/04\/Olympikus-Casa-do-Corre_Corre2_Fractal_divulgacao-3-1200x800.jpg 1200w, https:\/\/www.fitnessbrasil.com.br\/wp-content\/uploads\/2022\/04\/Olympikus-Casa-do-Corre_Corre2_Fractal_divulgacao-3-768x512.jpg 768w, https:\/\/www.fitnessbrasil.com.br\/wp-content\/uploads\/2022\/04\/Olympikus-Casa-do-Corre_Corre2_Fractal_divulgacao-3-1536x1024.jpg 1536w, https:\/\/www.fitnessbrasil.com.br\/wp-content\/uploads\/2022\/04\/Olympikus-Casa-do-Corre_Corre2_Fractal_divulgacao-3-2048x1366.jpg 2048w, https:\/\/www.fitnessbrasil.com.br\/wp-content\/uploads\/2022\/04\/Olympikus-Casa-do-Corre_Corre2_Fractal_divulgacao-3-18x12.jpg 18w, https:\/\/www.fitnessbrasil.com.br\/wp-content\/uploads\/2022\/04\/Olympikus-Casa-do-Corre_Corre2_Fractal_divulgacao-3-510x340.jpg 510w\" data-sizes=\"(max-width: 2560px) 100vw, 2560px\" src=\"data:image\/svg+xml;base64,PHN2ZyB3aWR0aD0iMSIgaGVpZ2h0PSIxIiB4bWxucz0iaHR0cDovL3d3dy53My5vcmcvMjAwMC9zdmciPjwvc3ZnPg==\" style=\"--smush-placeholder-width: 2560px; --smush-placeholder-aspect-ratio: 2560\/1707;\" \/><\/figure>\n<\/figure>\n\n\n\n<p>O lan\u00e7amento do <strong>Corre2 refor\u00e7a o<\/strong> <strong>posicionamento da Olympikus como uma marca brasileira que produz, lan\u00e7a e democratiza o acesso ao esporte e \u00e0 tecnologia feita no Brasil<\/strong>. O produto acompanha o maior ciclo de lan\u00e7amentos de corrida da hist\u00f3ria da marca focado no segmento.<\/p>\n\n\n\n<p>Al\u00e9m do Corre2, a marca apresentou dois outros modelos: o Corre Grafeno, primeiro modelo com placa de propuls\u00e3o da marca e primeiro do mundo com placa de Grafeno, e o Corre Vento, modelo focado em corredores que buscam um produto de leveza e velocidade. <strong>Todos os t\u00eanis s\u00e3o produzidos 100% com energia limpa, solidificando as iniciativas de responsabilidade social <\/strong>e amplificando as a\u00e7\u00f5es de sustentabilidade ambiental da marca.<\/p>\n\n\n\n<figure class=\"wp-block-image size-large\"><img decoding=\"async\" width=\"1200\" height=\"800\" data-src=\"https:\/\/www.fitnessbrasil.com.br\/wp-content\/uploads\/2022\/04\/Olympikus-Casa-do-Corre_Corre2_Fractal_divulgacao-14-1200x800.jpg\" alt=\"\" class=\"wp-image-6192 lazyload\" data-srcset=\"https:\/\/www.fitnessbrasil.com.br\/wp-content\/uploads\/2022\/04\/Olympikus-Casa-do-Corre_Corre2_Fractal_divulgacao-14-1200x800.jpg 1200w, https:\/\/www.fitnessbrasil.com.br\/wp-content\/uploads\/2022\/04\/Olympikus-Casa-do-Corre_Corre2_Fractal_divulgacao-14-600x400.jpg 600w, https:\/\/www.fitnessbrasil.com.br\/wp-content\/uploads\/2022\/04\/Olympikus-Casa-do-Corre_Corre2_Fractal_divulgacao-14-768x512.jpg 768w, https:\/\/www.fitnessbrasil.com.br\/wp-content\/uploads\/2022\/04\/Olympikus-Casa-do-Corre_Corre2_Fractal_divulgacao-14-1536x1024.jpg 1536w, https:\/\/www.fitnessbrasil.com.br\/wp-content\/uploads\/2022\/04\/Olympikus-Casa-do-Corre_Corre2_Fractal_divulgacao-14-2048x1366.jpg 2048w, https:\/\/www.fitnessbrasil.com.br\/wp-content\/uploads\/2022\/04\/Olympikus-Casa-do-Corre_Corre2_Fractal_divulgacao-14-18x12.jpg 18w, https:\/\/www.fitnessbrasil.com.br\/wp-content\/uploads\/2022\/04\/Olympikus-Casa-do-Corre_Corre2_Fractal_divulgacao-14-510x340.jpg 510w\" data-sizes=\"(max-width: 1200px) 100vw, 1200px\" src=\"data:image\/svg+xml;base64,PHN2ZyB3aWR0aD0iMSIgaGVpZ2h0PSIxIiB4bWxucz0iaHR0cDovL3d3dy53My5vcmcvMjAwMC9zdmciPjwvc3ZnPg==\" style=\"--smush-placeholder-width: 1200px; --smush-placeholder-aspect-ratio: 1200\/800;\" \/><\/figure>\n\n\n\n<p class=\"has-medium-font-size\"><strong>Ficha t\u00e9cnica do Corre2<\/strong><\/p>\n\n\n\n<p>Indica\u00e7\u00e3o: Corrida<br>Tecnologia: Eleva, Gripper e Gripper Plus, Oxitec, Ortholite<br>Peso: 224g<br>Drop: 8mm<br>Pre\u00e7o: R$ 499,99<\/p>\n\n\n\n<p class=\"has-small-font-size\"><em>Fotos: Fractal \/ Divulgal\u00e7\u00e3o<\/em><\/p>","protected":false},"excerpt":{"rendered":"<p>A\u00e7\u00e3o idealizada pela Olympikus consolida a autoridade da marca no mercado de corrida no pa\u00eds e promove lan\u00e7amento do t\u00eanis Corre2<\/p>","protected":false},"author":40,"featured_media":6191,"comment_status":"closed","ping_status":"closed","sticky":false,"template":"","format":"standard","meta":{"_acf_changed":false,"footnotes":""},"categories":[68,70],"tags":[],"post_folder":[],"class_list":["post-6181","post","type-post","status-publish","format-standard","has-post-thumbnail","hentry","category-esporte","category-noticias"],"acf":[],"yoast_head":"<!-- This site is optimized with the Yoast SEO plugin v27.4 - https:\/\/yoast.com\/product\/yoast-seo-wordpress\/ -->\n<title>Casa do Corre segue com programa\u00e7\u00e3o at\u00e9 domingo, dia da Maratona de S\u00e3o Paulo - Fitness Brasil<\/title>\n<meta name=\"robots\" content=\"index, follow, max-snippet:-1, max-image-preview:large, max-video-preview:-1\" \/>\n<link rel=\"canonical\" href=\"https:\/\/www.fitnessbrasil.com.br\/es\/newsfitbr\/casa-do-corre-segue-com-programacao-ate-domingo-dia-da-maratona-de-sao-paulo\/\" \/>\n<meta property=\"og:locale\" content=\"es_ES\" \/>\n<meta property=\"og:type\" content=\"article\" \/>\n<meta property=\"og:title\" content=\"Casa do Corre segue com programa\u00e7\u00e3o at\u00e9 domingo, dia da Maratona de S\u00e3o Paulo - Fitness Brasil\" \/>\n<meta property=\"og:description\" content=\"A\u00e7\u00e3o idealizada pela Olympikus consolida a autoridade da marca no mercado de corrida no pa\u00eds e promove lan\u00e7amento do t\u00eanis Corre2\" \/>\n<meta property=\"og:url\" content=\"https:\/\/www.fitnessbrasil.com.br\/es\/newsfitbr\/casa-do-corre-segue-com-programacao-ate-domingo-dia-da-maratona-de-sao-paulo\/\" \/>\n<meta property=\"og:site_name\" content=\"Fitness Brasil\" \/>\n<meta property=\"article:published_time\" content=\"2022-04-07T14:37:05+00:00\" \/>\n<meta property=\"article:modified_time\" content=\"2022-04-07T15:58:41+00:00\" \/>\n<meta property=\"og:image\" content=\"https:\/\/www.fitnessbrasil.com.br\/wp-content\/uploads\/2022\/04\/Olympikus-Casa-do-Corre_Corre2_Fractal_divulgacao.jpg\" \/>\n\t<meta property=\"og:image:width\" content=\"1735\" \/>\n\t<meta property=\"og:image:height\" content=\"1157\" \/>\n\t<meta property=\"og:image:type\" content=\"image\/jpeg\" \/>\n<meta name=\"author\" content=\"Yara Achoa\" \/>\n<meta name=\"twitter:card\" content=\"summary_large_image\" \/>\n<meta name=\"twitter:label1\" content=\"Escrito por\" \/>\n\t<meta name=\"twitter:data1\" content=\"Yara Achoa\" \/>\n\t<meta name=\"twitter:label2\" content=\"Tiempo de lectura\" \/>\n\t<meta name=\"twitter:data2\" content=\"3 minutos\" \/>\n<script type=\"application\/ld+json\" class=\"yoast-schema-graph\">{\"@context\":\"https:\\\/\\\/schema.org\",\"@graph\":[{\"@type\":\"Article\",\"@id\":\"https:\\\/\\\/www.fitnessbrasil.com.br\\\/newsfitbr\\\/casa-do-corre-segue-com-programacao-ate-domingo-dia-da-maratona-de-sao-paulo\\\/#article\",\"isPartOf\":{\"@id\":\"https:\\\/\\\/www.fitnessbrasil.com.br\\\/newsfitbr\\\/casa-do-corre-segue-com-programacao-ate-domingo-dia-da-maratona-de-sao-paulo\\\/\"},\"author\":{\"name\":\"Yara Achoa\",\"@id\":\"https:\\\/\\\/www.fitnessbrasil.com.br\\\/#\\\/schema\\\/person\\\/44332d981b99ed3bec8d1f53079a3ad4\"},\"headline\":\"Casa do Corre segue com programa\u00e7\u00e3o at\u00e9 domingo, dia da Maratona de S\u00e3o Paulo\",\"datePublished\":\"2022-04-07T14:37:05+00:00\",\"dateModified\":\"2022-04-07T15:58:41+00:00\",\"mainEntityOfPage\":{\"@id\":\"https:\\\/\\\/www.fitnessbrasil.com.br\\\/newsfitbr\\\/casa-do-corre-segue-com-programacao-ate-domingo-dia-da-maratona-de-sao-paulo\\\/\"},\"wordCount\":696,\"publisher\":{\"@id\":\"https:\\\/\\\/www.fitnessbrasil.com.br\\\/#organization\"},\"image\":{\"@id\":\"https:\\\/\\\/www.fitnessbrasil.com.br\\\/newsfitbr\\\/casa-do-corre-segue-com-programacao-ate-domingo-dia-da-maratona-de-sao-paulo\\\/#primaryimage\"},\"thumbnailUrl\":\"https:\\\/\\\/www.fitnessbrasil.com.br\\\/wp-content\\\/uploads\\\/2022\\\/04\\\/Olympikus-Casa-do-Corre_Corre2_Fractal_divulgacao.jpg\",\"articleSection\":[\"Esporte\",\"Not\u00edcias\"],\"inLanguage\":\"es\"},{\"@type\":\"WebPage\",\"@id\":\"https:\\\/\\\/www.fitnessbrasil.com.br\\\/newsfitbr\\\/casa-do-corre-segue-com-programacao-ate-domingo-dia-da-maratona-de-sao-paulo\\\/\",\"url\":\"https:\\\/\\\/www.fitnessbrasil.com.br\\\/newsfitbr\\\/casa-do-corre-segue-com-programacao-ate-domingo-dia-da-maratona-de-sao-paulo\\\/\",\"name\":\"Casa do Corre segue com programa\u00e7\u00e3o at\u00e9 domingo, dia da Maratona de S\u00e3o Paulo - Fitness Brasil\",\"isPartOf\":{\"@id\":\"https:\\\/\\\/www.fitnessbrasil.com.br\\\/#website\"},\"primaryImageOfPage\":{\"@id\":\"https:\\\/\\\/www.fitnessbrasil.com.br\\\/newsfitbr\\\/casa-do-corre-segue-com-programacao-ate-domingo-dia-da-maratona-de-sao-paulo\\\/#primaryimage\"},\"image\":{\"@id\":\"https:\\\/\\\/www.fitnessbrasil.com.br\\\/newsfitbr\\\/casa-do-corre-segue-com-programacao-ate-domingo-dia-da-maratona-de-sao-paulo\\\/#primaryimage\"},\"thumbnailUrl\":\"https:\\\/\\\/www.fitnessbrasil.com.br\\\/wp-content\\\/uploads\\\/2022\\\/04\\\/Olympikus-Casa-do-Corre_Corre2_Fractal_divulgacao.jpg\",\"datePublished\":\"2022-04-07T14:37:05+00:00\",\"dateModified\":\"2022-04-07T15:58:41+00:00\",\"breadcrumb\":{\"@id\":\"https:\\\/\\\/www.fitnessbrasil.com.br\\\/newsfitbr\\\/casa-do-corre-segue-com-programacao-ate-domingo-dia-da-maratona-de-sao-paulo\\\/#breadcrumb\"},\"inLanguage\":\"es\",\"potentialAction\":[{\"@type\":\"ReadAction\",\"target\":[\"https:\\\/\\\/www.fitnessbrasil.com.br\\\/newsfitbr\\\/casa-do-corre-segue-com-programacao-ate-domingo-dia-da-maratona-de-sao-paulo\\\/\"]}]},{\"@type\":\"ImageObject\",\"inLanguage\":\"es\",\"@id\":\"https:\\\/\\\/www.fitnessbrasil.com.br\\\/newsfitbr\\\/casa-do-corre-segue-com-programacao-ate-domingo-dia-da-maratona-de-sao-paulo\\\/#primaryimage\",\"url\":\"https:\\\/\\\/www.fitnessbrasil.com.br\\\/wp-content\\\/uploads\\\/2022\\\/04\\\/Olympikus-Casa-do-Corre_Corre2_Fractal_divulgacao.jpg\",\"contentUrl\":\"https:\\\/\\\/www.fitnessbrasil.com.br\\\/wp-content\\\/uploads\\\/2022\\\/04\\\/Olympikus-Casa-do-Corre_Corre2_Fractal_divulgacao.jpg\",\"width\":1735,\"height\":1157},{\"@type\":\"BreadcrumbList\",\"@id\":\"https:\\\/\\\/www.fitnessbrasil.com.br\\\/newsfitbr\\\/casa-do-corre-segue-com-programacao-ate-domingo-dia-da-maratona-de-sao-paulo\\\/#breadcrumb\",\"itemListElement\":[{\"@type\":\"ListItem\",\"position\":1,\"name\":\"In\u00edcio\",\"item\":\"https:\\\/\\\/www.fitnessbrasil.com.br\\\/\"},{\"@type\":\"ListItem\",\"position\":2,\"name\":\"Casa do Corre segue com programa\u00e7\u00e3o at\u00e9 domingo, dia da Maratona de S\u00e3o Paulo\"}]},{\"@type\":\"WebSite\",\"@id\":\"https:\\\/\\\/www.fitnessbrasil.com.br\\\/#website\",\"url\":\"https:\\\/\\\/www.fitnessbrasil.com.br\\\/\",\"name\":\"Fitness Brasil\",\"description\":\"\",\"publisher\":{\"@id\":\"https:\\\/\\\/www.fitnessbrasil.com.br\\\/#organization\"},\"potentialAction\":[{\"@type\":\"SearchAction\",\"target\":{\"@type\":\"EntryPoint\",\"urlTemplate\":\"https:\\\/\\\/www.fitnessbrasil.com.br\\\/?s={search_term_string}\"},\"query-input\":{\"@type\":\"PropertyValueSpecification\",\"valueRequired\":true,\"valueName\":\"search_term_string\"}}],\"inLanguage\":\"es\"},{\"@type\":\"Organization\",\"@id\":\"https:\\\/\\\/www.fitnessbrasil.com.br\\\/#organization\",\"name\":\"Fitness Brasil\",\"url\":\"https:\\\/\\\/www.fitnessbrasil.com.br\\\/\",\"logo\":{\"@type\":\"ImageObject\",\"inLanguage\":\"es\",\"@id\":\"https:\\\/\\\/www.fitnessbrasil.com.br\\\/#\\\/schema\\\/logo\\\/image\\\/\",\"url\":\"https:\\\/\\\/www.fitnessbrasil.com.br\\\/wp-content\\\/uploads\\\/2022\\\/01\\\/Logo-Fitness-Brasil_preto-e-cor.png\",\"contentUrl\":\"https:\\\/\\\/www.fitnessbrasil.com.br\\\/wp-content\\\/uploads\\\/2022\\\/01\\\/Logo-Fitness-Brasil_preto-e-cor.png\",\"width\":593,\"height\":316,\"caption\":\"Fitness Brasil\"},\"image\":{\"@id\":\"https:\\\/\\\/www.fitnessbrasil.com.br\\\/#\\\/schema\\\/logo\\\/image\\\/\"}},{\"@type\":\"Person\",\"@id\":\"https:\\\/\\\/www.fitnessbrasil.com.br\\\/#\\\/schema\\\/person\\\/44332d981b99ed3bec8d1f53079a3ad4\",\"name\":\"Yara Achoa\",\"image\":{\"@type\":\"ImageObject\",\"inLanguage\":\"es\",\"@id\":\"https:\\\/\\\/secure.gravatar.com\\\/avatar\\\/703d1497efa1686cdeb68ba91129ecb39a6e38dabd429d4b66e0f888e491d424?s=96&r=g&d=https:\\\/\\\/www.fitnessbrasil.com.br\\\/wp-content\\\/plugins\\\/userswp\\\/assets\\\/images\\\/no_profile.png\",\"url\":\"https:\\\/\\\/secure.gravatar.com\\\/avatar\\\/703d1497efa1686cdeb68ba91129ecb39a6e38dabd429d4b66e0f888e491d424?s=96&r=g&d=https:\\\/\\\/www.fitnessbrasil.com.br\\\/wp-content\\\/plugins\\\/userswp\\\/assets\\\/images\\\/no_profile.png\",\"contentUrl\":\"https:\\\/\\\/secure.gravatar.com\\\/avatar\\\/703d1497efa1686cdeb68ba91129ecb39a6e38dabd429d4b66e0f888e491d424?s=96&r=g&d=https:\\\/\\\/www.fitnessbrasil.com.br\\\/wp-content\\\/plugins\\\/userswp\\\/assets\\\/images\\\/no_profile.png\",\"caption\":\"Yara Achoa\"},\"sameAs\":[\"http:\\\/\\\/yara@fitnessbrasil.com.br\"],\"url\":\"https:\\\/\\\/www.fitnessbrasil.com.br\\\/es\\\/profile\\\/yara\\\/\"}]}<\/script>\n<!-- \/ Yoast SEO plugin. -->","yoast_head_json":{"title":"Casa do Corre segue com programa\u00e7\u00e3o at\u00e9 domingo, dia da Maratona de S\u00e3o Paulo - Fitness Brasil","robots":{"index":"index","follow":"follow","max-snippet":"max-snippet:-1","max-image-preview":"max-image-preview:large","max-video-preview":"max-video-preview:-1"},"canonical":"https:\/\/www.fitnessbrasil.com.br\/es\/newsfitbr\/casa-do-corre-segue-com-programacao-ate-domingo-dia-da-maratona-de-sao-paulo\/","og_locale":"es_ES","og_type":"article","og_title":"Casa do Corre segue com programa\u00e7\u00e3o at\u00e9 domingo, dia da Maratona de S\u00e3o Paulo - Fitness Brasil","og_description":"A\u00e7\u00e3o idealizada pela Olympikus consolida a autoridade da marca no mercado de corrida no pa\u00eds e promove lan\u00e7amento do t\u00eanis Corre2","og_url":"https:\/\/www.fitnessbrasil.com.br\/es\/newsfitbr\/casa-do-corre-segue-com-programacao-ate-domingo-dia-da-maratona-de-sao-paulo\/","og_site_name":"Fitness Brasil","article_published_time":"2022-04-07T14:37:05+00:00","article_modified_time":"2022-04-07T15:58:41+00:00","og_image":[{"width":1735,"height":1157,"url":"https:\/\/www.fitnessbrasil.com.br\/wp-content\/uploads\/2022\/04\/Olympikus-Casa-do-Corre_Corre2_Fractal_divulgacao.jpg","type":"image\/jpeg"}],"author":"Yara Achoa","twitter_card":"summary_large_image","twitter_misc":{"Escrito por":"Yara Achoa","Tiempo de lectura":"3 minutos"},"schema":{"@context":"https:\/\/schema.org","@graph":[{"@type":"Article","@id":"https:\/\/www.fitnessbrasil.com.br\/newsfitbr\/casa-do-corre-segue-com-programacao-ate-domingo-dia-da-maratona-de-sao-paulo\/#article","isPartOf":{"@id":"https:\/\/www.fitnessbrasil.com.br\/newsfitbr\/casa-do-corre-segue-com-programacao-ate-domingo-dia-da-maratona-de-sao-paulo\/"},"author":{"name":"Yara Achoa","@id":"https:\/\/www.fitnessbrasil.com.br\/#\/schema\/person\/44332d981b99ed3bec8d1f53079a3ad4"},"headline":"Casa do Corre segue com programa\u00e7\u00e3o at\u00e9 domingo, dia da Maratona de S\u00e3o Paulo","datePublished":"2022-04-07T14:37:05+00:00","dateModified":"2022-04-07T15:58:41+00:00","mainEntityOfPage":{"@id":"https:\/\/www.fitnessbrasil.com.br\/newsfitbr\/casa-do-corre-segue-com-programacao-ate-domingo-dia-da-maratona-de-sao-paulo\/"},"wordCount":696,"publisher":{"@id":"https:\/\/www.fitnessbrasil.com.br\/#organization"},"image":{"@id":"https:\/\/www.fitnessbrasil.com.br\/newsfitbr\/casa-do-corre-segue-com-programacao-ate-domingo-dia-da-maratona-de-sao-paulo\/#primaryimage"},"thumbnailUrl":"https:\/\/www.fitnessbrasil.com.br\/wp-content\/uploads\/2022\/04\/Olympikus-Casa-do-Corre_Corre2_Fractal_divulgacao.jpg","articleSection":["Esporte","Not\u00edcias"],"inLanguage":"es"},{"@type":"WebPage","@id":"https:\/\/www.fitnessbrasil.com.br\/newsfitbr\/casa-do-corre-segue-com-programacao-ate-domingo-dia-da-maratona-de-sao-paulo\/","url":"https:\/\/www.fitnessbrasil.com.br\/newsfitbr\/casa-do-corre-segue-com-programacao-ate-domingo-dia-da-maratona-de-sao-paulo\/","name":"Casa do Corre segue com programa\u00e7\u00e3o at\u00e9 domingo, dia da Maratona de S\u00e3o Paulo - Fitness Brasil","isPartOf":{"@id":"https:\/\/www.fitnessbrasil.com.br\/#website"},"primaryImageOfPage":{"@id":"https:\/\/www.fitnessbrasil.com.br\/newsfitbr\/casa-do-corre-segue-com-programacao-ate-domingo-dia-da-maratona-de-sao-paulo\/#primaryimage"},"image":{"@id":"https:\/\/www.fitnessbrasil.com.br\/newsfitbr\/casa-do-corre-segue-com-programacao-ate-domingo-dia-da-maratona-de-sao-paulo\/#primaryimage"},"thumbnailUrl":"https:\/\/www.fitnessbrasil.com.br\/wp-content\/uploads\/2022\/04\/Olympikus-Casa-do-Corre_Corre2_Fractal_divulgacao.jpg","datePublished":"2022-04-07T14:37:05+00:00","dateModified":"2022-04-07T15:58:41+00:00","breadcrumb":{"@id":"https:\/\/www.fitnessbrasil.com.br\/newsfitbr\/casa-do-corre-segue-com-programacao-ate-domingo-dia-da-maratona-de-sao-paulo\/#breadcrumb"},"inLanguage":"es","potentialAction":[{"@type":"ReadAction","target":["https:\/\/www.fitnessbrasil.com.br\/newsfitbr\/casa-do-corre-segue-com-programacao-ate-domingo-dia-da-maratona-de-sao-paulo\/"]}]},{"@type":"ImageObject","inLanguage":"es","@id":"https:\/\/www.fitnessbrasil.com.br\/newsfitbr\/casa-do-corre-segue-com-programacao-ate-domingo-dia-da-maratona-de-sao-paulo\/#primaryimage","url":"https:\/\/www.fitnessbrasil.com.br\/wp-content\/uploads\/2022\/04\/Olympikus-Casa-do-Corre_Corre2_Fractal_divulgacao.jpg","contentUrl":"https:\/\/www.fitnessbrasil.com.br\/wp-content\/uploads\/2022\/04\/Olympikus-Casa-do-Corre_Corre2_Fractal_divulgacao.jpg","width":1735,"height":1157},{"@type":"BreadcrumbList","@id":"https:\/\/www.fitnessbrasil.com.br\/newsfitbr\/casa-do-corre-segue-com-programacao-ate-domingo-dia-da-maratona-de-sao-paulo\/#breadcrumb","itemListElement":[{"@type":"ListItem","position":1,"name":"In\u00edcio","item":"https:\/\/www.fitnessbrasil.com.br\/"},{"@type":"ListItem","position":2,"name":"Casa do Corre segue com programa\u00e7\u00e3o at\u00e9 domingo, dia da Maratona de S\u00e3o Paulo"}]},{"@type":"WebSite","@id":"https:\/\/www.fitnessbrasil.com.br\/#website","url":"https:\/\/www.fitnessbrasil.com.br\/","name":"Fitness Brasil","description":"","publisher":{"@id":"https:\/\/www.fitnessbrasil.com.br\/#organization"},"potentialAction":[{"@type":"SearchAction","target":{"@type":"EntryPoint","urlTemplate":"https:\/\/www.fitnessbrasil.com.br\/?s={search_term_string}"},"query-input":{"@type":"PropertyValueSpecification","valueRequired":true,"valueName":"search_term_string"}}],"inLanguage":"es"},{"@type":"Organization","@id":"https:\/\/www.fitnessbrasil.com.br\/#organization","name":"Fitness Brasil","url":"https:\/\/www.fitnessbrasil.com.br\/","logo":{"@type":"ImageObject","inLanguage":"es","@id":"https:\/\/www.fitnessbrasil.com.br\/#\/schema\/logo\/image\/","url":"https:\/\/www.fitnessbrasil.com.br\/wp-content\/uploads\/2022\/01\/Logo-Fitness-Brasil_preto-e-cor.png","contentUrl":"https:\/\/www.fitnessbrasil.com.br\/wp-content\/uploads\/2022\/01\/Logo-Fitness-Brasil_preto-e-cor.png","width":593,"height":316,"caption":"Fitness Brasil"},"image":{"@id":"https:\/\/www.fitnessbrasil.com.br\/#\/schema\/logo\/image\/"}},{"@type":"Person","@id":"https:\/\/www.fitnessbrasil.com.br\/#\/schema\/person\/44332d981b99ed3bec8d1f53079a3ad4","name":"Yara Achoa","image":{"@type":"ImageObject","inLanguage":"es","@id":"https:\/\/secure.gravatar.com\/avatar\/703d1497efa1686cdeb68ba91129ecb39a6e38dabd429d4b66e0f888e491d424?s=96&r=g&d=https:\/\/www.fitnessbrasil.com.br\/wp-content\/plugins\/userswp\/assets\/images\/no_profile.png","url":"https:\/\/secure.gravatar.com\/avatar\/703d1497efa1686cdeb68ba91129ecb39a6e38dabd429d4b66e0f888e491d424?s=96&r=g&d=https:\/\/www.fitnessbrasil.com.br\/wp-content\/plugins\/userswp\/assets\/images\/no_profile.png","contentUrl":"https:\/\/secure.gravatar.com\/avatar\/703d1497efa1686cdeb68ba91129ecb39a6e38dabd429d4b66e0f888e491d424?s=96&r=g&d=https:\/\/www.fitnessbrasil.com.br\/wp-content\/plugins\/userswp\/assets\/images\/no_profile.png","caption":"Yara Achoa"},"sameAs":["http:\/\/yara@fitnessbrasil.com.br"],"url":"https:\/\/www.fitnessbrasil.com.br\/es\/profile\/yara\/"}]}},"_links":{"self":[{"href":"https:\/\/www.fitnessbrasil.com.br\/es\/wp-json\/wp\/v2\/posts\/6181","targetHints":{"allow":["GET"]}}],"collection":[{"href":"https:\/\/www.fitnessbrasil.com.br\/es\/wp-json\/wp\/v2\/posts"}],"about":[{"href":"https:\/\/www.fitnessbrasil.com.br\/es\/wp-json\/wp\/v2\/types\/post"}],"author":[{"embeddable":true,"href":"https:\/\/www.fitnessbrasil.com.br\/es\/wp-json\/wp\/v2\/users\/40"}],"replies":[{"embeddable":true,"href":"https:\/\/www.fitnessbrasil.com.br\/es\/wp-json\/wp\/v2\/comments?post=6181"}],"version-history":[{"count":0,"href":"https:\/\/www.fitnessbrasil.com.br\/es\/wp-json\/wp\/v2\/posts\/6181\/revisions"}],"wp:featuredmedia":[{"embeddable":true,"href":"https:\/\/www.fitnessbrasil.com.br\/es\/wp-json\/wp\/v2\/media\/6191"}],"wp:attachment":[{"href":"https:\/\/www.fitnessbrasil.com.br\/es\/wp-json\/wp\/v2\/media?parent=6181"}],"wp:term":[{"taxonomy":"category","embeddable":true,"href":"https:\/\/www.fitnessbrasil.com.br\/es\/wp-json\/wp\/v2\/categories?post=6181"},{"taxonomy":"post_tag","embeddable":true,"href":"https:\/\/www.fitnessbrasil.com.br\/es\/wp-json\/wp\/v2\/tags?post=6181"},{"taxonomy":"post_folder","embeddable":true,"href":"https:\/\/www.fitnessbrasil.com.br\/es\/wp-json\/wp\/v2\/post_folder?post=6181"}],"curies":[{"name":"wp","href":"https:\/\/api.w.org\/{rel}","templated":true}]}}