{"id":6600,"date":"2022-04-14T18:16:52","date_gmt":"2022-04-14T21:16:52","guid":{"rendered":"https:\/\/www.fitnessbrasil.com.br\/?p=6600"},"modified":"2025-05-28T19:46:34","modified_gmt":"2025-05-28T22:46:34","slug":"profissional-de-educacao-fisica-somos-de-fato-tambem-profissionais-da-saude","status":"publish","type":"post","link":"https:\/\/www.fitnessbrasil.com.br\/es\/newsfitbr\/profissional-de-educacao-fisica-somos-de-fato-tambem-profissionais-da-saude\/","title":{"rendered":"Profissional de Educa\u00e7\u00e3o F\u00edsica: somos de fato tamb\u00e9m profissionais da sa\u00fade?"},"content":{"rendered":"<p>Por Luis Carlos de Oliveira, colunista Fitness Brasil<\/p>\n\n\n\n<!--more-->\n\n\n\n<p>Quando fui convidado pelo nosso amigo Prof. Fabio Saba para ocupar este espa\u00e7o e escrever periodicamente para os Profissionais de Educa\u00e7\u00e3o F\u00edsica, <strong>me questionei de que forma poderia usar esta rica oportunidade para contribuir com meus colegas de profiss\u00e3o<\/strong>.<\/p>\n\n\n\n<p>Bem, n\u00e3o poderia ser de outra forma que n\u00e3o fosse <strong>compartilhando minhas experi\u00eancias e conhecimentos acumulados ao longo destes mais de 30 anos de estudos<\/strong>, ap\u00f3s a minha gradua\u00e7\u00e3o, na \u00e9poca ainda em licenciatura plena em Educa\u00e7\u00e3o F\u00edsica, coisa que hoje j\u00e1 nem existe mais. Mas que foi o grande alicerce para a constru\u00e7\u00e3o de tudo que acumulei at\u00e9 o presente momento.<\/p>\n\n\n\n<p>Minha carreira profissional se deu basicamente em dois diferentes setores:<\/p>\n\n\n\n<p>&#8211; Na <strong>doc\u00eancia no ensino superior em diferentes cursos<\/strong>, tanto na gradua\u00e7\u00e3o quando na p\u00f3s-gradua\u00e7\u00e3o, tendo passado pelas principais institui\u00e7\u00f5es da regi\u00e3o metropolitana de S\u00e3o Paulo<\/p>\n\n\n\n<p>&#8211; Paralelamente <strong>desenvolvi a atividade de pesquisas no Centro de Estudos do Laborat\u00f3rio de Aptid\u00e3o F\u00edsica de S\u00e3o Caetano do Sul \u2013 CELAFISCS<\/strong>, institui\u00e7\u00e3o que al\u00e9m de me possibilitar uma rica produ\u00e7\u00e3o de conhecimento em Ci\u00eancias do Esporte, me deu tamb\u00e9m a oportunidade de viver uma das enriquecedoras experi\u00eancias de interven\u00e7\u00e3o de Promo\u00e7\u00e3o da Atividade F\u00edsica para a Sa\u00fade, como membro da equipe e <strong>coordenador de um dos programas de maior repercuss\u00e3o na \u00e1rea da promo\u00e7\u00e3o da atividade f\u00edsica e sa\u00fade, o Programa Agita S\u00e3o Paulo<\/strong>.<\/p>\n\n\n\n<div class=\"wp-block-image\"><figure class=\"aligncenter size-full is-resized\"><img decoding=\"async\" data-src=\"https:\/\/www.fitnessbrasil.com.br\/wp-content\/uploads\/2022\/04\/Prof-Luis-Oliveira_AdobeStock_-1.jpeg\" alt=\"\" class=\"wp-image-6601 lazyload\" width=\"839\" height=\"559\" data-srcset=\"https:\/\/www.fitnessbrasil.com.br\/wp-content\/uploads\/2022\/04\/Prof-Luis-Oliveira_AdobeStock_-1.jpeg 627w, https:\/\/www.fitnessbrasil.com.br\/wp-content\/uploads\/2022\/04\/Prof-Luis-Oliveira_AdobeStock_-1-600x400.jpeg 600w, https:\/\/www.fitnessbrasil.com.br\/wp-content\/uploads\/2022\/04\/Prof-Luis-Oliveira_AdobeStock_-1-18x12.jpeg 18w, https:\/\/www.fitnessbrasil.com.br\/wp-content\/uploads\/2022\/04\/Prof-Luis-Oliveira_AdobeStock_-1-510x340.jpeg 510w\" data-sizes=\"(max-width: 839px) 100vw, 839px\" src=\"data:image\/svg+xml;base64,PHN2ZyB3aWR0aD0iMSIgaGVpZ2h0PSIxIiB4bWxucz0iaHR0cDovL3d3dy53My5vcmcvMjAwMC9zdmciPjwvc3ZnPg==\" style=\"--smush-placeholder-width: 839px; --smush-placeholder-aspect-ratio: 839\/559;\" \/><\/figure><\/div>\n\n\n\n<p>Como membro da equipe de coordena\u00e7\u00e3o do programa Agita S\u00e3o Paulo, tive in\u00fameras oportunidades de conv\u00edvio com as maiores autoridades da \u00e1rea da promo\u00e7\u00e3o da atividade f\u00edsica do cen\u00e1rio nacional e internacional.<\/p>\n\n\n\n<p>Foram in\u00fameros cursos, palestras, eventos cient\u00edficos no Brasil e no Exterior. Desta forma, <strong>me vejo hoje com o compromisso de compartilhar com voc\u00eas meus conhecimentos na \u00e1rea da sa\u00fade<\/strong>, para que possam participar de discuss\u00f5es de trabalho em prol de a\u00e7\u00f5es na sa\u00fade, em condi\u00e7\u00e3o de igualdade.<\/p>\n\n\n\n<p>Cada um, dentro de sua especificidade de atua\u00e7\u00e3o (m\u00e9dicos, fisioterapeutas, nutricionistas, enfermeiros, psic\u00f3logos, biom\u00e9dicos, farmac\u00eauticos), tem sua parcela de contribui\u00e7\u00e3o dentro do conjunto de a\u00e7\u00f5es visando alcan\u00e7ar uma maior efetividade a servi\u00e7o da sa\u00fade da nossa popula\u00e7\u00e3o. E <strong>o Profissional da Educa\u00e7\u00e3o F\u00edsica n\u00e3o fica a dever nada aos demais profissionais da sa\u00fade<\/strong>.<\/p>\n\n\n\n<p>Para lograrmos \u00eaxito nesta desafiadora tarefa, se faz necess\u00e1rio o conhecimento de conceitos fundamentais espec\u00edficos da \u00e1rea da sa\u00fade, de toda uma terminologia comum aos profissionais da \u00e1rea e, sobretudo, de como podemos com nossas ferramentas profissionais \u2013 a ess\u00eancia da nossa pr\u00e1tica profissional, a atividade f\u00edsica, o exerc\u00edcio f\u00edsico, o esporte, o lazer ativo e considerando ainda as atividades dom\u00e9sticas, as ocupacionais e o deslocamento ativo \u2013 <strong>desenvolver estrat\u00e9gias na promo\u00e7\u00e3o da sa\u00fade, na preven\u00e7\u00e3o das doen\u00e7as <\/strong>ou mesmo como componentes na recupera\u00e7\u00e3o da sa\u00fade ou at\u00e9 no tratamento em algumas doen\u00e7as.<\/p>\n\n\n\n<p>Desde 2008, por uma portaria do Minist\u00e9rio da Sa\u00fade, <strong>o Profissional de Educa\u00e7\u00e3o F\u00edsica foi inserido nas equipes multiprofissionais de algumas a\u00e7\u00f5es do SUS &#8211; Sistema \u00danico de Sa\u00fade<\/strong>. N\u00e3o obstante, <strong>a Atividade F\u00edsica faz parte do Plano Nacional de Promo\u00e7\u00e3o da Sa\u00fade<\/strong> desde 2011 e, juntamente com combate ao consumo de tabaco, do alcoolismo, do cuidado com a nutri\u00e7\u00e3o, a atividade f\u00edsica \u00e9 um dos quatro eixos do Plano de Enfrentamento das Doen\u00e7as Cr\u00f4nicas do Minist\u00e9rio da Sa\u00fade.<\/p>\n\n\n\n<div class=\"wp-block-image\"><figure class=\"aligncenter size-full is-resized\"><img decoding=\"async\" data-src=\"https:\/\/www.fitnessbrasil.com.br\/wp-content\/uploads\/2022\/04\/Prof-Luis-Oliveira_AdobeStock_-3.jpeg\" alt=\"\" class=\"wp-image-6603 lazyload\" width=\"833\" height=\"474\" data-srcset=\"https:\/\/www.fitnessbrasil.com.br\/wp-content\/uploads\/2022\/04\/Prof-Luis-Oliveira_AdobeStock_-3.jpeg 678w, https:\/\/www.fitnessbrasil.com.br\/wp-content\/uploads\/2022\/04\/Prof-Luis-Oliveira_AdobeStock_-3-18x10.jpeg 18w, https:\/\/www.fitnessbrasil.com.br\/wp-content\/uploads\/2022\/04\/Prof-Luis-Oliveira_AdobeStock_-3-510x290.jpeg 510w\" data-sizes=\"(max-width: 833px) 100vw, 833px\" src=\"data:image\/svg+xml;base64,PHN2ZyB3aWR0aD0iMSIgaGVpZ2h0PSIxIiB4bWxucz0iaHR0cDovL3d3dy53My5vcmcvMjAwMC9zdmciPjwvc3ZnPg==\" style=\"--smush-placeholder-width: 833px; --smush-placeholder-aspect-ratio: 833\/474;\" \/><\/figure><\/div>\n\n\n\n<p>Mais recentemente, <strong>o Conselho Federal de Educa\u00e7\u00e3o F\u00edsica regulamentou por meio de portaria federal a atua\u00e7\u00e3o do profissional de Educa\u00e7\u00e3o F\u00edsica no ambiente hospitalar.<\/strong> Como podem perceber, legalmente estamos devidamente inseridos dentre os profissionais da \u00e1rea da sa\u00fade. <strong>Contudo, o fato de termos o amparo legal, n\u00e3o nos confere de forma autom\u00e1tica a legitimidade social dos demais colegas das outras profiss\u00f5es da sa\u00fade.<\/strong><\/p>\n\n\n\n<p><strong>Precisamos conquistar esta legitimidade perante os demais profissionais, o respeito da sociedade a partir da demonstra\u00e7\u00e3o da nossa compet\u00eancia<\/strong>, por meio da efetividade de nossas a\u00e7\u00f5es, do alcance de resultados.<\/p>\n\n\n\n<p>Assim \u00e9 que vejo minha miss\u00e3o ao longo de nossa jornada neste espa\u00e7o. <strong>Trarei de forma leve, simples e descomplicada evid\u00eancias cient\u00edficas, experi\u00eancias de interven\u00e7\u00f5es e casos exitosos, as boas pr\u00e1ticas que representam a efetividade da atividade f\u00edsica<\/strong> em suas diferentes dimens\u00f5es, bem como seus benef\u00edcios para a sa\u00fade.<\/p>\n\n\n\n<p>Espero que esta nossa conversa peri\u00f3dica, contribua para melhorar seus conhecimentos e suas flu\u00eancias na \u00e1rea sa\u00fade, <strong>deixando-os seguros para efetivamente se apresentarem como PROFISSIONAIS DE EDUCA\u00c7\u00c3O F\u00cdSICA, sem receio de se afirmarem tamb\u00e9m como PROFISSIONAIS DA SA\u00daDE<\/strong>.<\/p>\n\n\n\n<div class=\"wp-block-media-text alignwide is-stacked-on-mobile is-image-fill\" style=\"grid-template-columns:20% auto\"><figure class=\"wp-block-media-text__media lazyload\" style=\"background-image:inherit;background-position:45% 50%\" data-bg-image=\"url(https:\/\/www.fitnessbrasil.com.br\/wp-content\/uploads\/2022\/03\/Prof.-Luis-Oliveira-2.jpeg)\"><img decoding=\"async\" width=\"640\" height=\"640\" data-src=\"https:\/\/www.fitnessbrasil.com.br\/wp-content\/uploads\/2022\/03\/Prof.-Luis-Oliveira-2.jpeg\" alt=\"\" class=\"wp-image-5874 size-full lazyload\" data-srcset=\"https:\/\/www.fitnessbrasil.com.br\/wp-content\/uploads\/2022\/03\/Prof.-Luis-Oliveira-2.jpeg 640w, https:\/\/www.fitnessbrasil.com.br\/wp-content\/uploads\/2022\/03\/Prof.-Luis-Oliveira-2-400x400.jpeg 400w, https:\/\/www.fitnessbrasil.com.br\/wp-content\/uploads\/2022\/03\/Prof.-Luis-Oliveira-2-280x280.jpeg 280w, https:\/\/www.fitnessbrasil.com.br\/wp-content\/uploads\/2022\/03\/Prof.-Luis-Oliveira-2-12x12.jpeg 12w, https:\/\/www.fitnessbrasil.com.br\/wp-content\/uploads\/2022\/03\/Prof.-Luis-Oliveira-2-150x150.jpeg 150w, https:\/\/www.fitnessbrasil.com.br\/wp-content\/uploads\/2022\/03\/Prof.-Luis-Oliveira-2-510x510.jpeg 510w, https:\/\/www.fitnessbrasil.com.br\/wp-content\/uploads\/2022\/03\/Prof.-Luis-Oliveira-2-100x100.jpeg 100w\" data-sizes=\"(max-width: 640px) 100vw, 640px\" src=\"data:image\/svg+xml;base64,PHN2ZyB3aWR0aD0iMSIgaGVpZ2h0PSIxIiB4bWxucz0iaHR0cDovL3d3dy53My5vcmcvMjAwMC9zdmciPjwvc3ZnPg==\" style=\"--smush-placeholder-width: 640px; --smush-placeholder-aspect-ratio: 640\/640;\" \/><\/figure><div class=\"wp-block-media-text__content\">\n<p class=\"has-small-font-size\"><em><strong>Prof. Me. Luis Carlos de Oliveira <\/strong>\u00e9 formado em  Educa\u00e7\u00e3o F\u00edsica pela Escola Superior de Educa\u00e7\u00e3o F\u00edsica de S\u00e3o Caetano do Sul; Mestre em Educa\u00e7\u00e3o F\u00edsica; Doutorando em Educa\u00e7\u00e3o F\u00edsica e Sa\u00fade, Membro Diretor do CELAFISCS; Instrutor de Pesquisas em Ci\u00eancias do Esporte; Coordenador do Projeto Internacional ISCOLE \u2013 Obesidade Infantil Ambiente e Estilo de Vida; Coordenador dos Cursos de P\u00f3s\u2013Gradua\u00e7\u00e3o da USCS\/CELAFISCS; Professor da TREVISAN \u2013 Escola de Neg\u00f3cios; Assessor t\u00e9cnico-cient\u00edfico do Programa Agita S\u00e3o Paulo&nbsp; &#8211; Secretaria de Estado da Sa\u00fade; Membro da comiss\u00e3o organizadora do Simp\u00f3sio Internacional de Ci\u00eancias do Esporte<\/em><\/p>\n<\/div><\/div>","protected":false},"excerpt":{"rendered":"<p>Por Luis Carlos de Oliveira, colunista Fitness Brasil<\/p>","protected":false},"author":130,"featured_media":6602,"comment_status":"open","ping_status":"closed","sticky":false,"template":"","format":"standard","meta":{"_acf_changed":true,"footnotes":""},"categories":[74,79,28],"tags":[],"post_folder":[],"class_list":["post-6600","post","type-post","status-publish","format-standard","has-post-thumbnail","hentry","category-colunistas","category-luis-carlos-de-oliveira","category-saude-e-bem-estar"],"acf":[],"yoast_head":"<!-- This site is optimized with the Yoast SEO plugin v27.4 - https:\/\/yoast.com\/product\/yoast-seo-wordpress\/ -->\n<title>Profissional de Educa\u00e7\u00e3o F\u00edsica: somos de fato tamb\u00e9m profissionais da sa\u00fade? - Fitness Brasil<\/title>\n<meta name=\"robots\" content=\"index, follow, max-snippet:-1, max-image-preview:large, max-video-preview:-1\" \/>\n<link rel=\"canonical\" href=\"https:\/\/www.fitnessbrasil.com.br\/es\/newsfitbr\/profissional-de-educacao-fisica-somos-de-fato-tambem-profissionais-da-saude\/\" \/>\n<meta property=\"og:locale\" content=\"es_ES\" \/>\n<meta property=\"og:type\" content=\"article\" \/>\n<meta property=\"og:title\" content=\"Profissional de Educa\u00e7\u00e3o F\u00edsica: somos de fato tamb\u00e9m profissionais da sa\u00fade? - Fitness Brasil\" \/>\n<meta property=\"og:description\" content=\"Por Luis Carlos de Oliveira, colunista Fitness Brasil\" \/>\n<meta property=\"og:url\" content=\"https:\/\/www.fitnessbrasil.com.br\/es\/newsfitbr\/profissional-de-educacao-fisica-somos-de-fato-tambem-profissionais-da-saude\/\" \/>\n<meta property=\"og:site_name\" content=\"Fitness Brasil\" \/>\n<meta property=\"article:published_time\" content=\"2022-04-14T21:16:52+00:00\" \/>\n<meta property=\"article:modified_time\" content=\"2025-05-28T22:46:34+00:00\" \/>\n<meta property=\"og:image\" content=\"https:\/\/www.fitnessbrasil.com.br\/wp-content\/uploads\/2022\/04\/Prof-Luis-Oliveira_AdobeStock_-2.jpeg\" \/>\n\t<meta property=\"og:image:width\" content=\"627\" \/>\n\t<meta property=\"og:image:height\" content=\"418\" \/>\n\t<meta property=\"og:image:type\" content=\"image\/jpeg\" \/>\n<meta name=\"author\" content=\"Luis Carlos de Oliveira\" \/>\n<meta name=\"twitter:card\" content=\"summary_large_image\" \/>\n<meta name=\"twitter:label1\" content=\"Escrito por\" \/>\n\t<meta name=\"twitter:data1\" content=\"Luis Carlos de Oliveira\" \/>\n\t<meta name=\"twitter:label2\" content=\"Tiempo de lectura\" \/>\n\t<meta name=\"twitter:data2\" content=\"6 minutos\" \/>\n<script type=\"application\/ld+json\" class=\"yoast-schema-graph\">{\"@context\":\"https:\\\/\\\/schema.org\",\"@graph\":[{\"@type\":\"Article\",\"@id\":\"https:\\\/\\\/www.fitnessbrasil.com.br\\\/newsfitbr\\\/profissional-de-educacao-fisica-somos-de-fato-tambem-profissionais-da-saude\\\/#article\",\"isPartOf\":{\"@id\":\"https:\\\/\\\/www.fitnessbrasil.com.br\\\/newsfitbr\\\/profissional-de-educacao-fisica-somos-de-fato-tambem-profissionais-da-saude\\\/\"},\"author\":{\"name\":\"Luis Carlos de Oliveira\",\"@id\":\"https:\\\/\\\/www.fitnessbrasil.com.br\\\/#\\\/schema\\\/person\\\/02b9218f9d0bb9d84f0e0c6a23628011\"},\"headline\":\"Profissional de Educa\u00e7\u00e3o F\u00edsica: somos de fato tamb\u00e9m profissionais da sa\u00fade?\",\"datePublished\":\"2022-04-14T21:16:52+00:00\",\"dateModified\":\"2025-05-28T22:46:34+00:00\",\"mainEntityOfPage\":{\"@id\":\"https:\\\/\\\/www.fitnessbrasil.com.br\\\/newsfitbr\\\/profissional-de-educacao-fisica-somos-de-fato-tambem-profissionais-da-saude\\\/\"},\"wordCount\":969,\"commentCount\":7,\"publisher\":{\"@id\":\"https:\\\/\\\/www.fitnessbrasil.com.br\\\/#organization\"},\"image\":{\"@id\":\"https:\\\/\\\/www.fitnessbrasil.com.br\\\/newsfitbr\\\/profissional-de-educacao-fisica-somos-de-fato-tambem-profissionais-da-saude\\\/#primaryimage\"},\"thumbnailUrl\":\"https:\\\/\\\/www.fitnessbrasil.com.br\\\/wp-content\\\/uploads\\\/2022\\\/04\\\/Prof-Luis-Oliveira_AdobeStock_-2.jpeg\",\"articleSection\":[\"Colunistas\",\"Luis Carlos de Oliveira\",\"Sa\u00fade e bem-estar\"],\"inLanguage\":\"es\",\"potentialAction\":[{\"@type\":\"CommentAction\",\"name\":\"Comment\",\"target\":[\"https:\\\/\\\/www.fitnessbrasil.com.br\\\/newsfitbr\\\/profissional-de-educacao-fisica-somos-de-fato-tambem-profissionais-da-saude\\\/#respond\"]}]},{\"@type\":\"WebPage\",\"@id\":\"https:\\\/\\\/www.fitnessbrasil.com.br\\\/newsfitbr\\\/profissional-de-educacao-fisica-somos-de-fato-tambem-profissionais-da-saude\\\/\",\"url\":\"https:\\\/\\\/www.fitnessbrasil.com.br\\\/newsfitbr\\\/profissional-de-educacao-fisica-somos-de-fato-tambem-profissionais-da-saude\\\/\",\"name\":\"Profissional de Educa\u00e7\u00e3o F\u00edsica: somos de fato tamb\u00e9m profissionais da sa\u00fade? - Fitness Brasil\",\"isPartOf\":{\"@id\":\"https:\\\/\\\/www.fitnessbrasil.com.br\\\/#website\"},\"primaryImageOfPage\":{\"@id\":\"https:\\\/\\\/www.fitnessbrasil.com.br\\\/newsfitbr\\\/profissional-de-educacao-fisica-somos-de-fato-tambem-profissionais-da-saude\\\/#primaryimage\"},\"image\":{\"@id\":\"https:\\\/\\\/www.fitnessbrasil.com.br\\\/newsfitbr\\\/profissional-de-educacao-fisica-somos-de-fato-tambem-profissionais-da-saude\\\/#primaryimage\"},\"thumbnailUrl\":\"https:\\\/\\\/www.fitnessbrasil.com.br\\\/wp-content\\\/uploads\\\/2022\\\/04\\\/Prof-Luis-Oliveira_AdobeStock_-2.jpeg\",\"datePublished\":\"2022-04-14T21:16:52+00:00\",\"dateModified\":\"2025-05-28T22:46:34+00:00\",\"breadcrumb\":{\"@id\":\"https:\\\/\\\/www.fitnessbrasil.com.br\\\/newsfitbr\\\/profissional-de-educacao-fisica-somos-de-fato-tambem-profissionais-da-saude\\\/#breadcrumb\"},\"inLanguage\":\"es\",\"potentialAction\":[{\"@type\":\"ReadAction\",\"target\":[\"https:\\\/\\\/www.fitnessbrasil.com.br\\\/newsfitbr\\\/profissional-de-educacao-fisica-somos-de-fato-tambem-profissionais-da-saude\\\/\"]}]},{\"@type\":\"ImageObject\",\"inLanguage\":\"es\",\"@id\":\"https:\\\/\\\/www.fitnessbrasil.com.br\\\/newsfitbr\\\/profissional-de-educacao-fisica-somos-de-fato-tambem-profissionais-da-saude\\\/#primaryimage\",\"url\":\"https:\\\/\\\/www.fitnessbrasil.com.br\\\/wp-content\\\/uploads\\\/2022\\\/04\\\/Prof-Luis-Oliveira_AdobeStock_-2.jpeg\",\"contentUrl\":\"https:\\\/\\\/www.fitnessbrasil.com.br\\\/wp-content\\\/uploads\\\/2022\\\/04\\\/Prof-Luis-Oliveira_AdobeStock_-2.jpeg\",\"width\":627,\"height\":418},{\"@type\":\"BreadcrumbList\",\"@id\":\"https:\\\/\\\/www.fitnessbrasil.com.br\\\/newsfitbr\\\/profissional-de-educacao-fisica-somos-de-fato-tambem-profissionais-da-saude\\\/#breadcrumb\",\"itemListElement\":[{\"@type\":\"ListItem\",\"position\":1,\"name\":\"In\u00edcio\",\"item\":\"https:\\\/\\\/www.fitnessbrasil.com.br\\\/\"},{\"@type\":\"ListItem\",\"position\":2,\"name\":\"Profissional de Educa\u00e7\u00e3o F\u00edsica: somos de fato tamb\u00e9m profissionais da sa\u00fade?\"}]},{\"@type\":\"WebSite\",\"@id\":\"https:\\\/\\\/www.fitnessbrasil.com.br\\\/#website\",\"url\":\"https:\\\/\\\/www.fitnessbrasil.com.br\\\/\",\"name\":\"Fitness Brasil\",\"description\":\"\",\"publisher\":{\"@id\":\"https:\\\/\\\/www.fitnessbrasil.com.br\\\/#organization\"},\"potentialAction\":[{\"@type\":\"SearchAction\",\"target\":{\"@type\":\"EntryPoint\",\"urlTemplate\":\"https:\\\/\\\/www.fitnessbrasil.com.br\\\/?s={search_term_string}\"},\"query-input\":{\"@type\":\"PropertyValueSpecification\",\"valueRequired\":true,\"valueName\":\"search_term_string\"}}],\"inLanguage\":\"es\"},{\"@type\":\"Organization\",\"@id\":\"https:\\\/\\\/www.fitnessbrasil.com.br\\\/#organization\",\"name\":\"Fitness Brasil\",\"url\":\"https:\\\/\\\/www.fitnessbrasil.com.br\\\/\",\"logo\":{\"@type\":\"ImageObject\",\"inLanguage\":\"es\",\"@id\":\"https:\\\/\\\/www.fitnessbrasil.com.br\\\/#\\\/schema\\\/logo\\\/image\\\/\",\"url\":\"https:\\\/\\\/www.fitnessbrasil.com.br\\\/wp-content\\\/uploads\\\/2022\\\/01\\\/Logo-Fitness-Brasil_preto-e-cor.png\",\"contentUrl\":\"https:\\\/\\\/www.fitnessbrasil.com.br\\\/wp-content\\\/uploads\\\/2022\\\/01\\\/Logo-Fitness-Brasil_preto-e-cor.png\",\"width\":593,\"height\":316,\"caption\":\"Fitness Brasil\"},\"image\":{\"@id\":\"https:\\\/\\\/www.fitnessbrasil.com.br\\\/#\\\/schema\\\/logo\\\/image\\\/\"}},{\"@type\":\"Person\",\"@id\":\"https:\\\/\\\/www.fitnessbrasil.com.br\\\/#\\\/schema\\\/person\\\/02b9218f9d0bb9d84f0e0c6a23628011\",\"name\":\"Luis Carlos de Oliveira\",\"image\":{\"@type\":\"ImageObject\",\"inLanguage\":\"es\",\"@id\":\"https:\\\/\\\/secure.gravatar.com\\\/avatar\\\/302dda69a7d8a64cb7e23dc73d170c135e453e46681ce80fec6b78f74ae04e17?s=96&r=g&d=https:\\\/\\\/www.fitnessbrasil.com.br\\\/wp-content\\\/plugins\\\/userswp\\\/assets\\\/images\\\/no_profile.png\",\"url\":\"https:\\\/\\\/secure.gravatar.com\\\/avatar\\\/302dda69a7d8a64cb7e23dc73d170c135e453e46681ce80fec6b78f74ae04e17?s=96&r=g&d=https:\\\/\\\/www.fitnessbrasil.com.br\\\/wp-content\\\/plugins\\\/userswp\\\/assets\\\/images\\\/no_profile.png\",\"contentUrl\":\"https:\\\/\\\/secure.gravatar.com\\\/avatar\\\/302dda69a7d8a64cb7e23dc73d170c135e453e46681ce80fec6b78f74ae04e17?s=96&r=g&d=https:\\\/\\\/www.fitnessbrasil.com.br\\\/wp-content\\\/plugins\\\/userswp\\\/assets\\\/images\\\/no_profile.png\",\"caption\":\"Luis Carlos de Oliveira\"},\"sameAs\":[\"http:\\\/\\\/luis@fitnessbrasil.com.br\"],\"url\":\"https:\\\/\\\/www.fitnessbrasil.com.br\\\/es\\\/profile\\\/luis-amoroso\\\/\"}]}<\/script>\n<!-- \/ Yoast SEO plugin. -->","yoast_head_json":{"title":"Profissional de Educa\u00e7\u00e3o F\u00edsica: somos de fato tamb\u00e9m profissionais da sa\u00fade? - Fitness Brasil","robots":{"index":"index","follow":"follow","max-snippet":"max-snippet:-1","max-image-preview":"max-image-preview:large","max-video-preview":"max-video-preview:-1"},"canonical":"https:\/\/www.fitnessbrasil.com.br\/es\/newsfitbr\/profissional-de-educacao-fisica-somos-de-fato-tambem-profissionais-da-saude\/","og_locale":"es_ES","og_type":"article","og_title":"Profissional de Educa\u00e7\u00e3o F\u00edsica: somos de fato tamb\u00e9m profissionais da sa\u00fade? - Fitness Brasil","og_description":"Por Luis Carlos de Oliveira, colunista Fitness Brasil","og_url":"https:\/\/www.fitnessbrasil.com.br\/es\/newsfitbr\/profissional-de-educacao-fisica-somos-de-fato-tambem-profissionais-da-saude\/","og_site_name":"Fitness Brasil","article_published_time":"2022-04-14T21:16:52+00:00","article_modified_time":"2025-05-28T22:46:34+00:00","og_image":[{"url":"https:\/\/www.fitnessbrasil.com.br\/wp-content\/uploads\/2022\/04\/Prof-Luis-Oliveira_AdobeStock_-2.jpeg","width":627,"height":418,"type":"image\/jpeg"}],"author":"Luis Carlos de Oliveira","twitter_card":"summary_large_image","twitter_misc":{"Escrito por":"Luis Carlos de Oliveira","Tiempo de lectura":"6 minutos"},"schema":{"@context":"https:\/\/schema.org","@graph":[{"@type":"Article","@id":"https:\/\/www.fitnessbrasil.com.br\/newsfitbr\/profissional-de-educacao-fisica-somos-de-fato-tambem-profissionais-da-saude\/#article","isPartOf":{"@id":"https:\/\/www.fitnessbrasil.com.br\/newsfitbr\/profissional-de-educacao-fisica-somos-de-fato-tambem-profissionais-da-saude\/"},"author":{"name":"Luis Carlos de Oliveira","@id":"https:\/\/www.fitnessbrasil.com.br\/#\/schema\/person\/02b9218f9d0bb9d84f0e0c6a23628011"},"headline":"Profissional de Educa\u00e7\u00e3o F\u00edsica: somos de fato tamb\u00e9m profissionais da sa\u00fade?","datePublished":"2022-04-14T21:16:52+00:00","dateModified":"2025-05-28T22:46:34+00:00","mainEntityOfPage":{"@id":"https:\/\/www.fitnessbrasil.com.br\/newsfitbr\/profissional-de-educacao-fisica-somos-de-fato-tambem-profissionais-da-saude\/"},"wordCount":969,"commentCount":7,"publisher":{"@id":"https:\/\/www.fitnessbrasil.com.br\/#organization"},"image":{"@id":"https:\/\/www.fitnessbrasil.com.br\/newsfitbr\/profissional-de-educacao-fisica-somos-de-fato-tambem-profissionais-da-saude\/#primaryimage"},"thumbnailUrl":"https:\/\/www.fitnessbrasil.com.br\/wp-content\/uploads\/2022\/04\/Prof-Luis-Oliveira_AdobeStock_-2.jpeg","articleSection":["Colunistas","Luis Carlos de Oliveira","Sa\u00fade e bem-estar"],"inLanguage":"es","potentialAction":[{"@type":"CommentAction","name":"Comment","target":["https:\/\/www.fitnessbrasil.com.br\/newsfitbr\/profissional-de-educacao-fisica-somos-de-fato-tambem-profissionais-da-saude\/#respond"]}]},{"@type":"WebPage","@id":"https:\/\/www.fitnessbrasil.com.br\/newsfitbr\/profissional-de-educacao-fisica-somos-de-fato-tambem-profissionais-da-saude\/","url":"https:\/\/www.fitnessbrasil.com.br\/newsfitbr\/profissional-de-educacao-fisica-somos-de-fato-tambem-profissionais-da-saude\/","name":"Profissional de Educa\u00e7\u00e3o F\u00edsica: somos de fato tamb\u00e9m profissionais da sa\u00fade? - Fitness Brasil","isPartOf":{"@id":"https:\/\/www.fitnessbrasil.com.br\/#website"},"primaryImageOfPage":{"@id":"https:\/\/www.fitnessbrasil.com.br\/newsfitbr\/profissional-de-educacao-fisica-somos-de-fato-tambem-profissionais-da-saude\/#primaryimage"},"image":{"@id":"https:\/\/www.fitnessbrasil.com.br\/newsfitbr\/profissional-de-educacao-fisica-somos-de-fato-tambem-profissionais-da-saude\/#primaryimage"},"thumbnailUrl":"https:\/\/www.fitnessbrasil.com.br\/wp-content\/uploads\/2022\/04\/Prof-Luis-Oliveira_AdobeStock_-2.jpeg","datePublished":"2022-04-14T21:16:52+00:00","dateModified":"2025-05-28T22:46:34+00:00","breadcrumb":{"@id":"https:\/\/www.fitnessbrasil.com.br\/newsfitbr\/profissional-de-educacao-fisica-somos-de-fato-tambem-profissionais-da-saude\/#breadcrumb"},"inLanguage":"es","potentialAction":[{"@type":"ReadAction","target":["https:\/\/www.fitnessbrasil.com.br\/newsfitbr\/profissional-de-educacao-fisica-somos-de-fato-tambem-profissionais-da-saude\/"]}]},{"@type":"ImageObject","inLanguage":"es","@id":"https:\/\/www.fitnessbrasil.com.br\/newsfitbr\/profissional-de-educacao-fisica-somos-de-fato-tambem-profissionais-da-saude\/#primaryimage","url":"https:\/\/www.fitnessbrasil.com.br\/wp-content\/uploads\/2022\/04\/Prof-Luis-Oliveira_AdobeStock_-2.jpeg","contentUrl":"https:\/\/www.fitnessbrasil.com.br\/wp-content\/uploads\/2022\/04\/Prof-Luis-Oliveira_AdobeStock_-2.jpeg","width":627,"height":418},{"@type":"BreadcrumbList","@id":"https:\/\/www.fitnessbrasil.com.br\/newsfitbr\/profissional-de-educacao-fisica-somos-de-fato-tambem-profissionais-da-saude\/#breadcrumb","itemListElement":[{"@type":"ListItem","position":1,"name":"In\u00edcio","item":"https:\/\/www.fitnessbrasil.com.br\/"},{"@type":"ListItem","position":2,"name":"Profissional de Educa\u00e7\u00e3o F\u00edsica: somos de fato tamb\u00e9m profissionais da sa\u00fade?"}]},{"@type":"WebSite","@id":"https:\/\/www.fitnessbrasil.com.br\/#website","url":"https:\/\/www.fitnessbrasil.com.br\/","name":"Fitness Brasil","description":"","publisher":{"@id":"https:\/\/www.fitnessbrasil.com.br\/#organization"},"potentialAction":[{"@type":"SearchAction","target":{"@type":"EntryPoint","urlTemplate":"https:\/\/www.fitnessbrasil.com.br\/?s={search_term_string}"},"query-input":{"@type":"PropertyValueSpecification","valueRequired":true,"valueName":"search_term_string"}}],"inLanguage":"es"},{"@type":"Organization","@id":"https:\/\/www.fitnessbrasil.com.br\/#organization","name":"Fitness Brasil","url":"https:\/\/www.fitnessbrasil.com.br\/","logo":{"@type":"ImageObject","inLanguage":"es","@id":"https:\/\/www.fitnessbrasil.com.br\/#\/schema\/logo\/image\/","url":"https:\/\/www.fitnessbrasil.com.br\/wp-content\/uploads\/2022\/01\/Logo-Fitness-Brasil_preto-e-cor.png","contentUrl":"https:\/\/www.fitnessbrasil.com.br\/wp-content\/uploads\/2022\/01\/Logo-Fitness-Brasil_preto-e-cor.png","width":593,"height":316,"caption":"Fitness Brasil"},"image":{"@id":"https:\/\/www.fitnessbrasil.com.br\/#\/schema\/logo\/image\/"}},{"@type":"Person","@id":"https:\/\/www.fitnessbrasil.com.br\/#\/schema\/person\/02b9218f9d0bb9d84f0e0c6a23628011","name":"Luis Carlos de Oliveira","image":{"@type":"ImageObject","inLanguage":"es","@id":"https:\/\/secure.gravatar.com\/avatar\/302dda69a7d8a64cb7e23dc73d170c135e453e46681ce80fec6b78f74ae04e17?s=96&r=g&d=https:\/\/www.fitnessbrasil.com.br\/wp-content\/plugins\/userswp\/assets\/images\/no_profile.png","url":"https:\/\/secure.gravatar.com\/avatar\/302dda69a7d8a64cb7e23dc73d170c135e453e46681ce80fec6b78f74ae04e17?s=96&r=g&d=https:\/\/www.fitnessbrasil.com.br\/wp-content\/plugins\/userswp\/assets\/images\/no_profile.png","contentUrl":"https:\/\/secure.gravatar.com\/avatar\/302dda69a7d8a64cb7e23dc73d170c135e453e46681ce80fec6b78f74ae04e17?s=96&r=g&d=https:\/\/www.fitnessbrasil.com.br\/wp-content\/plugins\/userswp\/assets\/images\/no_profile.png","caption":"Luis Carlos de Oliveira"},"sameAs":["http:\/\/luis@fitnessbrasil.com.br"],"url":"https:\/\/www.fitnessbrasil.com.br\/es\/profile\/luis-amoroso\/"}]}},"_links":{"self":[{"href":"https:\/\/www.fitnessbrasil.com.br\/es\/wp-json\/wp\/v2\/posts\/6600","targetHints":{"allow":["GET"]}}],"collection":[{"href":"https:\/\/www.fitnessbrasil.com.br\/es\/wp-json\/wp\/v2\/posts"}],"about":[{"href":"https:\/\/www.fitnessbrasil.com.br\/es\/wp-json\/wp\/v2\/types\/post"}],"author":[{"embeddable":true,"href":"https:\/\/www.fitnessbrasil.com.br\/es\/wp-json\/wp\/v2\/users\/130"}],"replies":[{"embeddable":true,"href":"https:\/\/www.fitnessbrasil.com.br\/es\/wp-json\/wp\/v2\/comments?post=6600"}],"version-history":[{"count":0,"href":"https:\/\/www.fitnessbrasil.com.br\/es\/wp-json\/wp\/v2\/posts\/6600\/revisions"}],"wp:featuredmedia":[{"embeddable":true,"href":"https:\/\/www.fitnessbrasil.com.br\/es\/wp-json\/wp\/v2\/media\/6602"}],"wp:attachment":[{"href":"https:\/\/www.fitnessbrasil.com.br\/es\/wp-json\/wp\/v2\/media?parent=6600"}],"wp:term":[{"taxonomy":"category","embeddable":true,"href":"https:\/\/www.fitnessbrasil.com.br\/es\/wp-json\/wp\/v2\/categories?post=6600"},{"taxonomy":"post_tag","embeddable":true,"href":"https:\/\/www.fitnessbrasil.com.br\/es\/wp-json\/wp\/v2\/tags?post=6600"},{"taxonomy":"post_folder","embeddable":true,"href":"https:\/\/www.fitnessbrasil.com.br\/es\/wp-json\/wp\/v2\/post_folder?post=6600"}],"curies":[{"name":"wp","href":"https:\/\/api.w.org\/{rel}","templated":true}]}}