{"id":71374,"date":"2023-09-13T15:24:23","date_gmt":"2023-09-13T18:24:23","guid":{"rendered":"https:\/\/www.fitnessbrasil.com.br\/?p=71374"},"modified":"2025-05-28T19:34:34","modified_gmt":"2025-05-28T22:34:34","slug":"desafie-seu-pensamento-como-criar-uma-cultura-de-aprendizado-no-trabalho-e-na-vida","status":"publish","type":"post","link":"https:\/\/www.fitnessbrasil.com.br\/es\/newsfitbr\/desafie-seu-pensamento-como-criar-uma-cultura-de-aprendizado-no-trabalho-e-na-vida\/","title":{"rendered":"Desafie seu pensamento: como criar uma cultura de aprendizado no trabalho e na vida?"},"content":{"rendered":"<p>Por Fl\u00e1via Brunoro, colunista Fitness Brasil<\/p>\n\n\n\n<!--more-->\n\n\n\n<p><em>\u201cO progresso sem mudan\u00e7a \u00e9 imposs\u00edvel, e quem n\u00e3o consegue mudar a pr\u00f3pria mente n\u00e3o consegue mudar nada\u201d, George Bernard Shaw<\/em><\/p>\n\n\n\n<p>Como o aprendizado \u00e9 incentivado no dia a dia do trabalho na sua empresa? <strong>Aprendizagem \u00e9 conhecimento com a\u00e7\u00e3o, mas tem um fator adicional a este conceito que \u00e9 o de reconhecer que n\u00e3o se sabe tudo e que \u00e9 necess\u00e1rio, continuamente, duvidar de suas opini\u00f5es, adotar uma mente curiosa<\/strong>, buscar evid\u00eancias aos seus pensamentos e encontrar possibilidades alternativas. Esta \u00e9 a chave para uma cultura do aprendizado e para uma vida voltada para o crescimento pessoal.<\/p>\n\n\n\n<p>O grande vil\u00e3o desta hist\u00f3ria \u00e9 o pr\u00f3prio QI<strong>. Por mais inteligente que uma pessoa seja, se n\u00e3o estiver disposta a aprender, a mudar de ideia, muitas oportunidades podem passar pela vida.<\/strong> No livro \u201cPense de novo\u201d, Adam Grant cita que v\u00e1rios experimentos sugerem que \u201cquanto mais inteligente voc\u00ea for, mais dificuldade pode ter em atualizar suas cren\u00e7as\u201d.<\/p>\n\n\n\n<p><strong>N\u00e3o \u00e9 em todas as \u00e1reas da vida que resistimos a pensar aberto.<\/strong> Ainda segundo Adam Grant, psic\u00f3logo que atua em organiza\u00e7\u00f5es como Google, Pixar, Funda\u00e7\u00e3o Gates para ajud\u00e1-los a reexaminar seu modo de construir equipes criativas e moldar culturas colaborativas, \u201cquando se trata de posses, adoramos nos atualizar. Modernizamos nossas roupas, reformamos nossa cozinha, mas no que se refere a opini\u00f5es, n\u00e3o arredamos o p\u00e9. Rimos de pessoas que ainda usam o Windows 95, mas continuamos apegados a julgamentos que formamos em 1995. <strong>Escutamos opini\u00f5es que nos satisfazem, mas n\u00e3o ideias que nos levem a reflex\u00f5es intensas<\/strong>\u201d.<\/p>\n\n\n\n<p>Este fato est\u00e1 intimamente relacionado ao que a psicologia fala de vieses cognitivos. Um deles \u00e9 o <strong>vi\u00e9s da confirma\u00e7\u00e3o: a pessoa v\u00ea o que espera ver. <\/strong>E o outro \u00e9o <strong>vi\u00e9s da desejabilidade: a pessoa v\u00ea o que quer ver.<\/strong><\/p>\n\n\n\n<figure class=\"wp-block-image aligncenter size-large is-resized\"><img decoding=\"async\" data-src=\"https:\/\/www.fitnessbrasil.com.br\/wp-content\/uploads\/2023\/09\/Flavia-Brunoro-AdobeStock_288709588-1400x788.jpg\" alt=\"\" class=\"wp-image-71376 lazyload\" style=\"--smush-placeholder-width: 840px; --smush-placeholder-aspect-ratio: 840\/473;width:840px;height:473px\" width=\"840\" height=\"473\" data-srcset=\"https:\/\/www.fitnessbrasil.com.br\/wp-content\/uploads\/2023\/09\/Flavia-Brunoro-AdobeStock_288709588-1400x788.jpg 1400w, https:\/\/www.fitnessbrasil.com.br\/wp-content\/uploads\/2023\/09\/Flavia-Brunoro-AdobeStock_288709588-711x400.jpg 711w, https:\/\/www.fitnessbrasil.com.br\/wp-content\/uploads\/2023\/09\/Flavia-Brunoro-AdobeStock_288709588-768x432.jpg 768w, https:\/\/www.fitnessbrasil.com.br\/wp-content\/uploads\/2023\/09\/Flavia-Brunoro-AdobeStock_288709588-1536x864.jpg 1536w, https:\/\/www.fitnessbrasil.com.br\/wp-content\/uploads\/2023\/09\/Flavia-Brunoro-AdobeStock_288709588-2048x1152.jpg 2048w, https:\/\/www.fitnessbrasil.com.br\/wp-content\/uploads\/2023\/09\/Flavia-Brunoro-AdobeStock_288709588-18x10.jpg 18w, https:\/\/www.fitnessbrasil.com.br\/wp-content\/uploads\/2023\/09\/Flavia-Brunoro-AdobeStock_288709588-510x287.jpg 510w\" data-sizes=\"(max-width: 840px) 100vw, 840px\" src=\"data:image\/svg+xml;base64,PHN2ZyB3aWR0aD0iMSIgaGVpZ2h0PSIxIiB4bWxucz0iaHR0cDovL3d3dy53My5vcmcvMjAwMC9zdmciPjwvc3ZnPg==\" \/><\/figure>\n\n\n\n<p>Segundo Dolores Albarracin, PhD, que liderou um estudo com a pesquisadora da Universidade da Fl\u00f3rida, William Hart, PhD, onde perguntavam aos participantes sobre seus pontos de vista sobre um determinado t\u00f3pico e, em seguida, permitiam que eles escolhessem se desejavam ver ou ler informa\u00e7\u00f5es que apoiassem seu pr\u00f3prio ponto de vista ou um ponto de vista oposto. \u201cOs pesquisadores descobriram que <strong>as pessoas t\u00eam cerca de duas vezes mais chances de selecionar informa\u00e7\u00f5es que apoiem seu pr\u00f3prio ponto de vista (67%) do que considerar uma ideia oposta (33%)<\/strong>.<\/p>\n\n\n\n<p>Em nosso segmento, no dia a dia do trabalho, diante das diferentes solicita\u00e7\u00f5es dos clientes, <strong>temos o tempo todo uma nova oportunidade de mudar e pensar de novo. Mas ser\u00e1 que isto acontece?<\/strong> Ou continuamos a responder da mesma forma, a apresentar os mesmos caminhos? Como avaliamos o fato de mudar de opini\u00e3o? Estar diante de pessoas que pensam diferente de n\u00f3s pode ser um grande caminho para atualizarmos nossos conhecimentos, cren\u00e7as e vis\u00e3o de mundo.<\/p>\n\n\n\n<p><strong>Este texto \u00e9 um convite para que voc\u00ea reavalie opini\u00f5es que n\u00e3o o ajudam mais, mas que acaba repetindo automaticamente, e, que busque ter mais flexibilidade mental do que consist\u00eancia. &nbsp;<\/strong><\/p>\n\n\n\n<p>Que tal repensar sua maneira de trabalhar, de liderar e de viver?<\/p>\n\n\n\n<p class=\"has-small-font-size\"><em>Artigo:&nbsp;\u201cSentir-se validado versus estar correto: uma meta-an\u00e1lise da exposi\u00e7\u00e3o seletiva \u00e0 informa\u00e7\u00e3o\u201d, Dolores Albarrac\u00edn, PhD, Universidade de Illinois em Urbana-Champaign;&nbsp;William Hurt, PhD, Inge Brechan, PhD, e Lisa Merrill, PhD, Universidade da Fl\u00f3rida;&nbsp;Alice H. Eagly, PhD, Northwestern University, Matthew J. Lindberg, PhD, Ohio University;&nbsp;Boletim Psicol\u00f3gico&nbsp;, vol.&nbsp;135, n\u00ba 4.&nbsp;<\/em><\/p>\n\n\n\n<p class=\"has-small-font-size\"><em>Livro: Pense de Novo \u2013 Adam Grant. 1.ed. Rio de Janeiro: Sextante, 2021.<\/em><\/p>\n\n\n\n<div class=\"wp-block-media-text alignwide is-stacked-on-mobile\" style=\"grid-template-columns:16% auto\"><figure class=\"wp-block-media-text__media\"><img decoding=\"async\" data-src=\"https:\/\/www.fitnessbrasil.com.br\/wp-content\/uploads\/2022\/09\/Flavia-Brunoro-perfil-scaled-e1663164163416-644x800.jpg\" alt=\"\" class=\"wp-image-26816 size-full lazyload\" src=\"data:image\/svg+xml;base64,PHN2ZyB3aWR0aD0iMSIgaGVpZ2h0PSIxIiB4bWxucz0iaHR0cDovL3d3dy53My5vcmcvMjAwMC9zdmciPjwvc3ZnPg==\" style=\"--smush-placeholder-width: 644px; --smush-placeholder-aspect-ratio: 644\/800;\" \/><\/figure><div class=\"wp-block-media-text__content\">\n<p class=\"has-small-font-size\"><em><strong>Fl\u00e1via Brunoro<\/strong> \u00e9 psic\u00f3loga e Administradora de Empresas. Diretora de Pessoas e Opera\u00e7\u00f5es da Rede Competition. Especialista e apaixonada pelo desenvolvimento de pessoas<\/em><\/p>\n<\/div><\/div>","protected":false},"excerpt":{"rendered":"<p>Por Fl\u00e1via Brunoro, colunista Fitness Brasil<\/p>","protected":false},"author":1444,"featured_media":71378,"comment_status":"open","ping_status":"closed","sticky":false,"template":"","format":"standard","meta":{"_acf_changed":true,"footnotes":""},"categories":[74,217],"tags":[],"post_folder":[],"class_list":["post-71374","post","type-post","status-publish","format-standard","has-post-thumbnail","hentry","category-colunistas","category-flavia-brunoro"],"acf":[],"yoast_head":"<!-- This site is optimized with the Yoast SEO plugin v27.4 - https:\/\/yoast.com\/product\/yoast-seo-wordpress\/ -->\n<title>Desafie seu pensamento: como criar uma cultura de aprendizado no trabalho e na vida? - Fitness Brasil<\/title>\n<meta name=\"robots\" content=\"index, follow, max-snippet:-1, max-image-preview:large, max-video-preview:-1\" \/>\n<link rel=\"canonical\" href=\"https:\/\/www.fitnessbrasil.com.br\/es\/newsfitbr\/desafie-seu-pensamento-como-criar-uma-cultura-de-aprendizado-no-trabalho-e-na-vida\/\" \/>\n<meta property=\"og:locale\" content=\"es_ES\" \/>\n<meta property=\"og:type\" content=\"article\" \/>\n<meta property=\"og:title\" content=\"Desafie seu pensamento: como criar uma cultura de aprendizado no trabalho e na vida? - Fitness Brasil\" \/>\n<meta property=\"og:description\" content=\"Por Fl\u00e1via Brunoro, colunista Fitness Brasil\" \/>\n<meta property=\"og:url\" content=\"https:\/\/www.fitnessbrasil.com.br\/es\/newsfitbr\/desafie-seu-pensamento-como-criar-uma-cultura-de-aprendizado-no-trabalho-e-na-vida\/\" \/>\n<meta property=\"og:site_name\" content=\"Fitness Brasil\" \/>\n<meta property=\"article:published_time\" content=\"2023-09-13T18:24:23+00:00\" \/>\n<meta property=\"article:modified_time\" content=\"2025-05-28T22:34:34+00:00\" \/>\n<meta property=\"og:image\" content=\"https:\/\/www.fitnessbrasil.com.br\/wp-content\/uploads\/2023\/09\/Flavia-Brunoro-AdobeStock_509763557-scaled.jpg\" \/>\n\t<meta property=\"og:image:width\" content=\"2560\" \/>\n\t<meta property=\"og:image:height\" content=\"1707\" \/>\n\t<meta property=\"og:image:type\" content=\"image\/jpeg\" \/>\n<meta name=\"author\" content=\"Flavia Brunoro\" \/>\n<meta name=\"twitter:card\" content=\"summary_large_image\" \/>\n<meta name=\"twitter:label1\" content=\"Escrito por\" \/>\n\t<meta name=\"twitter:data1\" content=\"Flavia Brunoro\" \/>\n\t<meta name=\"twitter:label2\" content=\"Tiempo de lectura\" \/>\n\t<meta name=\"twitter:data2\" content=\"4 minutos\" \/>\n<script type=\"application\/ld+json\" class=\"yoast-schema-graph\">{\"@context\":\"https:\\\/\\\/schema.org\",\"@graph\":[{\"@type\":\"Article\",\"@id\":\"https:\\\/\\\/www.fitnessbrasil.com.br\\\/newsfitbr\\\/desafie-seu-pensamento-como-criar-uma-cultura-de-aprendizado-no-trabalho-e-na-vida\\\/#article\",\"isPartOf\":{\"@id\":\"https:\\\/\\\/www.fitnessbrasil.com.br\\\/newsfitbr\\\/desafie-seu-pensamento-como-criar-uma-cultura-de-aprendizado-no-trabalho-e-na-vida\\\/\"},\"author\":{\"name\":\"Flavia Brunoro\",\"@id\":\"https:\\\/\\\/www.fitnessbrasil.com.br\\\/#\\\/schema\\\/person\\\/55289c33ca979dd82372827ec06fe123\"},\"headline\":\"Desafie seu pensamento: como criar uma cultura de aprendizado no trabalho e na vida?\",\"datePublished\":\"2023-09-13T18:24:23+00:00\",\"dateModified\":\"2025-05-28T22:34:34+00:00\",\"mainEntityOfPage\":{\"@id\":\"https:\\\/\\\/www.fitnessbrasil.com.br\\\/newsfitbr\\\/desafie-seu-pensamento-como-criar-uma-cultura-de-aprendizado-no-trabalho-e-na-vida\\\/\"},\"wordCount\":651,\"commentCount\":1,\"publisher\":{\"@id\":\"https:\\\/\\\/www.fitnessbrasil.com.br\\\/#organization\"},\"image\":{\"@id\":\"https:\\\/\\\/www.fitnessbrasil.com.br\\\/newsfitbr\\\/desafie-seu-pensamento-como-criar-uma-cultura-de-aprendizado-no-trabalho-e-na-vida\\\/#primaryimage\"},\"thumbnailUrl\":\"https:\\\/\\\/www.fitnessbrasil.com.br\\\/wp-content\\\/uploads\\\/2023\\\/09\\\/Flavia-Brunoro-AdobeStock_509763557-scaled.jpg\",\"articleSection\":[\"Colunistas\",\"FLAVIA BRUNORO\"],\"inLanguage\":\"es\",\"potentialAction\":[{\"@type\":\"CommentAction\",\"name\":\"Comment\",\"target\":[\"https:\\\/\\\/www.fitnessbrasil.com.br\\\/newsfitbr\\\/desafie-seu-pensamento-como-criar-uma-cultura-de-aprendizado-no-trabalho-e-na-vida\\\/#respond\"]}]},{\"@type\":\"WebPage\",\"@id\":\"https:\\\/\\\/www.fitnessbrasil.com.br\\\/newsfitbr\\\/desafie-seu-pensamento-como-criar-uma-cultura-de-aprendizado-no-trabalho-e-na-vida\\\/\",\"url\":\"https:\\\/\\\/www.fitnessbrasil.com.br\\\/newsfitbr\\\/desafie-seu-pensamento-como-criar-uma-cultura-de-aprendizado-no-trabalho-e-na-vida\\\/\",\"name\":\"Desafie seu pensamento: como criar uma cultura de aprendizado no trabalho e na vida? - Fitness Brasil\",\"isPartOf\":{\"@id\":\"https:\\\/\\\/www.fitnessbrasil.com.br\\\/#website\"},\"primaryImageOfPage\":{\"@id\":\"https:\\\/\\\/www.fitnessbrasil.com.br\\\/newsfitbr\\\/desafie-seu-pensamento-como-criar-uma-cultura-de-aprendizado-no-trabalho-e-na-vida\\\/#primaryimage\"},\"image\":{\"@id\":\"https:\\\/\\\/www.fitnessbrasil.com.br\\\/newsfitbr\\\/desafie-seu-pensamento-como-criar-uma-cultura-de-aprendizado-no-trabalho-e-na-vida\\\/#primaryimage\"},\"thumbnailUrl\":\"https:\\\/\\\/www.fitnessbrasil.com.br\\\/wp-content\\\/uploads\\\/2023\\\/09\\\/Flavia-Brunoro-AdobeStock_509763557-scaled.jpg\",\"datePublished\":\"2023-09-13T18:24:23+00:00\",\"dateModified\":\"2025-05-28T22:34:34+00:00\",\"breadcrumb\":{\"@id\":\"https:\\\/\\\/www.fitnessbrasil.com.br\\\/newsfitbr\\\/desafie-seu-pensamento-como-criar-uma-cultura-de-aprendizado-no-trabalho-e-na-vida\\\/#breadcrumb\"},\"inLanguage\":\"es\",\"potentialAction\":[{\"@type\":\"ReadAction\",\"target\":[\"https:\\\/\\\/www.fitnessbrasil.com.br\\\/newsfitbr\\\/desafie-seu-pensamento-como-criar-uma-cultura-de-aprendizado-no-trabalho-e-na-vida\\\/\"]}]},{\"@type\":\"ImageObject\",\"inLanguage\":\"es\",\"@id\":\"https:\\\/\\\/www.fitnessbrasil.com.br\\\/newsfitbr\\\/desafie-seu-pensamento-como-criar-uma-cultura-de-aprendizado-no-trabalho-e-na-vida\\\/#primaryimage\",\"url\":\"https:\\\/\\\/www.fitnessbrasil.com.br\\\/wp-content\\\/uploads\\\/2023\\\/09\\\/Flavia-Brunoro-AdobeStock_509763557-scaled.jpg\",\"contentUrl\":\"https:\\\/\\\/www.fitnessbrasil.com.br\\\/wp-content\\\/uploads\\\/2023\\\/09\\\/Flavia-Brunoro-AdobeStock_509763557-scaled.jpg\",\"width\":2560,\"height\":1707},{\"@type\":\"BreadcrumbList\",\"@id\":\"https:\\\/\\\/www.fitnessbrasil.com.br\\\/newsfitbr\\\/desafie-seu-pensamento-como-criar-uma-cultura-de-aprendizado-no-trabalho-e-na-vida\\\/#breadcrumb\",\"itemListElement\":[{\"@type\":\"ListItem\",\"position\":1,\"name\":\"In\u00edcio\",\"item\":\"https:\\\/\\\/www.fitnessbrasil.com.br\\\/\"},{\"@type\":\"ListItem\",\"position\":2,\"name\":\"Desafie seu pensamento: como criar uma cultura de aprendizado no trabalho e na vida?\"}]},{\"@type\":\"WebSite\",\"@id\":\"https:\\\/\\\/www.fitnessbrasil.com.br\\\/#website\",\"url\":\"https:\\\/\\\/www.fitnessbrasil.com.br\\\/\",\"name\":\"Fitness Brasil\",\"description\":\"\",\"publisher\":{\"@id\":\"https:\\\/\\\/www.fitnessbrasil.com.br\\\/#organization\"},\"potentialAction\":[{\"@type\":\"SearchAction\",\"target\":{\"@type\":\"EntryPoint\",\"urlTemplate\":\"https:\\\/\\\/www.fitnessbrasil.com.br\\\/?s={search_term_string}\"},\"query-input\":{\"@type\":\"PropertyValueSpecification\",\"valueRequired\":true,\"valueName\":\"search_term_string\"}}],\"inLanguage\":\"es\"},{\"@type\":\"Organization\",\"@id\":\"https:\\\/\\\/www.fitnessbrasil.com.br\\\/#organization\",\"name\":\"Fitness Brasil\",\"url\":\"https:\\\/\\\/www.fitnessbrasil.com.br\\\/\",\"logo\":{\"@type\":\"ImageObject\",\"inLanguage\":\"es\",\"@id\":\"https:\\\/\\\/www.fitnessbrasil.com.br\\\/#\\\/schema\\\/logo\\\/image\\\/\",\"url\":\"https:\\\/\\\/www.fitnessbrasil.com.br\\\/wp-content\\\/uploads\\\/2022\\\/01\\\/Logo-Fitness-Brasil_preto-e-cor.png\",\"contentUrl\":\"https:\\\/\\\/www.fitnessbrasil.com.br\\\/wp-content\\\/uploads\\\/2022\\\/01\\\/Logo-Fitness-Brasil_preto-e-cor.png\",\"width\":593,\"height\":316,\"caption\":\"Fitness Brasil\"},\"image\":{\"@id\":\"https:\\\/\\\/www.fitnessbrasil.com.br\\\/#\\\/schema\\\/logo\\\/image\\\/\"}},{\"@type\":\"Person\",\"@id\":\"https:\\\/\\\/www.fitnessbrasil.com.br\\\/#\\\/schema\\\/person\\\/55289c33ca979dd82372827ec06fe123\",\"name\":\"Flavia Brunoro\",\"image\":{\"@type\":\"ImageObject\",\"inLanguage\":\"es\",\"@id\":\"https:\\\/\\\/secure.gravatar.com\\\/avatar\\\/0e9c7e1e067f1666fe4d81e9079393423365338621ee3b7060ea43a61fa4b029?s=96&r=g&d=https:\\\/\\\/www.fitnessbrasil.com.br\\\/wp-content\\\/plugins\\\/userswp\\\/assets\\\/images\\\/no_profile.png\",\"url\":\"https:\\\/\\\/secure.gravatar.com\\\/avatar\\\/0e9c7e1e067f1666fe4d81e9079393423365338621ee3b7060ea43a61fa4b029?s=96&r=g&d=https:\\\/\\\/www.fitnessbrasil.com.br\\\/wp-content\\\/plugins\\\/userswp\\\/assets\\\/images\\\/no_profile.png\",\"contentUrl\":\"https:\\\/\\\/secure.gravatar.com\\\/avatar\\\/0e9c7e1e067f1666fe4d81e9079393423365338621ee3b7060ea43a61fa4b029?s=96&r=g&d=https:\\\/\\\/www.fitnessbrasil.com.br\\\/wp-content\\\/plugins\\\/userswp\\\/assets\\\/images\\\/no_profile.png\",\"caption\":\"Flavia Brunoro\"},\"url\":\"https:\\\/\\\/www.fitnessbrasil.com.br\\\/es\\\/profile\\\/flaviabrunorofitnessbrasil-com-br\\\/\"}]}<\/script>\n<!-- \/ Yoast SEO plugin. -->","yoast_head_json":{"title":"Desafie seu pensamento: como criar uma cultura de aprendizado no trabalho e na vida? - Fitness Brasil","robots":{"index":"index","follow":"follow","max-snippet":"max-snippet:-1","max-image-preview":"max-image-preview:large","max-video-preview":"max-video-preview:-1"},"canonical":"https:\/\/www.fitnessbrasil.com.br\/es\/newsfitbr\/desafie-seu-pensamento-como-criar-uma-cultura-de-aprendizado-no-trabalho-e-na-vida\/","og_locale":"es_ES","og_type":"article","og_title":"Desafie seu pensamento: como criar uma cultura de aprendizado no trabalho e na vida? - Fitness Brasil","og_description":"Por Fl\u00e1via Brunoro, colunista Fitness Brasil","og_url":"https:\/\/www.fitnessbrasil.com.br\/es\/newsfitbr\/desafie-seu-pensamento-como-criar-uma-cultura-de-aprendizado-no-trabalho-e-na-vida\/","og_site_name":"Fitness Brasil","article_published_time":"2023-09-13T18:24:23+00:00","article_modified_time":"2025-05-28T22:34:34+00:00","og_image":[{"width":2560,"height":1707,"url":"https:\/\/www.fitnessbrasil.com.br\/wp-content\/uploads\/2023\/09\/Flavia-Brunoro-AdobeStock_509763557-scaled.jpg","type":"image\/jpeg"}],"author":"Flavia Brunoro","twitter_card":"summary_large_image","twitter_misc":{"Escrito por":"Flavia Brunoro","Tiempo de lectura":"4 minutos"},"schema":{"@context":"https:\/\/schema.org","@graph":[{"@type":"Article","@id":"https:\/\/www.fitnessbrasil.com.br\/newsfitbr\/desafie-seu-pensamento-como-criar-uma-cultura-de-aprendizado-no-trabalho-e-na-vida\/#article","isPartOf":{"@id":"https:\/\/www.fitnessbrasil.com.br\/newsfitbr\/desafie-seu-pensamento-como-criar-uma-cultura-de-aprendizado-no-trabalho-e-na-vida\/"},"author":{"name":"Flavia Brunoro","@id":"https:\/\/www.fitnessbrasil.com.br\/#\/schema\/person\/55289c33ca979dd82372827ec06fe123"},"headline":"Desafie seu pensamento: como criar uma cultura de aprendizado no trabalho e na vida?","datePublished":"2023-09-13T18:24:23+00:00","dateModified":"2025-05-28T22:34:34+00:00","mainEntityOfPage":{"@id":"https:\/\/www.fitnessbrasil.com.br\/newsfitbr\/desafie-seu-pensamento-como-criar-uma-cultura-de-aprendizado-no-trabalho-e-na-vida\/"},"wordCount":651,"commentCount":1,"publisher":{"@id":"https:\/\/www.fitnessbrasil.com.br\/#organization"},"image":{"@id":"https:\/\/www.fitnessbrasil.com.br\/newsfitbr\/desafie-seu-pensamento-como-criar-uma-cultura-de-aprendizado-no-trabalho-e-na-vida\/#primaryimage"},"thumbnailUrl":"https:\/\/www.fitnessbrasil.com.br\/wp-content\/uploads\/2023\/09\/Flavia-Brunoro-AdobeStock_509763557-scaled.jpg","articleSection":["Colunistas","FLAVIA BRUNORO"],"inLanguage":"es","potentialAction":[{"@type":"CommentAction","name":"Comment","target":["https:\/\/www.fitnessbrasil.com.br\/newsfitbr\/desafie-seu-pensamento-como-criar-uma-cultura-de-aprendizado-no-trabalho-e-na-vida\/#respond"]}]},{"@type":"WebPage","@id":"https:\/\/www.fitnessbrasil.com.br\/newsfitbr\/desafie-seu-pensamento-como-criar-uma-cultura-de-aprendizado-no-trabalho-e-na-vida\/","url":"https:\/\/www.fitnessbrasil.com.br\/newsfitbr\/desafie-seu-pensamento-como-criar-uma-cultura-de-aprendizado-no-trabalho-e-na-vida\/","name":"Desafie seu pensamento: como criar uma cultura de aprendizado no trabalho e na vida? - Fitness Brasil","isPartOf":{"@id":"https:\/\/www.fitnessbrasil.com.br\/#website"},"primaryImageOfPage":{"@id":"https:\/\/www.fitnessbrasil.com.br\/newsfitbr\/desafie-seu-pensamento-como-criar-uma-cultura-de-aprendizado-no-trabalho-e-na-vida\/#primaryimage"},"image":{"@id":"https:\/\/www.fitnessbrasil.com.br\/newsfitbr\/desafie-seu-pensamento-como-criar-uma-cultura-de-aprendizado-no-trabalho-e-na-vida\/#primaryimage"},"thumbnailUrl":"https:\/\/www.fitnessbrasil.com.br\/wp-content\/uploads\/2023\/09\/Flavia-Brunoro-AdobeStock_509763557-scaled.jpg","datePublished":"2023-09-13T18:24:23+00:00","dateModified":"2025-05-28T22:34:34+00:00","breadcrumb":{"@id":"https:\/\/www.fitnessbrasil.com.br\/newsfitbr\/desafie-seu-pensamento-como-criar-uma-cultura-de-aprendizado-no-trabalho-e-na-vida\/#breadcrumb"},"inLanguage":"es","potentialAction":[{"@type":"ReadAction","target":["https:\/\/www.fitnessbrasil.com.br\/newsfitbr\/desafie-seu-pensamento-como-criar-uma-cultura-de-aprendizado-no-trabalho-e-na-vida\/"]}]},{"@type":"ImageObject","inLanguage":"es","@id":"https:\/\/www.fitnessbrasil.com.br\/newsfitbr\/desafie-seu-pensamento-como-criar-uma-cultura-de-aprendizado-no-trabalho-e-na-vida\/#primaryimage","url":"https:\/\/www.fitnessbrasil.com.br\/wp-content\/uploads\/2023\/09\/Flavia-Brunoro-AdobeStock_509763557-scaled.jpg","contentUrl":"https:\/\/www.fitnessbrasil.com.br\/wp-content\/uploads\/2023\/09\/Flavia-Brunoro-AdobeStock_509763557-scaled.jpg","width":2560,"height":1707},{"@type":"BreadcrumbList","@id":"https:\/\/www.fitnessbrasil.com.br\/newsfitbr\/desafie-seu-pensamento-como-criar-uma-cultura-de-aprendizado-no-trabalho-e-na-vida\/#breadcrumb","itemListElement":[{"@type":"ListItem","position":1,"name":"In\u00edcio","item":"https:\/\/www.fitnessbrasil.com.br\/"},{"@type":"ListItem","position":2,"name":"Desafie seu pensamento: como criar uma cultura de aprendizado no trabalho e na vida?"}]},{"@type":"WebSite","@id":"https:\/\/www.fitnessbrasil.com.br\/#website","url":"https:\/\/www.fitnessbrasil.com.br\/","name":"Fitness Brasil","description":"","publisher":{"@id":"https:\/\/www.fitnessbrasil.com.br\/#organization"},"potentialAction":[{"@type":"SearchAction","target":{"@type":"EntryPoint","urlTemplate":"https:\/\/www.fitnessbrasil.com.br\/?s={search_term_string}"},"query-input":{"@type":"PropertyValueSpecification","valueRequired":true,"valueName":"search_term_string"}}],"inLanguage":"es"},{"@type":"Organization","@id":"https:\/\/www.fitnessbrasil.com.br\/#organization","name":"Fitness Brasil","url":"https:\/\/www.fitnessbrasil.com.br\/","logo":{"@type":"ImageObject","inLanguage":"es","@id":"https:\/\/www.fitnessbrasil.com.br\/#\/schema\/logo\/image\/","url":"https:\/\/www.fitnessbrasil.com.br\/wp-content\/uploads\/2022\/01\/Logo-Fitness-Brasil_preto-e-cor.png","contentUrl":"https:\/\/www.fitnessbrasil.com.br\/wp-content\/uploads\/2022\/01\/Logo-Fitness-Brasil_preto-e-cor.png","width":593,"height":316,"caption":"Fitness Brasil"},"image":{"@id":"https:\/\/www.fitnessbrasil.com.br\/#\/schema\/logo\/image\/"}},{"@type":"Person","@id":"https:\/\/www.fitnessbrasil.com.br\/#\/schema\/person\/55289c33ca979dd82372827ec06fe123","name":"Flavia Brunoro","image":{"@type":"ImageObject","inLanguage":"es","@id":"https:\/\/secure.gravatar.com\/avatar\/0e9c7e1e067f1666fe4d81e9079393423365338621ee3b7060ea43a61fa4b029?s=96&r=g&d=https:\/\/www.fitnessbrasil.com.br\/wp-content\/plugins\/userswp\/assets\/images\/no_profile.png","url":"https:\/\/secure.gravatar.com\/avatar\/0e9c7e1e067f1666fe4d81e9079393423365338621ee3b7060ea43a61fa4b029?s=96&r=g&d=https:\/\/www.fitnessbrasil.com.br\/wp-content\/plugins\/userswp\/assets\/images\/no_profile.png","contentUrl":"https:\/\/secure.gravatar.com\/avatar\/0e9c7e1e067f1666fe4d81e9079393423365338621ee3b7060ea43a61fa4b029?s=96&r=g&d=https:\/\/www.fitnessbrasil.com.br\/wp-content\/plugins\/userswp\/assets\/images\/no_profile.png","caption":"Flavia Brunoro"},"url":"https:\/\/www.fitnessbrasil.com.br\/es\/profile\/flaviabrunorofitnessbrasil-com-br\/"}]}},"_links":{"self":[{"href":"https:\/\/www.fitnessbrasil.com.br\/es\/wp-json\/wp\/v2\/posts\/71374","targetHints":{"allow":["GET"]}}],"collection":[{"href":"https:\/\/www.fitnessbrasil.com.br\/es\/wp-json\/wp\/v2\/posts"}],"about":[{"href":"https:\/\/www.fitnessbrasil.com.br\/es\/wp-json\/wp\/v2\/types\/post"}],"author":[{"embeddable":true,"href":"https:\/\/www.fitnessbrasil.com.br\/es\/wp-json\/wp\/v2\/users\/1444"}],"replies":[{"embeddable":true,"href":"https:\/\/www.fitnessbrasil.com.br\/es\/wp-json\/wp\/v2\/comments?post=71374"}],"version-history":[{"count":0,"href":"https:\/\/www.fitnessbrasil.com.br\/es\/wp-json\/wp\/v2\/posts\/71374\/revisions"}],"wp:featuredmedia":[{"embeddable":true,"href":"https:\/\/www.fitnessbrasil.com.br\/es\/wp-json\/wp\/v2\/media\/71378"}],"wp:attachment":[{"href":"https:\/\/www.fitnessbrasil.com.br\/es\/wp-json\/wp\/v2\/media?parent=71374"}],"wp:term":[{"taxonomy":"category","embeddable":true,"href":"https:\/\/www.fitnessbrasil.com.br\/es\/wp-json\/wp\/v2\/categories?post=71374"},{"taxonomy":"post_tag","embeddable":true,"href":"https:\/\/www.fitnessbrasil.com.br\/es\/wp-json\/wp\/v2\/tags?post=71374"},{"taxonomy":"post_folder","embeddable":true,"href":"https:\/\/www.fitnessbrasil.com.br\/es\/wp-json\/wp\/v2\/post_folder?post=71374"}],"curies":[{"name":"wp","href":"https:\/\/api.w.org\/{rel}","templated":true}]}}